{"id":942,"date":"2021-11-30T17:34:30","date_gmt":"2021-11-30T16:34:30","guid":{"rendered":"https:\/\/www.brenne-au-coeur.com\/?p=942"},"modified":"2022-05-15T16:27:58","modified_gmt":"2022-05-15T14:27:58","slug":"alfred-huet-communard-deporte-et-macerien-de-toujours","status":"publish","type":"post","link":"https:\/\/www.brenne-au-coeur.com\/index.php\/2021\/11\/30\/alfred-huet-communard-deporte-et-macerien-de-toujours\/communes\/mezieres-en-brenne\/942\/","title":{"rendered":"Alfred Huet&nbsp;: communard, d\u00e9port\u00e9 et mac\u00e9rien de toujours"},"content":{"rendered":"<h1 style=\"text-align: center;\">Alfred Huet<\/h1>\n<figure id=\"attachment_946\" aria-describedby=\"caption-attachment-946\" style=\"width: 434px\" class=\"wp-caption aligncenter\"><a href=\"https:\/\/www.brenne-au-coeur.com\/wp-content\/uploads\/2022\/04\/Alfred_Huet_001.jpg\" rel=\"lightbox[942]\"><img loading=\"lazy\" decoding=\"async\" class=\"wp-image-946\" src=\"https:\/\/www.brenne-au-coeur.com\/wp-content\/uploads\/2022\/04\/Alfred_Huet_001-300x287.jpg\" alt=\"\" width=\"434\" height=\"415\" srcset=\"https:\/\/www.brenne-au-coeur.com\/wp-content\/uploads\/2022\/04\/Alfred_Huet_001-300x287.jpg 300w, https:\/\/www.brenne-au-coeur.com\/wp-content\/uploads\/2022\/04\/Alfred_Huet_001-768x736.jpg 768w, https:\/\/www.brenne-au-coeur.com\/wp-content\/uploads\/2022\/04\/Alfred_Huet_001.jpg 957w\" sizes=\"auto, (max-width: 434px) 100vw, 434px\" \/><\/a><figcaption id=\"caption-attachment-946\" class=\"wp-caption-text\">Source du portrait de la page de titre\u00a0: AD 36 &#8211; 48J-2B-1322<\/figcaption><\/figure>\n<p>&nbsp;<\/p>\n<p class=\"western\" align=\"center\"><span style=\"font-size: x-large;\">NOTE DE L\u2019AUTRICE<\/span><\/p>\n<p><span style=\"font-size: large;\">La lecture de cette histoire de vie mouvement\u00e9e pourrait supposer qu\u2019elle a \u00e9t\u00e9 romanc\u00e9e. Il n\u2019en est rien. Chaque fait, chaque information, chaque pr\u00e9cision ont \u00e9t\u00e9 d\u00fbment v\u00e9rifi\u00e9s. Ils \u00e9manent soit de services d\u2019archives, soit d\u2019ouvrages d\u2019\u00e9poque et contemporains, soit de sites internet fiables, soit de documents familiaux, tous r\u00e9f\u00e9renc\u00e9s dans les sources cit\u00e9es. Nous les tenons \u00e0 disposition du lecteur sur simple demande (hormis les sources familiales soumises \u00e0 autorisation pr\u00e9alable des descendants d\u2019Alfred Huet). <\/span><\/p>\n<figure id=\"attachment_947\" aria-describedby=\"caption-attachment-947\" style=\"width: 399px\" class=\"wp-caption alignleft\"><a href=\"https:\/\/www.brenne-au-coeur.com\/wp-content\/uploads\/2022\/04\/Alfred_Huet_002.jpg\" rel=\"lightbox[942]\"><img loading=\"lazy\" decoding=\"async\" class=\"wp-image-947\" src=\"https:\/\/www.brenne-au-coeur.com\/wp-content\/uploads\/2022\/04\/Alfred_Huet_002-300x225.jpg\" alt=\"\" width=\"399\" height=\"299\" srcset=\"https:\/\/www.brenne-au-coeur.com\/wp-content\/uploads\/2022\/04\/Alfred_Huet_002-300x225.jpg 300w, https:\/\/www.brenne-au-coeur.com\/wp-content\/uploads\/2022\/04\/Alfred_Huet_002-1024x768.jpg 1024w, https:\/\/www.brenne-au-coeur.com\/wp-content\/uploads\/2022\/04\/Alfred_Huet_002-768x576.jpg 768w, https:\/\/www.brenne-au-coeur.com\/wp-content\/uploads\/2022\/04\/Alfred_Huet_002-1320x990.jpg 1320w, https:\/\/www.brenne-au-coeur.com\/wp-content\/uploads\/2022\/04\/Alfred_Huet_002.jpg 1386w\" sizes=\"auto, (max-width: 399px) 100vw, 399px\" \/><\/a><figcaption id=\"caption-attachment-947\" class=\"wp-caption-text\">Louis et Ad\u00e8le-F\u00e9licit\u00e9, mes parents &#8211; Source\u00a0: famille Huet<\/figcaption><\/figure>\n<p><span style=\"font-size: large;\"><span style=\"font-size: large;\">Quoi de plus compliqu\u00e9 qu\u2019une histoire de famille&nbsp;? Dans chacune d\u2019elles, on trouve des secrets, des non-dits, des anc\u00eatres oubli\u00e9s. Quand la vie tumultueuse de l\u2019un d\u2019entre eux a rencontr\u00e9 la Grande Histoire et s\u2019y est intimement m\u00eal\u00e9e, ses descendants qui en ont eu vent, finissent un jour par vouloir conna\u00eetre l\u2019exacte v\u00e9rit\u00e9. Pour comprendre bien s\u00fbr mais surtout pour entrecroiser une biographie, \u00e0 la base ordinaire, \u00e0 des \u00e9v\u00e8nements nationaux. C\u2019est ainsi que le nom d\u2019Alfred Huet, presque sorti d\u2019un chapeau, a d\u00e9bouch\u00e9 sur des recherches pouss\u00e9es dans de nombreux services d\u2019archives et des passionnantes lectures d\u2019ouvrages pour parvenir \u00e0 raconter le plus fid\u00e8lement possible sa vie fourmillante, aux multiples lieux mais avec un unique point d\u2019attache&nbsp;: M\u00e9zi\u00e8res-en-Brenne (36). Les sources disponibles laisseront \u00e0 jamais des zones d\u2019ombre et des interrogations. L\u2019ironie de l\u2019Histoire fait que de nombreux documents ont br\u00fbl\u00e9 pendant la Commune de Paris. N\u00e9anmoins, l\u2019optimisation de l\u2019existant accessible a n\u00e9cessit\u00e9 un rigoureux d\u00e9pouillement, relat\u00e9 ci-apr\u00e8s au plus pr\u00e8s de la v\u00e9rit\u00e9 connue.<br \/>\n<span style=\"font-size: large;\">Mon p\u00e8re Louis, originaire de M\u00e9zi\u00e8res-en-Brenne, un bourg de 1000 habitants situ\u00e9 dans l\u2019Indre, aux confins de la Touraine et du Berry y a rencontr\u00e9 ma m\u00e8re Ad\u00e8le-F\u00e9licit\u00e9 Bernard. Ils se mari\u00e8rent en 1826. De cette union, na\u00eetront cinq enfants. Je fus le troisi\u00e8me de la fratrie, devant Ad\u00e8le et Emilie et apr\u00e8s Louis-L\u00e9on et Lucie.<\/span><\/span><\/span><\/p>\n<figure id=\"attachment_948\" aria-describedby=\"caption-attachment-948\" style=\"width: 267px\" class=\"wp-caption alignleft\"><a href=\"https:\/\/www.brenne-au-coeur.com\/wp-content\/uploads\/2022\/04\/Alfred_Huet_003.jpg\" rel=\"lightbox[942]\"><img loading=\"lazy\" decoding=\"async\" class=\"wp-image-948 size-medium\" src=\"https:\/\/www.brenne-au-coeur.com\/wp-content\/uploads\/2022\/04\/Alfred_Huet_003-267x300.jpg\" alt=\"\" width=\"267\" height=\"300\" srcset=\"https:\/\/www.brenne-au-coeur.com\/wp-content\/uploads\/2022\/04\/Alfred_Huet_003-267x300.jpg 267w, https:\/\/www.brenne-au-coeur.com\/wp-content\/uploads\/2022\/04\/Alfred_Huet_003.jpg 749w\" sizes=\"auto, (max-width: 267px) 100vw, 267px\" \/><\/a><figcaption id=\"caption-attachment-948\" class=\"wp-caption-text\">Acte de naissance \u2013 Source\u00a0: AD 36 \u2013 3 E \u2013 123\/10 \u2013 page 77<\/figcaption><\/figure>\n<p><span style=\"font-size: large;\"><span style=\"font-size: large;\"><span style=\"font-size: large;\">Bien que le nom de Huet, variant du pr\u00e9nom Hugues soit d\u2019origine normande, notre famille \u00e9tait implant\u00e9e en Berry depuis plusieurs g\u00e9n\u00e9rations, dans un rayon de 30 km. En 1846, nous demeurions \u00ab\u00a0grande rue\u00a0\u00bb, l\u2019actuelle rue du Pont Malientras. Le quotidien, \u00e0 cette \u00e9poque, n\u2019\u00e9tait pas toujours ais\u00e9. Le m\u00e9tier de tisserand de mon p\u00e8re et celui de couturi\u00e8re de ma m\u00e8re leur permettaient n\u00e9anmoins de nous \u00e9lever dans des conditions correctes mais sans opulence. Par la suite, les cotonnades et autres toiles laisseront leur place \u00e0 l\u2019activit\u00e9 de ma\u00eetre de poste (facteur de ville) \u00e0 partir de 1856. Chaque jour, Louis parcourait environ 25 km \u00e0 pied pour distribuer le courrier jusque dans la ferme la plus recul\u00e9e. Mon entr\u00e9e dans le monde d\u00e9buta curieusement\u00a0: mon acte de naissance n\u2019existe pas puisque la d\u00e9claration de celle-ci semble avoir \u00e9t\u00e9 officiellement oubli\u00e9e. Cette omission est-elle due aux occupations de mon p\u00e8re&nbsp;? A Hypolite Mign\u00e9, officier de l\u2019\u00e9tat civil\u00a0qui a failli \u00e0 sa charge&nbsp;? A un autre concours de circonstances\u00a0? Nul ne le saura jamais. La reconnaissance de naissance r\u00e9dig\u00e9e le 1er d\u00e9cembre 1851 par le greffier Chr\u00e9tien, attach\u00e9 au tribunal du Blanc, atteste que je suis n\u00e9 le 21 juin 1834, jour du solstice d\u2019\u00e9t\u00e9 \u00e0 M\u00e9zi\u00e8res-en-Brenne. La n\u00e9cessit\u00e9 de prouver ma date de naissance a certainement \u00e9t\u00e9 \u00e0 l\u2019origine de la d\u00e9marche de mes parents 17 ann\u00e9es apr\u00e8s\u00a0!<\/span><\/span><\/span><\/p>\n<figure id=\"attachment_954\" aria-describedby=\"caption-attachment-954\" style=\"width: 513px\" class=\"wp-caption alignleft\"><a href=\"https:\/\/www.brenne-au-coeur.com\/wp-content\/uploads\/2021\/11\/Alfred_Huet_004_005.jpg\" rel=\"lightbox[942]\"><img loading=\"lazy\" decoding=\"async\" class=\"wp-image-954\" src=\"https:\/\/www.brenne-au-coeur.com\/wp-content\/uploads\/2021\/11\/Alfred_Huet_004_005-300x176.jpg\" alt=\"\" width=\"513\" height=\"301\" srcset=\"https:\/\/www.brenne-au-coeur.com\/wp-content\/uploads\/2021\/11\/Alfred_Huet_004_005-300x176.jpg 300w, https:\/\/www.brenne-au-coeur.com\/wp-content\/uploads\/2021\/11\/Alfred_Huet_004_005-1024x602.jpg 1024w, https:\/\/www.brenne-au-coeur.com\/wp-content\/uploads\/2021\/11\/Alfred_Huet_004_005-768x452.jpg 768w, https:\/\/www.brenne-au-coeur.com\/wp-content\/uploads\/2021\/11\/Alfred_Huet_004_005-1320x777.jpg 1320w, https:\/\/www.brenne-au-coeur.com\/wp-content\/uploads\/2021\/11\/Alfred_Huet_004_005.jpg 1484w\" sizes=\"auto, (max-width: 513px) 100vw, 513px\" \/><\/a><figcaption id=\"caption-attachment-954\" class=\"wp-caption-text\">Recrutement militaire &#8211; classe 1854 \u2013 Source\u00a0: AD 36 \u2013 R 517<\/figcaption><\/figure>\n<figure id=\"attachment_956\" aria-describedby=\"caption-attachment-956\" style=\"width: 187px\" class=\"wp-caption alignleft\"><a href=\"https:\/\/www.brenne-au-coeur.com\/wp-content\/uploads\/2021\/11\/Alfred_Huet_006.jpg\" rel=\"lightbox[942]\"><img loading=\"lazy\" decoding=\"async\" class=\"wp-image-956 size-medium\" src=\"https:\/\/www.brenne-au-coeur.com\/wp-content\/uploads\/2021\/11\/Alfred_Huet_006-187x300.jpg\" alt=\"\" width=\"187\" height=\"300\" srcset=\"https:\/\/www.brenne-au-coeur.com\/wp-content\/uploads\/2021\/11\/Alfred_Huet_006-187x300.jpg 187w, https:\/\/www.brenne-au-coeur.com\/wp-content\/uploads\/2021\/11\/Alfred_Huet_006.jpg 543w\" sizes=\"auto, (max-width: 187px) 100vw, 187px\" \/><\/a><figcaption id=\"caption-attachment-956\" class=\"wp-caption-text\">Marie Journeau \u2013 source\u00a0: famille Huet<\/figcaption><\/figure>\n<p><span style=\"font-size: large;\"><span style=\"font-size: large;\"><span style=\"font-size: large;\">Donc me voici enfin n\u00e9\u00a0! M\u00eame si le registre en mairie le mentionne en tout petit en marge de la venue au monde de Jos\u00e9phine Mousset. <\/span><br \/>\n<span style=\"font-size: large;\">De son enfance et de son adolescence, nous ne savons pas grand-chose de Louis-Alfred.<\/span><br \/>\n<span style=\"font-size: large;\">Au fil des ans, le premier pr\u00e9nom \u2013 celui de son p\u00e8re comme il \u00e9tait d\u2019usage \u00e0 l\u2019\u00e9poque \u2013 sera abandonn\u00e9 pour ne conserver que le second.<\/span><br \/>\n<span style=\"font-size: large;\">En bas \u00e2ge, il semble qu\u2019une m\u00e9chante blessure au pouce droit \u00ab\u00a0recousue avec succ\u00e8s\u00a0\u00bb soit \u00e0 l\u2019origine de l\u2019esp\u00e8ce de gant qui recouvre sa main sur l\u2019une des photos retrouv\u00e9e par ses descendants.<\/span><br \/>\n<span style=\"font-size: large;\">Ce l\u00e9ger handicap ne l\u2019emp\u00eachera pas d\u2019apprendre le m\u00e9tier de cordonnier, qu\u2019il exercera de nombreuses ann\u00e9es \u2026 et fort loin. L\u2019atelier se trouvait 3 rue du Nord, juste \u00e0 c\u00f4t\u00e9 du moulin banal.<\/span><br \/>\n<span style=\"font-size: large;\">\u00c0 17 ans, Alfred para\u00eet avoir quitt\u00e9 M\u00e9zi\u00e8res pour Paris, ce que confirme sa fiche de recensement militaire \u00e9tablie \u00e0 son vingti\u00e8me anniversaire. Il est m\u00eame d\u00e9clar\u00e9 \u00abinsoumis\u00bb le 29 avril 1855, probablement parce qu\u2019il ne s\u2019est pas pr\u00e9sent\u00e9 en personne devant les autorit\u00e9s.<\/span><br \/>\n<span style=\"font-size: large;\">Il est n\u00e9anmoins dirig\u00e9 le 30 mars 1856, sur le papier, vers le 3<sup>\u00e8me<\/sup> r\u00e9giment d\u2019artillerie \u00e0 pied dont il sera lib\u00e9r\u00e9 le 2 janvier 1862.<\/span><br \/>\n<span style=\"font-size: large;\">Entre temps, le jeune homme \u00ab\u00a0s\u2019est pr\u00e9sent\u00e9 volontairement au corps\u00a0\u00bb le 7 juin 1856.<\/span><br \/>\n<span style=\"font-size: large;\">Un extrait de casier judiciaire d\u00e9livr\u00e9 par le tribunal du Blanc indique qu\u2019Alfred a \u00e9t\u00e9 condamn\u00e9 le 2 juillet 1856, par le 2<sup>\u00e8me<\/sup> Conseil de Guerre, \u00e0 24h de prison, pour une nouvelle insoumission. A-t-il ex\u00e9cut\u00e9 sa peine\u00a0? Nul ne le sait.<\/span><br \/>\n<span style=\"font-size: large;\">L\u2019absence totale d\u2019archives ne permet malheureusement pas de conna\u00eetre le pass\u00e9 militaire du mac\u00e9rien qui semblait peu enclin \u00e0 porter l\u2019uniforme \u2026<\/span><\/span><\/span><\/p>\n<figure id=\"attachment_959\" aria-describedby=\"caption-attachment-959\" style=\"width: 176px\" class=\"wp-caption alignleft\"><a href=\"https:\/\/www.brenne-au-coeur.com\/wp-content\/uploads\/2021\/11\/Alfred_Huet_007.jpg\" rel=\"lightbox[942]\"><img loading=\"lazy\" decoding=\"async\" class=\"wp-image-959 size-medium\" src=\"https:\/\/www.brenne-au-coeur.com\/wp-content\/uploads\/2021\/11\/Alfred_Huet_007-176x300.jpg\" alt=\"\" width=\"176\" height=\"300\" srcset=\"https:\/\/www.brenne-au-coeur.com\/wp-content\/uploads\/2021\/11\/Alfred_Huet_007-176x300.jpg 176w, https:\/\/www.brenne-au-coeur.com\/wp-content\/uploads\/2021\/11\/Alfred_Huet_007-602x1024.jpg 602w, https:\/\/www.brenne-au-coeur.com\/wp-content\/uploads\/2021\/11\/Alfred_Huet_007.jpg 608w\" sizes=\"auto, (max-width: 176px) 100vw, 176px\" \/><\/a><figcaption id=\"caption-attachment-959\" class=\"wp-caption-text\">Alfred en uniforme de lieutenant Photo Renaud prise \u00e0 Clermont-Ferrand vers 1870 Source\u00a0: AD 36 &#8211; 48J-2B-1319<\/figcaption><\/figure>\n<figure id=\"attachment_960\" aria-describedby=\"caption-attachment-960\" style=\"width: 300px\" class=\"wp-caption alignright\"><a href=\"https:\/\/www.brenne-au-coeur.com\/wp-content\/uploads\/2021\/11\/Alfred_Huet_008.jpg\" rel=\"lightbox[942]\"><img loading=\"lazy\" decoding=\"async\" class=\"wp-image-960 size-medium\" src=\"https:\/\/www.brenne-au-coeur.com\/wp-content\/uploads\/2021\/11\/Alfred_Huet_008-300x160.jpg\" alt=\"\" width=\"300\" height=\"160\" srcset=\"https:\/\/www.brenne-au-coeur.com\/wp-content\/uploads\/2021\/11\/Alfred_Huet_008-300x160.jpg 300w, https:\/\/www.brenne-au-coeur.com\/wp-content\/uploads\/2021\/11\/Alfred_Huet_008-1024x547.jpg 1024w, https:\/\/www.brenne-au-coeur.com\/wp-content\/uploads\/2021\/11\/Alfred_Huet_008-768x410.jpg 768w, https:\/\/www.brenne-au-coeur.com\/wp-content\/uploads\/2021\/11\/Alfred_Huet_008.jpg 1297w\" sizes=\"auto, (max-width: 300px) 100vw, 300px\" \/><\/a><figcaption id=\"caption-attachment-960\" class=\"wp-caption-text\">Extrait du registre du Conseil municipal de M\u00e9zi\u00e8res-en-Brenne du 27\/03\/1871 Source\u00a0: AD 36 &#8211; E DEP2-3<\/figcaption><\/figure>\n<p><span style=\"font-size: large;\">D\u00e8s potron-minet ce 3 juin 1862, Adolphe Senot \u2013 maire de M\u00e9zi\u00e8res \u2013 m\u2019a uni \u00e0, la petite en taille, demoiselle Marie Journault ou Journeau ou encore Journeaux, sans profession et ne sachant ni lire, ni \u00e9crire. Marie est une jeune femme charmante \u00e2g\u00e9e de 24 ans, originaire de Sainte-Fauste, minuscule village sis entre Issoudun et Ch\u00e2teauroux. Ses fr\u00e8res Jean, propri\u00e9taire et Louis, tuilier \u00e0 Notz ont \u00e9t\u00e9 ses t\u00e9moins. Quant \u00e0 moi, mon fr\u00e8re a\u00een\u00e9 L\u00e9on et Victor Doucet, mon beau-fr\u00e8re et perruquier de son \u00e9tat, ont contresign\u00e9 l\u2019acte de mariage en mairie. Au d\u00e9c\u00e8s de ses parents, Marie a \u00e9t\u00e9 (certainement) recueillie par Jean, son fr\u00e8re a\u00een\u00e9 alors \u00ab&nbsp;ma\u00eetre d\u2019h\u00f4tel&nbsp;\u00bb et propri\u00e9taire de l\u2019auberge plac\u00e9e rue Napol\u00e9on (III), devenue depuis rue du Nord. Au fil des ans, les villageois nomm\u00e8rent officieusement cette voie, la rue Journeau \u2026 Notre premier n\u00e9, Andronie (ou Androni ou bien encore Androny) pointera le bout de sa frimousse 9 mois plus tard, le 20 f\u00e9vrier 1863. Ce dr\u00f4le de pr\u00e9nom serait d\u2019origine grecque, Andronicus signifiant le vainqueur des guerriers. La l\u00e9gende familiale dit que j\u2019aurais trouv\u00e9 ce pr\u00e9nom atypique dans le dictionnaire Larousse emprunt\u00e9 \u00e0 l\u2019instituteur, apr\u00e8s quelques verres de Reuilly. Sa s\u0153ur Mathilde na\u00eetra le 6 ao\u00fbt 1865, rue de la Lanterne o\u00f9 nous demeurions. <\/span>La petite L\u00e9onie, la derni\u00e8re de la fratrie, ne surv\u00e9cut que 24h fin 1867. Le chagrin et l\u2019abattement m\u2019ont emp\u00each\u00e9 d\u2019aller en mairie d\u00e9clarer le d\u00e9c\u00e8s. Mes voisins, Fran\u00e7ois et Joseph Gion se sont charg\u00e9s de cette funeste t\u00e2che. Autour d\u2019un jardin, d\u2019une vigne et avec 4 \u00e0 5000 francs d\u2019\u00e9conomies, le quotidien de notre famille suivait son cours en Brenne lorsque L\u00e9on Gambetta proclama la IIIe R\u00e9publique \u00e0 l\u2019issue de la d\u00e9faite des arm\u00e9es fran\u00e7aises face aux arm\u00e9es prussiennes et la fin du Second Empire avec la capture de Napol\u00e9on III.<\/p>\n<p><span style=\"font-size: large;\">Aux dires de d\u00e9clarations vers\u00e9es \u00e0 son proc\u00e8s, Alfred avait une mauvaise r\u00e9putation \u00ab\u00a0dans le pays\u00a0\u00bb. Il est \u00e9voqu\u00e9 qu\u2019il provoquait de \u00ab\u00a0la terreur\u00a0\u00bb, qu\u2019il avait une \u00ab\u00a0t\u00eate folle\u00a0\u00bb.<br \/>\nLes hommes en \u00e2ge de combattre sont mobilis\u00e9s sur ordre du Gouvernement de d\u00e9fense nationale. Jusqu\u2019au 16 ao\u00fbt 1870, j\u2019employais 2\/3 ouvriers, puis un seul, l\u2019ouvrage manquant. Faute de revenus, j\u2019ai demand\u00e9 au conseiller g\u00e9n\u00e9ral du canton de me trouver rapidement un emploi. Alors que je n\u2019y connais pas grand-chose, je suis affect\u00e9 dans l\u2019artillerie \u00e0 Clermont-Ferrand le 4 f\u00e9vrier 1871, avec le grade de lieutenant-instructeur. J\u2019ai \u00e9t\u00e9 licenci\u00e9 5 semaines plus tard avec une blessure qui m\u2019emp\u00eachait d\u2019exercer correctement mon m\u00e9tier. <\/span><br \/>\n<span style=\"font-size: large;\">Le Conseil municipal de M\u00e9zi\u00e8res, au cours de sa s\u00e9ance du 27 mars 1871, indique \u00ab\u00a0 protester de toute sa force contre toute tentative insurrectionnelle qui aurais (sic) pour but d\u2019entraver l\u2019action la seule l\u00e9gitime des repr\u00e9sentants \u00e9lus par le suffrage universel et celle du gouvernement choisi par l\u2019assembl\u00e9e nationale.\u00a0\u00bb Cette d\u00e9claration solennelle, dite \u00ab&nbsp;adresse\u00a0de soutien&nbsp;\u00bb, \u00e9manait en fait du Pr\u00e9fet qui avait lui-m\u00eame re\u00e7u des ordres du gouvernement versaillais pour faire acter par les \u00e9lus locaux un texte de protestation quasi identique. Les municipalit\u00e9s de Ch\u00e2teauroux et d\u2019Issoudun s\u2019abstiendront, signifiant ainsi leur d\u00e9saccord politique et leur opposition au pr\u00e9sident Adolphe Thiers.<\/span><\/p>\n<figure id=\"attachment_961\" aria-describedby=\"caption-attachment-961\" style=\"width: 300px\" class=\"wp-caption alignleft\"><a href=\"https:\/\/www.brenne-au-coeur.com\/wp-content\/uploads\/2021\/11\/Alfred_Huet_009.jpg\" rel=\"lightbox[942]\"><img loading=\"lazy\" decoding=\"async\" class=\"wp-image-961 size-medium\" src=\"https:\/\/www.brenne-au-coeur.com\/wp-content\/uploads\/2021\/11\/Alfred_Huet_009-300x223.jpg\" alt=\"\" width=\"300\" height=\"223\" srcset=\"https:\/\/www.brenne-au-coeur.com\/wp-content\/uploads\/2021\/11\/Alfred_Huet_009-300x223.jpg 300w, https:\/\/www.brenne-au-coeur.com\/wp-content\/uploads\/2021\/11\/Alfred_Huet_009-1024x760.jpg 1024w, https:\/\/www.brenne-au-coeur.com\/wp-content\/uploads\/2021\/11\/Alfred_Huet_009-768x570.jpg 768w, https:\/\/www.brenne-au-coeur.com\/wp-content\/uploads\/2021\/11\/Alfred_Huet_009.jpg 1274w\" sizes=\"auto, (max-width: 300px) 100vw, 300px\" \/><\/a><figcaption id=\"caption-attachment-961\" class=\"wp-caption-text\">Une barricade porte Maillot<\/figcaption><\/figure>\n<figure id=\"attachment_962\" aria-describedby=\"caption-attachment-962\" style=\"width: 177px\" class=\"wp-caption alignleft\"><a href=\"https:\/\/www.brenne-au-coeur.com\/wp-content\/uploads\/2021\/11\/Alfred_Huet_010.jpg\" rel=\"lightbox[942]\"><img loading=\"lazy\" decoding=\"async\" class=\"wp-image-962 size-medium\" src=\"https:\/\/www.brenne-au-coeur.com\/wp-content\/uploads\/2021\/11\/Alfred_Huet_010-177x300.jpg\" alt=\"\" width=\"177\" height=\"300\" srcset=\"https:\/\/www.brenne-au-coeur.com\/wp-content\/uploads\/2021\/11\/Alfred_Huet_010-177x300.jpg 177w, https:\/\/www.brenne-au-coeur.com\/wp-content\/uploads\/2021\/11\/Alfred_Huet_010.jpg 491w\" sizes=\"auto, (max-width: 177px) 100vw, 177px\" \/><\/a><figcaption id=\"caption-attachment-962\" class=\"wp-caption-text\">Jaroslav Dombrowski<\/figcaption><\/figure>\n<figure id=\"attachment_963\" aria-describedby=\"caption-attachment-963\" style=\"width: 300px\" class=\"wp-caption alignleft\"><a href=\"https:\/\/www.brenne-au-coeur.com\/wp-content\/uploads\/2021\/11\/Alfred_Huet_011.jpg\" rel=\"lightbox[942]\"><img loading=\"lazy\" decoding=\"async\" class=\"wp-image-963 size-medium\" src=\"https:\/\/www.brenne-au-coeur.com\/wp-content\/uploads\/2021\/11\/Alfred_Huet_011-300x295.jpg\" alt=\"\" width=\"300\" height=\"295\" srcset=\"https:\/\/www.brenne-au-coeur.com\/wp-content\/uploads\/2021\/11\/Alfred_Huet_011-300x295.jpg 300w, https:\/\/www.brenne-au-coeur.com\/wp-content\/uploads\/2021\/11\/Alfred_Huet_011-45x45.jpg 45w, https:\/\/www.brenne-au-coeur.com\/wp-content\/uploads\/2021\/11\/Alfred_Huet_011.jpg 564w\" sizes=\"auto, (max-width: 300px) 100vw, 300px\" \/><\/a><figcaption id=\"caption-attachment-963\" class=\"wp-caption-text\">Proclamation de la Commune \u00e0 l\u2019H\u00f4tel de Ville<\/figcaption><\/figure>\n<p><span style=\"font-size: large;\">De retour \u00e0 M\u00e9zi\u00e8res d\u00e9but avril 1871, j\u2019ai pris la d\u00e9cision, sur les conseils du maire M Senot et de M Boistard, d\u2019aller \u00e0 Versailles pour trouver du travail comme ma\u00eetre-bottier au sein de l\u2019un des r\u00e9giments qui se cr\u00e9aient. Dans la malle qui m\u2019a suivi, j\u2019y ai d\u00e9pos\u00e9 mon uniforme de lieutenant d\u2019artillerie, un poignard tremp\u00e9 par le mar\u00e9chal-ferrant Gabard et des balles fabriqu\u00e9es quelques mois auparavant gr\u00e2ce au moule pr\u00eat\u00e9 par Delaunay. J\u2019ai laiss\u00e9 1200 francs \u00e0 Marie et j\u2019en ai pris 100 pour mes besoins sur place. Me voici arriv\u00e9 \u00e0 Paris. Je prends mes repas au 21 rue Montorgueil dans le 1er arrondissement. En fait, je suis venu pour m\u2019engager aupr\u00e8s des Parisiens, en effervescence depuis le d\u00e9part du gouvernement \u00e0 Versailles le 18 mars. Le peuple refuse la capitulation de la France envers la Prusse. De plus, la classe ouvri\u00e8re urbaine, en d\u00e9calage profond avec le monde rural, est \u00ab\u00a0dans une pauvret\u00e9 voisine de l\u2019indigence\u00a0\u00bb aux dires du baron Haussmann. Le r\u00e9cent si\u00e8ge de Paris, initi\u00e9 par l\u2019arm\u00e9e prussienne, a conduit \u00e0 une famine devenue insoutenable. Press\u00e9 d\u2019en d\u00e9coudre et ayant toujours eu \u00ab\u00a0le sang chaud\u00a0\u00bb, je me fis nommer capitaine d\u2019artillerie par la Garde nationale et je pris les commandes de la batterie du 2\u00e8me arrondissement d\u00e8s le 14 avril. Pour armer les camarades qui tenaient la position, j\u2019ai demand\u00e9 par \u00e9crit des mousquetons et des sabres d\u2019officiers.Les \u00e9v\u00e8nements se sont encha\u00een\u00e9s \u00e0 une vitesse folle\u00a0: le 29, je me retrouve attach\u00e9 \u00e0 l\u2019\u00e9tat-major du g\u00e9n\u00e9ral Jaroslaw Dombrowski, l\u2019exceptionnel commandant de la place de Paris. Quelques jours plus tard, je prenais le commandement de l\u2019artillerie de Neuilly que j\u2019\u00e9quipais de mortiers et de canons. Le 12 mai, les bastions 62 (porte d\u2019Auteuil) \u00e0 67 (porte du Point-du-Jour) me sont attribu\u00e9s. Je dirige environ 80 soldats. <a href=\"https:\/\/www.brenne-au-coeur.com\/wp-content\/uploads\/2021\/11\/Alfred_Huet_034.jpg\" rel=\"lightbox[942]\"><img loading=\"lazy\" decoding=\"async\" class=\"wp-image-994 size-medium\" src=\"https:\/\/www.brenne-au-coeur.com\/wp-content\/uploads\/2021\/11\/Alfred_Huet_034-300x192.jpg\" alt=\"\" width=\"300\" height=\"192\" srcset=\"https:\/\/www.brenne-au-coeur.com\/wp-content\/uploads\/2021\/11\/Alfred_Huet_034-300x192.jpg 300w, https:\/\/www.brenne-au-coeur.com\/wp-content\/uploads\/2021\/11\/Alfred_Huet_034-1024x656.jpg 1024w, https:\/\/www.brenne-au-coeur.com\/wp-content\/uploads\/2021\/11\/Alfred_Huet_034-768x492.jpg 768w, https:\/\/www.brenne-au-coeur.com\/wp-content\/uploads\/2021\/11\/Alfred_Huet_034.jpg 1237w\" sizes=\"auto, (max-width: 300px) 100vw, 300px\" \/><\/a><\/span><\/p>\n<figure id=\"attachment_973\" aria-describedby=\"caption-attachment-973\" style=\"width: 300px\" class=\"wp-caption alignleft\"><a href=\"https:\/\/www.brenne-au-coeur.com\/wp-content\/uploads\/2021\/11\/Alfred_Huet_012.jpg\" rel=\"lightbox[942]\"><img loading=\"lazy\" decoding=\"async\" class=\"wp-image-973 size-medium\" src=\"https:\/\/www.brenne-au-coeur.com\/wp-content\/uploads\/2021\/11\/Alfred_Huet_012-300x289.jpg\" alt=\"\" width=\"300\" height=\"289\" srcset=\"https:\/\/www.brenne-au-coeur.com\/wp-content\/uploads\/2021\/11\/Alfred_Huet_012-300x289.jpg 300w, https:\/\/www.brenne-au-coeur.com\/wp-content\/uploads\/2021\/11\/Alfred_Huet_012.jpg 655w\" sizes=\"auto, (max-width: 300px) 100vw, 300px\" \/><\/a><figcaption id=\"caption-attachment-973\" class=\"wp-caption-text\">Louis Gabard, le sacristain de l\u2019\u00e9glise Sainte Marie-Madeleine Source\u00a0: bulletin municipal n\u00b0 30 \u2013 01\/1998<\/figcaption><\/figure>\n<figure id=\"attachment_974\" aria-describedby=\"caption-attachment-974\" style=\"width: 300px\" class=\"wp-caption alignright\"><a href=\"https:\/\/www.brenne-au-coeur.com\/wp-content\/uploads\/2021\/11\/Alfred_Huet_013.jpg\" rel=\"lightbox[942]\"><img loading=\"lazy\" decoding=\"async\" class=\"wp-image-974 size-medium\" src=\"https:\/\/www.brenne-au-coeur.com\/wp-content\/uploads\/2021\/11\/Alfred_Huet_013-300x217.jpg\" alt=\"\" width=\"300\" height=\"217\" srcset=\"https:\/\/www.brenne-au-coeur.com\/wp-content\/uploads\/2021\/11\/Alfred_Huet_013-300x217.jpg 300w, https:\/\/www.brenne-au-coeur.com\/wp-content\/uploads\/2021\/11\/Alfred_Huet_013-1024x742.jpg 1024w, https:\/\/www.brenne-au-coeur.com\/wp-content\/uploads\/2021\/11\/Alfred_Huet_013-768x556.jpg 768w, https:\/\/www.brenne-au-coeur.com\/wp-content\/uploads\/2021\/11\/Alfred_Huet_013-1320x956.jpg 1320w, https:\/\/www.brenne-au-coeur.com\/wp-content\/uploads\/2021\/11\/Alfred_Huet_013.jpg 1386w\" sizes=\"auto, (max-width: 300px) 100vw, 300px\" \/><\/a><figcaption id=\"caption-attachment-974\" class=\"wp-caption-text\">Ordre de conduite de la prison du Blanc \u00e0 celle de l\u2019Orangerie \u00e0 Versailles Source\u00a0: SHD Vincennes \u2013 8J-176<\/figcaption><\/figure>\n<p><span style=\"font-size: large;\">J\u2019\u00e9tais exalt\u00e9 par cette R\u00e9volution de la population parisienne, soutenue par des mouvements identiques \u00e0 Lyon, Marseille, Bordeaux, Le Creusot, Limoges, Toulouse et bien d\u2019autres. Vierzon, Sarlat manifestaient en notre faveur. Il \u00e9tait urgent de d\u00e9fendre nos positions au mieux contre l\u2019arm\u00e9e versaillaise, pour que la Commune soit une r\u00e9ussite totale. Mon \u00e9nergie rejoignait alors tout mon z\u00e8le. C\u2019est ainsi que le 17 mai, au cours d\u2019une inspection des remparts, j\u2019aurais prononc\u00e9 ces paroles provocantes&nbsp;: \u00ab&nbsp;Citoyens d\u00e9l\u00e9gu\u00e9s, hier, je fus vous trouver pour r\u00e9clamer des bombes explosives et asphyxiantes que je n\u2019ai pas encore re\u00e7ues. Je vous ai dit que je ne pouvais employer que les grands moyens.&nbsp;\u00bb. Jusqu\u2019\u00e0 la veille de la Semaine sanglante (21 au 28 mai 1871), je rendis des comptes de mon action au lieutenant-colonel Wladislas Stawinski, un fid\u00e8le de Dombrowski. Les 72 jours de la Commune s\u2019achev\u00e8rent l\u00e0. 120 000 hommes de \u00ab&nbsp;l\u2019arm\u00e9e&nbsp;\u00bb de Versailles prirent part \u00e0 l\u2019offensive pour reconqu\u00e9rir Paris et \u00e9craser les 170 000 \u00ab&nbsp;soldats&nbsp;\u00bb de la Garde nationale. Le bilan de cette r\u00e9pression&nbsp;: 900 barricades d\u00e9truites, 20 000- 25 000 personnes tu\u00e9es, 40 000 arrestations. Je serai l\u2019un de ceux-l\u00e0 &#8230;<br \/>\n<span style=\"font-size: large;\">Alfred aurait mis un mois pour rentrer \u00e0 son domicile. Il lui \u00e9tait n\u00e9cessaire de se cacher pour \u00e9viter d\u2019\u00eatre attrap\u00e9 par l\u2019arm\u00e9e versaillaise mais aussi de se d\u00e9barrasser de cet uniforme devenu encombrant. Son oncle Gonin, demeurant \u00e0 Saint-Valentin pr\u00e8s d\u2019Issoudun, l\u2019aurait h\u00e9berg\u00e9 dans sa ferme.<\/span><br \/>\n<span style=\"font-size: large;\">De retour \u00e0 M\u00e9zi\u00e8res, encore plein de hargne et d\u00e9pit\u00e9 par la d\u00e9faite de cette r\u00e9volution populaire, j\u2019\u00e9tais pr\u00eat \u00e0 en d\u00e9coudre de nouveau. Je l\u2019exprimai tr\u00e8s clairement en juillet dans le bureau de l\u2019huissier Morin, charg\u00e9 de r\u00e9gler un diff\u00e9rend financier de 120 francs que me devait le sacristain Louis Gabard&nbsp;: \u00ab\u00a0 je sais mieux que toi ce qui s\u2019est pass\u00e9 \u00e0 Paris, ce n\u2019est pas la Commune qui a fait le plus de mal, les Versaillais en ont fait davantage, j\u2019\u00e9tais pr\u00eat quand l\u2019heure a sonn\u00e9 et je le serai encore quand elle sonnera&nbsp;\u00bb. <\/span>Le 18 ao\u00fbt vers 13h, Joseph Barbarin, suppl\u00e9ant de la justice de paix du canton de M\u00e9zi\u00e8res, s\u2019est pr\u00e9sent\u00e9 \u00e0 notre domicile pour effectuer une perquisition en bonne et due forme. Il saisit deux paquets de cartouches, un poignard, deux enveloppes, un plan des fortifications de Paris et un carr\u00e9 de papier portant des inscriptions de r\u00e9giments. <\/span><\/p>\n<figure id=\"attachment_975\" aria-describedby=\"caption-attachment-975\" style=\"width: 300px\" class=\"wp-caption alignleft\"><a href=\"https:\/\/www.brenne-au-coeur.com\/wp-content\/uploads\/2021\/11\/Alfred_Huet_015.jpg\" rel=\"lightbox[942]\"><img loading=\"lazy\" decoding=\"async\" class=\"wp-image-975 size-medium\" src=\"https:\/\/www.brenne-au-coeur.com\/wp-content\/uploads\/2021\/11\/Alfred_Huet_015-300x222.jpg\" alt=\"\" width=\"300\" height=\"222\" srcset=\"https:\/\/www.brenne-au-coeur.com\/wp-content\/uploads\/2021\/11\/Alfred_Huet_015-300x222.jpg 300w, https:\/\/www.brenne-au-coeur.com\/wp-content\/uploads\/2021\/11\/Alfred_Huet_015-768x569.jpg 768w, https:\/\/www.brenne-au-coeur.com\/wp-content\/uploads\/2021\/11\/Alfred_Huet_015.jpg 857w\" sizes=\"auto, (max-width: 300px) 100vw, 300px\" \/><\/a><figcaption id=\"caption-attachment-975\" class=\"wp-caption-text\">Un conseil de guerre \u00e0 Versailles en 1872 &#8211; Anonyme<\/figcaption><\/figure>\n<p><span style=\"font-size: large;\">Le gendarme Bachelard est venu me chercher le lendemain apr\u00e8s-midi pour m\u2019emmener \u00e0 la prison du Blanc, log\u00e9e \u00e0 l\u2019arri\u00e8re du tribunal. (Il ne reste aucune trace de cette prison, d\u00e9molie apr\u00e8s la Seconde Guerre mondiale. Elle \u00e9tait localis\u00e9e derri\u00e8re l\u2019actuelle mairie, place Ren\u00e9-Thimel \u2013 Le Blanc). Le mandat de d\u00e9p\u00f4t, sign\u00e9 par le juge d\u2019instruction Charles Demadi\u00e8res, indiquait que j\u2019\u00e9tais inculp\u00e9 \u00ab\u00a0d\u2019attentat contre la S\u00fbret\u00e9 de l\u2019Etat \u00e0 Paris.\u00a0\u00bb Bigre\u00a0! Comme je m\u2019attendais \u00e0 cette arrestation et au proc\u00e8s qui allait suivre, j\u2019avais pris soin de prendre un bagage avec tout ce qui me serait utile pour \u00eatre pr\u00e9sentable devant les autorit\u00e9s judiciaires\u00a0: cravate en soie, gilet de velours, paletots pour les premiers frimas, ma montre en argent. Pendant ces 3 semaines de d\u00e9tention, le juge a proc\u00e9d\u00e9 \u00e0 plusieurs interrogatoires\u00a0: Louis Gabard, Marie et moi \u00e0 deux reprises. J\u2019y suis rest\u00e9 jusqu\u2019au 8 septembre, date \u00e0 laquelle je fus, sur ordre du Procureur de la R\u00e9publique, transf\u00e9r\u00e9 \u00e0 l\u2019Orangerie du ch\u00e2teau de Versailles sous l\u2019escorte du gendarme Casanova. \u00ab\u00a0Communeux \u00e0 surveiller de tr\u00e8s pr\u00e8s\u00a0\u00bb est-il inscrit en rouge sur mon ordre de conduite. Comme 36000 autres communards, je devais passer en Conseil de Guerre \u2026 La loi du 7 ao\u00fbt 1871 en cr\u00e9a 22 aux 4 existants d\u00e9j\u00e0. Pour moi ce sera le cinqui\u00e8me.<\/span><\/p>\n<figure id=\"attachment_976\" aria-describedby=\"caption-attachment-976\" style=\"width: 300px\" class=\"wp-caption alignleft\"><a href=\"https:\/\/www.brenne-au-coeur.com\/wp-content\/uploads\/2021\/11\/Alfred_Huet_014.jpg\" rel=\"lightbox[942]\"><img loading=\"lazy\" decoding=\"async\" class=\"wp-image-976 size-medium\" src=\"https:\/\/www.brenne-au-coeur.com\/wp-content\/uploads\/2021\/11\/Alfred_Huet_014-300x74.jpg\" alt=\"\" width=\"300\" height=\"74\" srcset=\"https:\/\/www.brenne-au-coeur.com\/wp-content\/uploads\/2021\/11\/Alfred_Huet_014-300x74.jpg 300w, https:\/\/www.brenne-au-coeur.com\/wp-content\/uploads\/2021\/11\/Alfred_Huet_014-1024x251.jpg 1024w, https:\/\/www.brenne-au-coeur.com\/wp-content\/uploads\/2021\/11\/Alfred_Huet_014-768x188.jpg 768w, https:\/\/www.brenne-au-coeur.com\/wp-content\/uploads\/2021\/11\/Alfred_Huet_014-1320x324.jpg 1320w, https:\/\/www.brenne-au-coeur.com\/wp-content\/uploads\/2021\/11\/Alfred_Huet_014.jpg 1497w\" sizes=\"auto, (max-width: 300px) 100vw, 300px\" \/><\/a><figcaption id=\"caption-attachment-976\" class=\"wp-caption-text\">Extrait du jugement du 31\/01\/1872 condamnant Alfred Source\u00a0: SHD Vincennes \u2013 8J-176<\/figcaption><\/figure>\n<p><span style=\"font-size: large;\">La date du 31 janvier 1872 restera grav\u00e9e dans ma m\u00e9moire \u00e0 tout jamais car elle changera mon destin et celui de mes descendants. <\/span><br \/>\n<span style=\"font-size: large;\">Le jour du proc\u00e8s \u00e9tait enfin arriv\u00e9. L\u2019endroit est impressionnant&nbsp;: une vaste salle, devant moi, 7 militaires en uniforme, Monsieur de Laconterie, commissaire du Gouvernement, mon avocat, ma\u00eetre Marchand et le greffier. D\u2019apr\u00e8s un article du Petit Journal relatant les d\u00e9bats, je n\u2019\u00e9tais gu\u00e8re \u00e0 l\u2019aise&nbsp;: \u00ab&nbsp;Il ne sait que faire de son corps, rougit \u00e0 chaque question que lui adresse le pr\u00e9sident, balbutie des r\u00e9ponses vides de sens&nbsp;\u00bb.<\/span><\/p>\n<p><span style=\"font-size: large;\">Le Pr\u00e9sident et lieutenant-colonel Aubert \u00e9nonce les chefs d\u2019accusation\u00a0: <\/span><br \/>\n<span style=\"font-size: large;\">\u00a01 \u2013 de participation, par complicit\u00e9, \u00e0 un attentat ayant pour but de d\u00e9truire la forme du gouvernement. <\/span><br \/>\n<span style=\"font-size: large;\"> 2 \u2013 d\u2019avoir exerc\u00e9, en 1871, \u00e0 Paris, un commandement dans des bandes arm\u00e9es pour faire attaque ou r\u00e9sistance \u00e0 la force publique agissant contre ces bandes.\u00a0\u00bb<\/span><br \/>\n<span style=\"font-size: large;\">De nombreuses pi\u00e8ces, \u00e0 charge et \u00e0 d\u00e9charge, ont \u00e9t\u00e9 vers\u00e9es \u00e0 mon dossier. Elles sont cit\u00e9es, examin\u00e9es. Dans mes pr\u00e9c\u00e9dents interrogatoires, je dois reconna\u00eetre avoir \u00e9t\u00e9 confus. En effet, parfois j\u2019ai ni\u00e9 toute participation directe \u00e0 la Commune\u00a0; d\u2019autres fois, je n\u2019ai pu contrer l\u2019\u00e9vidence. Une dizaine d\u2019\u00e9crits adress\u00e9s par moi au commandement d\u2019artillerie de la 16e l\u00e9gion entre le 4 et le 20 mai 1871 m\u2019accablent. D\u2019autres t\u00e9moignages viennent appuyer mon active contribution \u00e0 ce soul\u00e8vement pl\u00e9b\u00e9ien. \u00c0 l\u2019issue d\u2019une d\u00e9lib\u00e9ration \u00e0 huis-clos des juges, le verdict tombe \u00e0 l\u2019unanimit\u00e9 des voix\u00a0: D\u00e9portation dans une enceinte fortifi\u00e9e, d\u00e9gradation civique.<\/span><br \/>\n<span style=\"font-size: large;\">Dont acte. <\/span><br \/>\n<span style=\"font-size: large;\">Comme attendu, le recours en gr\u00e2ce a \u00e9t\u00e9 rejet\u00e9 le 24 avril 1872. <\/span><\/p>\n<figure id=\"attachment_978\" aria-describedby=\"caption-attachment-978\" style=\"width: 300px\" class=\"wp-caption alignright\"><a href=\"https:\/\/www.brenne-au-coeur.com\/wp-content\/uploads\/2021\/11\/Alfred_Huet_016.jpg\" rel=\"lightbox[942]\"><img loading=\"lazy\" decoding=\"async\" class=\"wp-image-978 size-medium\" src=\"https:\/\/www.brenne-au-coeur.com\/wp-content\/uploads\/2021\/11\/Alfred_Huet_016-300x221.jpg\" alt=\"\" width=\"300\" height=\"221\" srcset=\"https:\/\/www.brenne-au-coeur.com\/wp-content\/uploads\/2021\/11\/Alfred_Huet_016-300x221.jpg 300w, https:\/\/www.brenne-au-coeur.com\/wp-content\/uploads\/2021\/11\/Alfred_Huet_016.jpg 696w\" sizes=\"auto, (max-width: 300px) 100vw, 300px\" \/><\/a><figcaption id=\"caption-attachment-978\" class=\"wp-caption-text\">Plan du r\u00e9duit de Qu\u00e9lern, en face de la rade de Brest Source\u00a0: Laboratoire G\u00c9OMER, UMR LETG 6554 &#8211; CNRS<\/figcaption><\/figure>\n<p><span style=\"font-size: large;\">Le 6 avril 1872, sous le num\u00e9ro d\u2019\u00e9crou 644, j\u2019arrive au fort de Qu\u00e9lern en face de la rade de Brest, dans l\u2019attente du bateau qui nous d\u00e9portera en Nouvelle-Cal\u00e9donie. Construit sur les plans de Vauban, ce \u00ab\u00a0r\u00e9duit\u00a0\u00bb difficile d\u2019acc\u00e8s, limite consid\u00e9rablement les \u00e9vasions. <\/span><span style=\"font-size: large;\">Il a \u00e9t\u00e9 rapidement am\u00e9nag\u00e9 par l\u2019arm\u00e9e en d\u00e9p\u00f4t de d\u00e9port\u00e9s pour accueillir 9000 pr\u00e9venus et\/ou condamn\u00e9s politiques <\/span><\/p>\n<figure id=\"attachment_979\" aria-describedby=\"caption-attachment-979\" style=\"width: 300px\" class=\"wp-caption alignleft\"><img loading=\"lazy\" decoding=\"async\" class=\"wp-image-979 size-medium\" src=\"https:\/\/www.brenne-au-coeur.com\/wp-content\/uploads\/2021\/11\/Alfred_Huet_017-300x200.jpg\" alt=\"\" width=\"300\" height=\"200\" srcset=\"https:\/\/www.brenne-au-coeur.com\/wp-content\/uploads\/2021\/11\/Alfred_Huet_017-300x200.jpg 300w, https:\/\/www.brenne-au-coeur.com\/wp-content\/uploads\/2021\/11\/Alfred_Huet_017-272x182.jpg 272w, https:\/\/www.brenne-au-coeur.com\/wp-content\/uploads\/2021\/11\/Alfred_Huet_017.jpg 609w\" sizes=\"auto, (max-width: 300px) 100vw, 300px\" \/><figcaption id=\"caption-attachment-979\" class=\"wp-caption-text\">La Guerri\u00e8re \u2013 Source\u00a0: bernard-guinard.com<\/figcaption><\/figure>\n<p><span style=\"font-size: large;\">Mes camarades et moi y avons d\u00e9barqu\u00e9 en chaloupe sur une petite jet\u00e9e, dangereuse par gros temps. De prime abord, on ne voit pas les fortifications b\u00e2ties en contrebas du sol. Il faut franchir trois foss\u00e9s et ponts-levis avant d\u2019arriver devant le b\u00e2timent qui nous h\u00e9bergera. Nous sommes surpris par l\u2019absence de verrous et de grilles aux fen\u00eatres. Nous comprendrons vite que la topographie du lieu, les rochers, le vent et la mer capricieuse emp\u00eachent toute vell\u00e9it\u00e9 de s\u2019\u00e9chapper. Je suis install\u00e9 dans une salle \u00e9quip\u00e9e de cinquante lits en fer avec paillasses, traversins et couvertures d\u2019ordonnance. Le costume habituel r\u00e9serv\u00e9 aux prisonniers n\u2019est pas impos\u00e9. La promiscuit\u00e9, l\u2019agressivit\u00e9 des gardiens et les rudes conditions quotidiennes n\u2019aident gu\u00e8re \u00e0 tuer le temps. Heureusement, sur une id\u00e9e d\u2019Elis\u00e9e Reclus, le camarade g\u00e9ographe qui vient juste de quitter le fort, l\u2019Administration organise quelques heures d\u2019\u00e9cole chaque jour, en plus des activit\u00e9s obligatoires.<\/span><br \/>\nEvidemment, l\u2019Etat fran\u00e7ais n\u2019avait pas pr\u00e9vu devoir transporter, sous bonne escorte, pr\u00e8s de 4000 d\u00e9port\u00e9s en Nouvelle-Cal\u00e9donie (d\u00e9cret du 23\/03\/1872). Colonie depuis 1853, cette \u00eele libre de toute occupation europ\u00e9enne et perdue au milieu de l\u2019oc\u00e9an Pacifique, serait un p\u00e9nitencier id\u00e9al pour les communards condamn\u00e9s. Depuis la guerre de Crim\u00e9e (1853-1856), la Marine fran\u00e7aise rempla\u00e7ait progressivement la voile par la vapeur. De grands travaux d\u00e9but\u00e8rent dans les cales des ports de la c\u00f4te atlantique. C\u2019est ainsi que de nombreux vaisseaux furent transform\u00e9s pour \u00eatre consacr\u00e9s au transport de troupes ou en transport-\u00e9curies. Du 5 mai 1872 au 25 octobre 1878, 20 convois prirent le large vers Noum\u00e9a principalement au d\u00e9part de l\u2019\u00eele d\u2019Aix, apr\u00e8s avoir compl\u00e9t\u00e9 leurs \u00abchargements\u00bb \u00e0 Brest et aux \u00eeles de R\u00e9 et\/ou Ol\u00e9ron. Ces navires nationaux transport\u00e8rent les d\u00e9port\u00e9s mais aussi leurs familles autoris\u00e9es \u00e0 les rejoindre, des exil\u00e9s volontaires, des jeunes filles \u00e0 marier, \u2026 La Guerri\u00e8re fut l\u2019un d\u2019eux. Fr\u00e9gate mixte \u00e0 coque de bois, elle navigua sur toutes les mers du monde entre 1861 et 1888. Ce majestueux trois-m\u00e2ts, propuls\u00e9 \u00e0 vapeur, pouvait recevoir \u00e0 son bord environ 500 personnes et m\u00eame jusqu\u2019\u00e0 plus de 1200. Le 5 juin 1872, la Guerri\u00e8re appareille pour Brest sous les ordres du capitaine de fr\u00e9gate Boucarut qui dirige 226 officiers et matelots. Le ministre de la Marine et des Colonies a \u00e9dict\u00e9 un \u00ab\u00a0r\u00e8glement sur les services \u00e0 bord des b\u00e2timents destin\u00e9s \u00e0 la d\u00e9portation en Nouvelle-Cal\u00e9donie\u00a0\u00bb qui r\u00e9gimente tous les pr\u00e9paratifs \u00e0 ce long voyage.<\/p>\n<figure id=\"attachment_980\" aria-describedby=\"caption-attachment-980\" style=\"width: 300px\" class=\"wp-caption alignright\"><a href=\"https:\/\/www.brenne-au-coeur.com\/wp-content\/uploads\/2021\/11\/Alfred_Huet_018.jpg\" rel=\"lightbox[942]\"><img loading=\"lazy\" decoding=\"async\" class=\"wp-image-980 size-medium\" src=\"https:\/\/www.brenne-au-coeur.com\/wp-content\/uploads\/2021\/11\/Alfred_Huet_018-300x175.jpg\" alt=\"\" width=\"300\" height=\"175\" srcset=\"https:\/\/www.brenne-au-coeur.com\/wp-content\/uploads\/2021\/11\/Alfred_Huet_018-300x175.jpg 300w, https:\/\/www.brenne-au-coeur.com\/wp-content\/uploads\/2021\/11\/Alfred_Huet_018.jpg 524w\" sizes=\"auto, (max-width: 300px) 100vw, 300px\" \/><\/a><figcaption id=\"caption-attachment-980\" class=\"wp-caption-text\">Embarquement des condamn\u00e9s sur la Guerri\u00e8re en 1872 Source\u00a0: Mus\u00e9e national de la Marine \u2013 clich\u00e9 40\u00a0591<\/figcaption><\/figure>\n<p><span style=\"font-size: large;\">Nous supposons qu\u2019il a \u00e9t\u00e9 appliqu\u00e9 pour Alfred et ses cod\u00e9tenus, avec plus ou moins de rigueur en fonction du comportement des d\u00e9port\u00e9s \u00e0 bord.<\/span><\/p>\n<figure id=\"attachment_981\" aria-describedby=\"caption-attachment-981\" style=\"width: 300px\" class=\"wp-caption alignleft\"><img loading=\"lazy\" decoding=\"async\" class=\"wp-image-981 size-medium\" src=\"https:\/\/www.brenne-au-coeur.com\/wp-content\/uploads\/2021\/11\/Alfred_Huet_019-300x175.jpg\" alt=\"\" width=\"300\" height=\"175\" srcset=\"https:\/\/www.brenne-au-coeur.com\/wp-content\/uploads\/2021\/11\/Alfred_Huet_019-300x175.jpg 300w, https:\/\/www.brenne-au-coeur.com\/wp-content\/uploads\/2021\/11\/Alfred_Huet_019-768x449.jpg 768w, https:\/\/www.brenne-au-coeur.com\/wp-content\/uploads\/2021\/11\/Alfred_Huet_019.jpg 816w\" sizes=\"auto, (max-width: 300px) 100vw, 300px\" \/><figcaption id=\"caption-attachment-981\" class=\"wp-caption-text\">Cage de d\u00e9port\u00e9s Source\u00a0: www.commune1871.org<\/figcaption><\/figure>\n<p><span style=\"font-size: large;\">Fin mai, il nous est annonc\u00e9 un prochain d\u00e9part. D\u00e8s la nouvelle connue, les conditions de d\u00e9tention changent radicalement\u00a0: nous sommes s\u00e9par\u00e9s des autres d\u00e9tenus, plus de corv\u00e9es, il est plus ais\u00e9 de se laver\u00a0; \u00f4 miracle, je mange chaque jour de la viande fra\u00eeche et j\u2019ai droit \u00e0 23 centilitres de vin plus du caf\u00e9\u00a0! A croire que nous devons \u00eatre en tr\u00e8s bonne condition physique pour affronter ce long voyage. D\u00e9but juin, apr\u00e8s avoir \u00e9t\u00e9 vaccin\u00e9 (contre la variole\u00a0?) le m\u00e9decin-major du navire entour\u00e9 de trois autres sommit\u00e9s, me d\u00e9clare apte \u00e0 partir. Il m\u2019est remis des capotes (pour des r\u00e9gions froides para\u00eet-il\u00a0!) et 3 kg de savon. Nous sommes ensuite r\u00e9partis par s\u00e9rie de 10 avec, pour chacune d\u2019elles, un surveillant-gendarme affect\u00e9 pour toute \u00ab\u00a0la transportation\u00a0\u00bb. Au matin du 11 juin 1872, nous embarquons \u00e0 392, sous bonne escorte, sur la Guerri\u00e8re venue mouiller en face de Qu\u00e9lern. Etant condamn\u00e9 \u00e0 la d\u00e9portation en enceinte fortifi\u00e9e, je suis catalogu\u00e9 dans les \u00ab\u00a0dangereux\u00a0\u00bb et donc positionn\u00e9 avec mes 9 autres camarades, pr\u00e8s d\u2019un poste de garde. Autour du navire, la Bretagne et le Borda montent la garde pour \u00e9viter toute tentative d\u2019\u00e9vasion. En soute derri\u00e8re des grillages ressemblant \u00e0 une grande cage, je d\u00e9couvre un hamac et une simple couverture. Compte tenu de l\u2019exigu\u00eft\u00e9 de ce r\u00e9duit, nous devrons replier quotidiennement nos couchages pour installer une table n\u00e9cessaire \u00e0 la prise des repas. L\u2019apr\u00e8s-midi, grande visite d\u2019inspection en pr\u00e9sence du Commandant et d\u2019autres personnes dont j\u2019ignore le nom. Nous ne l\u00e8verons l\u2019ancre que le 13 juin, apr\u00e8s avoir embarqu\u00e9 d\u2019autres d\u00e9port\u00e9s en provenance du fort du Homet \u00e0 Cherbourg. Une foule de badauds a suivi avec int\u00e9r\u00eat tous les pr\u00e9paratifs de ce second convoi au long cours compos\u00e9 de communeux. 18 autres suivront.<\/span><\/p>\n<figure id=\"attachment_982\" aria-describedby=\"caption-attachment-982\" style=\"width: 300px\" class=\"wp-caption alignleft\"><a href=\"https:\/\/www.brenne-au-coeur.com\/wp-content\/uploads\/2021\/11\/Alfred_Huet_020.jpg\" rel=\"lightbox[942]\"><img loading=\"lazy\" decoding=\"async\" class=\"wp-image-982 size-medium\" src=\"https:\/\/www.brenne-au-coeur.com\/wp-content\/uploads\/2021\/11\/Alfred_Huet_020-300x194.jpg\" alt=\"\" width=\"300\" height=\"194\" srcset=\"https:\/\/www.brenne-au-coeur.com\/wp-content\/uploads\/2021\/11\/Alfred_Huet_020-300x194.jpg 300w, https:\/\/www.brenne-au-coeur.com\/wp-content\/uploads\/2021\/11\/Alfred_Huet_020-1024x663.jpg 1024w, https:\/\/www.brenne-au-coeur.com\/wp-content\/uploads\/2021\/11\/Alfred_Huet_020-768x497.jpg 768w, https:\/\/www.brenne-au-coeur.com\/wp-content\/uploads\/2021\/11\/Alfred_Huet_020-1320x854.jpg 1320w, https:\/\/www.brenne-au-coeur.com\/wp-content\/uploads\/2021\/11\/Alfred_Huet_020.jpg 1386w\" sizes=\"auto, (max-width: 300px) 100vw, 300px\" \/><\/a><figcaption id=\"caption-attachment-982\" class=\"wp-caption-text\">Les diff\u00e9rents itin\u00e9raires de la d\u00e9portation Source\u00a0: La Commune de Paris 1871 de Jean Chatelut<\/figcaption><\/figure>\n<p><span style=\"font-size: large;\">Avec l\u2019\u00e9quipage, les militaires, les dix passagers \u00ab\u00a0libres\u00a0\u00bb, nous sommes environ 900 sur ce bateau de 78 m\u00e8tres de long et 15 de large. Huit camarades indriens sont du voyage&nbsp;: Paul Vigeant de Martizay, Silvain Soulas et Martin Perrot de Prissac, Joseph Thevenaud de Mouhet, Armand Rimboeuf d\u2019Issoudun, Charles Lignelet de Pellevoisin, Sylvain Aretaud de Ch\u00e2teauroux et Germain Ducoudrai(y) de La Buxerette. La vie quotidienne s\u2019organise rapidement&nbsp;: repas de \u00ab&nbsp;transport\u00e9&nbsp;\u00bb, en fait les m\u00eames que les marins hormis l\u2019absence de vin ou d\u2019eau de vie le soir, pr\u00eats de livres l\u2019apr\u00e8s-midi, visite possible de l\u2019aum\u00f4nier de bord, nettoyage de notre \u00ab&nbsp;poste&nbsp;\u00bb, sortie sur le pont une heure par jour, lavage du linge qui est mis \u00e0 s\u00e9cher sur les cartahus (filins), inspection des surveillants, \u2026 <\/span><br \/>\n<span style=\"font-size: large;\">Aucune information n\u2019est donn\u00e9e sur les conditions d\u2019hygi\u00e8ne qui devaient \u00eatre ex\u00e9crables, compte tenu du rationnement de l\u2019eau et de l\u2019absence de nourriture fra\u00eeche apr\u00e8s des semaines de navigation. Trois d\u00e9c\u00e8s furent d\u00e9nombr\u00e9s.<\/span><\/p>\n<figure id=\"attachment_983\" aria-describedby=\"caption-attachment-983\" style=\"width: 300px\" class=\"wp-caption alignright\"><a href=\"https:\/\/www.brenne-au-coeur.com\/wp-content\/uploads\/2021\/11\/Alfred_Huet_021.jpg\" rel=\"lightbox[942]\"><img loading=\"lazy\" decoding=\"async\" class=\"wp-image-983 size-medium\" src=\"https:\/\/www.brenne-au-coeur.com\/wp-content\/uploads\/2021\/11\/Alfred_Huet_021-300x193.jpg\" alt=\"\" width=\"300\" height=\"193\" srcset=\"https:\/\/www.brenne-au-coeur.com\/wp-content\/uploads\/2021\/11\/Alfred_Huet_021-300x193.jpg 300w, https:\/\/www.brenne-au-coeur.com\/wp-content\/uploads\/2021\/11\/Alfred_Huet_021.jpg 609w\" sizes=\"auto, (max-width: 300px) 100vw, 300px\" \/><\/a><figcaption id=\"caption-attachment-983\" class=\"wp-caption-text\">Source\u00a0: Hugan \u2013 ANOM<\/figcaption><\/figure>\n<p><span style=\"font-size: large;\">Apr\u00e8s avoir long\u00e9 les c\u00f4tes du Portugal, nous accostons \u00e0 Gor\u00e9e, devant Dakar au S\u00e9n\u00e9gal le 1er juillet. Comme les suivantes, ces temps d\u2019escale permettent de ravitailler en produits frais, en eau, en charbon. Bien entendu, il nous est interdit de descendre. Tout au plus, les surveillants acceptent de \u00ab\u00a0cantiner\u00a0\u00bb pour nous si nous avons l\u2019argent n\u00e9cessaire. Un fonctionnaire malade est d\u00e9barqu\u00e9. Quelques jours plus tard, la grande travers\u00e9 de l\u2019Atlantique nous am\u00e8ne au Br\u00e9sil, pr\u00e8s de Port-Alegre. Ce long arr\u00eat est indispensable pour poursuivre le voyage jusqu\u2019en Australie, en passant par le cap de Bonne-Esp\u00e9rance, \u00e0 la pointe de l\u2019Afrique. Je d\u00e9couvre le go\u00fbt d\u2019une orange, ce fruit inconnu achet\u00e9 \u00e0 des marchands venus en barque pr\u00e8s du navire. Le passage du d\u00e9troit de Bass, entre Melbourne et la Tasmanie annonce, dans quelques jours, la fin de cette navigation \u00e9prouvante\u00a0de 16887 miles nautiques (soit plus de 31200 kilom\u00e8tres). Avec surprise, les c\u00f4tes de Nouvelle-Cal\u00e9donie sont enfin en vue le 2 novembre 1872, \u00e0 l\u2019issue de 142 jours de voyage. <\/span><br \/>\nAlfred Julia, l\u2019un des passagers de la Guerri\u00e8re d\u00e9crit ainsi sa premi\u00e8re vision du Caillou\u00a0:<\/p>\n<figure id=\"attachment_984\" aria-describedby=\"caption-attachment-984\" style=\"width: 300px\" class=\"wp-caption alignleft\"><a href=\"https:\/\/www.brenne-au-coeur.com\/wp-content\/uploads\/2021\/11\/Alfred_Huet_022.jpg\" rel=\"lightbox[942]\"><img loading=\"lazy\" decoding=\"async\" class=\"wp-image-984 size-medium\" src=\"https:\/\/www.brenne-au-coeur.com\/wp-content\/uploads\/2021\/11\/Alfred_Huet_022-300x209.jpg\" alt=\"\" width=\"300\" height=\"209\" srcset=\"https:\/\/www.brenne-au-coeur.com\/wp-content\/uploads\/2021\/11\/Alfred_Huet_022-300x209.jpg 300w, https:\/\/www.brenne-au-coeur.com\/wp-content\/uploads\/2021\/11\/Alfred_Huet_022-1024x714.jpg 1024w, https:\/\/www.brenne-au-coeur.com\/wp-content\/uploads\/2021\/11\/Alfred_Huet_022-768x535.jpg 768w, https:\/\/www.brenne-au-coeur.com\/wp-content\/uploads\/2021\/11\/Alfred_Huet_022-1320x920.jpg 1320w, https:\/\/www.brenne-au-coeur.com\/wp-content\/uploads\/2021\/11\/Alfred_Huet_022.jpg 1386w\" sizes=\"auto, (max-width: 300px) 100vw, 300px\" \/><\/a><figcaption id=\"caption-attachment-984\" class=\"wp-caption-text\">Hutte en 1872 \u2013 Source\u00a0: Hugan \u2013 ANOM<\/figcaption><\/figure>\n<p><span style=\"font-size: large;\">\u00ab&nbsp;Nous franch\u00eemes la passe de Dumbea et le panorama de la rade de Noum\u00e9a se d\u00e9roula devant nos yeux. Le Mont-d\u2019Or se profilait sur un ciel rose laiteux, l\u2019aube permettait de distinguer un peu les toits de la ville, \u00e0 droite, tandis qu\u2019\u00e0 gauche couraient, au bord d\u2019une mer sombre, les rives dentel\u00e9es de la presqu\u2019\u00eele Ducos. A peine e\u00fbt-elle doubl\u00e9 l\u2019\u00eele Kuauri, la Guerri\u00e8re hissa le pavillon national&nbsp;\u00bb. Nous sommes 234 (dont 115 de Qu\u00e9lern) \u00e0 \u00eatre d\u00e9barqu\u00e9s \u00e0 Ducos, sous la garde de gendarmes coloniaux et de soldats de l\u2019infanterie de marine arm\u00e9s de fusils avec sabre-ba\u00efonnettes et pistolets. Localis\u00e9s \u00e0 5 km au nord de Noum\u00e9a, les cantonnements ont \u00e9t\u00e9 sommairement am\u00e9nag\u00e9s par l\u2019Administration pour recevoir, \u00e0 plus de 16000 km de Paris, les d\u00e9port\u00e9s en enceinte fortifi\u00e9e. Il m\u2019est attribu\u00e9 le num\u00e9ro d\u2019\u00e9crou 240. La chaleur m\u2019\u00e9tonne en ce mois de novembre&nbsp;: 24\u00b0c avec des nuages qui devraient se d\u00e9verser sous peu. La v\u00e9g\u00e9tation, luxuriante, est abondante au milieu de vall\u00e9es s\u00e9par\u00e9es par des contreforts hauts de 150 m\u00e8tre. <\/span><\/p>\n<figure id=\"attachment_985\" aria-describedby=\"caption-attachment-985\" style=\"width: 300px\" class=\"wp-caption alignright\"><a href=\"https:\/\/www.brenne-au-coeur.com\/wp-content\/uploads\/2021\/11\/Alfred_Huet_023.jpg\" rel=\"lightbox[942]\"><img loading=\"lazy\" decoding=\"async\" class=\"wp-image-985 size-medium\" src=\"https:\/\/www.brenne-au-coeur.com\/wp-content\/uploads\/2021\/11\/Alfred_Huet_023-300x170.jpg\" alt=\"\" width=\"300\" height=\"170\" srcset=\"https:\/\/www.brenne-au-coeur.com\/wp-content\/uploads\/2021\/11\/Alfred_Huet_023-300x170.jpg 300w, https:\/\/www.brenne-au-coeur.com\/wp-content\/uploads\/2021\/11\/Alfred_Huet_023.jpg 580w\" sizes=\"auto, (max-width: 300px) 100vw, 300px\" \/><\/a><figcaption id=\"caption-attachment-985\" class=\"wp-caption-text\">D\u00e9port\u00e9s sur la presqu\u2019\u00eele Ducos Source\u00a0: Retour de la Nouvelle-Cal\u00e9donie, de Noum\u00e9a en Europe d\u2019Henri Rochefort<\/figcaption><\/figure>\n<p><span style=\"font-size: large;\">Je n\u2019ai aucune nouvelle de Marie et des enfants depuis de nombreux mois. Combien de temps vais-je rester sur cette \u00eele inconnue\u00a0? Les reverrai-je un jour\u00a0? M\u00e9zi\u00e8res me manque\u00a0! Apr\u00e8s les contr\u00f4les et les consignes, nous sommes divis\u00e9s par groupes de 10 auxquels sont assign\u00e9s pour certains des cahutes en bois, fra\u00eechement construites par les d\u00e9port\u00e9s du pr\u00e9c\u00e9dent convoi, le Dana\u00e9. Pour d\u2019autres, il leur est remis tout le mat\u00e9riel pour b\u00e2tir des huttes triangulaires, \u00e0 la mode du pays. Hamac, matelas tr\u00e8s fin, table en bois brut, banc, tel est le mobilier sommaire de chaque habitation. Bient\u00f4t, les 24 cases seront surnomm\u00e9es \u00ab\u00a0 le camp de la Guerri\u00e8re\u00a0\u00bb. En explorant les alentours, je m\u2019aper\u00e7ois que je peux circuler librement dans un espace assez vaste \u00e0 l\u2018ouest de la presqu\u2019\u00eele. Je d\u00e9couvre une zone mar\u00e9cageuse, des herbes hautes de 2 \u00e0 3 m\u00e8tres, des plantes inconnues. Certes, en dehors de nos gardiens, nous d\u00e9ambulons \u00e0 plusieurs centaines, affubl\u00e9s du costume r\u00e9glementaire\u00a0: casquette, vareuse, pantalon de toile pour l\u2019\u00e9t\u00e9, de drap pour l\u2019hiver. Etant tous ou presque des fortes t\u00eates, les bagarres, les infractions au r\u00e8glement, voire les crimes et autres d\u00e9lits sont fr\u00e9quents et s\u00e9v\u00e8rement punis par les militaires investis du r\u00f4le de police judiciaire. L\u2019\u00c9tat fran\u00e7ais a pass\u00e9 des march\u00e9s sur place ou \u00e0 Sydney (Australie) pour assurer le ravitaillement. Il nous est distribu\u00e9 chaque jour la m\u00eame nourriture qu\u2019aux soldats, sauf le vin uniquement accord\u00e9 en \u00e9change d\u2019un travail d\u00e9termin\u00e9. Des marchands autoris\u00e9s pouvaient nous vendre toutes sortes de denr\u00e9es et de biens, \u00e0 l\u2019exclusion d\u2019armes \u00e0 feu et blanches, d\u2019alcool et tout ce qui serait utile \u00e0 une r\u00e9volte.<br \/>\nQu\u2019allais-je faire d\u00e9sormais\u00a0?<br \/>\nEn envoyant des milliers de condamn\u00e9s politiques aux antipodes de la m\u00e9tropole, le gouvernement fran\u00e7ais s\u2019\u00e9tait d\u00e9barrass\u00e9 des communards et tentait de faire oublier \u00ab\u00a0 la semaine sanglante du mois de mai 1871\u00a0\u00bb.<br \/>\nC\u2019\u00e9tait sans compter le d\u00e9nuement des foyers qui, priv\u00e9s de leur chef de famille, se retrouvaient sans ressources dans une France \u00e9conomiquement bien mal en point apr\u00e8s la guerre franco-prussienne de 1870.<\/span><\/p>\n<figure id=\"attachment_986\" aria-describedby=\"caption-attachment-986\" style=\"width: 236px\" class=\"wp-caption alignleft\"><a href=\"https:\/\/www.brenne-au-coeur.com\/wp-content\/uploads\/2021\/11\/Alfred_Huet_024.jpg\" rel=\"lightbox[942]\"><img loading=\"lazy\" decoding=\"async\" class=\"wp-image-986 size-medium\" src=\"https:\/\/www.brenne-au-coeur.com\/wp-content\/uploads\/2021\/11\/Alfred_Huet_024-236x300.jpg\" alt=\"\" width=\"236\" height=\"300\" srcset=\"https:\/\/www.brenne-au-coeur.com\/wp-content\/uploads\/2021\/11\/Alfred_Huet_024-236x300.jpg 236w, https:\/\/www.brenne-au-coeur.com\/wp-content\/uploads\/2021\/11\/Alfred_Huet_024-807x1024.jpg 807w, https:\/\/www.brenne-au-coeur.com\/wp-content\/uploads\/2021\/11\/Alfred_Huet_024-768x975.jpg 768w, https:\/\/www.brenne-au-coeur.com\/wp-content\/uploads\/2021\/11\/Alfred_Huet_024-1210x1536.jpg 1210w, https:\/\/www.brenne-au-coeur.com\/wp-content\/uploads\/2021\/11\/Alfred_Huet_024-1320x1676.jpg 1320w, https:\/\/www.brenne-au-coeur.com\/wp-content\/uploads\/2021\/11\/Alfred_Huet_024.jpg 1499w\" sizes=\"auto, (max-width: 236px) 100vw, 236px\" \/><\/a><figcaption id=\"caption-attachment-986\" class=\"wp-caption-text\">Lettre du 7 juin 1873 de Marie Journeau au Ministre de la Guerre, au sujet de la caisse d\u2019outils Source\u00a0: ANOM \u2013 COL H 85<\/figcaption><\/figure>\n<p class=\"western\" align=\"justify\">D\u00e8s le 13 septembre 1871, 48 d\u00e9put\u00e9s d\u00e9pos\u00e8rent un projet de loi pour l\u2019amnistie des condamn\u00e9s. Il sera rejet\u00e9. Les discussions parlementaires se poursuivront pendant de nombreuses ann\u00e9es jusqu\u2019\u00e0 ce que Victor Hugo s\u2019en m\u00eale en 1876 \u2026<\/p>\n<p class=\"western\" align=\"justify\">Dans ce contexte, une loi vot\u00e9e le 28 mars 1873, a pr\u00e9vu dans son article 7\u00a0:<\/p>\n<p class=\"western\" align=\"justify\">\u00ab\u00a0 Les femmes et les enfants des condamn\u00e9s auront la facult\u00e9 d\u2019aller les rejoindre. Dans la limite du cr\u00e9dit sp\u00e9cial ouvert annuellement au budget de la d\u00e9portation, le gouvernement se chargera du transport gratuit des femmes et des enfants de ceux qui sont en mesure, soit par l\u2019exploitation d\u2019une concession, soir par l\u2019exercice d\u2019une industrie, de subvenir aux besoins de leur famille. Dans les m\u00eames limites et en outre du passage gratuit, des subsides en vivres et en v\u00eatements et un abri temporaire pourront \u00eatre accord\u00e9s, \u00e0 l\u2019arriv\u00e9e dans la colonie, aux femmes et aux enfants de ceux qui seront reconnus aptes \u00e0 remplir l\u2019engagement de satisfaire, dans un d\u00e9lai de deux ans, aux besoins de leur famille&nbsp;\u00bb. Alfred \u00e9tait cordonnier. Tout laisse \u00e0 penser qu\u2019il d\u00e9cid\u00e2t d\u2019exercer son m\u00e9tier au sein de l\u2019enceinte fortifi\u00e9e. Sous couvert de l\u2019Administration p\u00e9nitentiaire de Noum\u00e9a, il demanda, d\u00e8s le 16 janvier 1873 alors que la loi n\u2019avait pas encore \u00e9t\u00e9 vot\u00e9e, \u00e0 faire venir Marie, Andronie et Mathilde. Le billet, adress\u00e9 par le lieutenant Pourols au directeur du service de la D\u00e9portation recommande la requ\u00eate du d\u00e9port\u00e9 en ces termes&nbsp;: \u00ab\u00a0 par sa conduite et son travail, il est un des plus dignes de jouir la faveur qu\u2019il sollicite&nbsp;\u00bb. A l\u2019arriv\u00e9e du courrier en m\u00e9tropole au mois d\u2019avril, l\u2019Administration se met en mouvement pour acc\u00e9der \u00e0 ce rapprochement familial et \u00e0 l\u2019envoi des outils indispensables \u00e0 la profession d\u2019Alfred ainsi que des v\u00eatements et autres objets de n\u00e9cessit\u00e9. C\u2019est ainsi que Marie, le 21 avril 1873, informe le ministre de tutelle de l\u2019exp\u00e9dition en train, aux frais de l\u2019Etat, d\u2019une caisse de M\u00e9zi\u00e8res \u00e0 Ch\u00e2teauroux pour sa destination finale \u00e0 Brest, apr\u00e8s un d\u00e9tour par Toulon \u2026 Cette fameuse caisse aura donn\u00e9 bien du souci \u00e0 l\u2019\u00e9pouse d\u2019Alfred&nbsp;: le 29 mai, le chef de gare de Ch\u00e2teauroux lui notifie son retour \u00e0 son presque point de d\u00e9part. Erreur d\u2019aiguillage \u2026 Qu\u2019\u00e0 cela ne tienne, elle repart&nbsp;! Nous ignorons sur quel navire ont vogu\u00e9 les outils mais ils ont fini par arriver \u00e0 bon port. Le 29 avril, Monsieur le Maire est avis\u00e9 que son administr\u00e9e et ses deux enfants pourraient partir \u00ab&nbsp;dans deux ou trois mois environ&nbsp;\u00bb. Marie Journeau &#8211; 36 ans- Andrien (au lieu d\u2019Andronie) \u2013 10 ans \u2013 et Mathilde Huet \u2013 7 ans sont inscrits sur la liste des passagers embarqu\u00e9s sur le F\u00e9nelon qui leva l\u2019ancre du port du Havre le 27 juillet 1873 pour Noum\u00e9a. En pr\u00e9vision des escales en r\u00e9gions peu s\u00fbres, 2 canons et 36 fusils et revolvers feront le voyage. L\u2019expatriation de la famille a exig\u00e9 la pr\u00e9paration de 500 kg de bagages, descendus en soute. Il n\u2019existe aucun visuel de ce navire \u00e0 vapeur, construit en 1864 et command\u00e9 par le capitaine Pierre Le Boucher.<\/p>\n<p class=\"western\"><a href=\"https:\/\/www.brenne-au-coeur.com\/wp-content\/uploads\/2021\/11\/Alfred_Huet_025.jpg\" rel=\"lightbox[942]\"><img loading=\"lazy\" decoding=\"async\" class=\"alignright wp-image-987 size-medium\" src=\"https:\/\/www.brenne-au-coeur.com\/wp-content\/uploads\/2021\/11\/Alfred_Huet_025-300x225.jpg\" alt=\"\" width=\"300\" height=\"225\" srcset=\"https:\/\/www.brenne-au-coeur.com\/wp-content\/uploads\/2021\/11\/Alfred_Huet_025-300x225.jpg 300w, https:\/\/www.brenne-au-coeur.com\/wp-content\/uploads\/2021\/11\/Alfred_Huet_025.jpg 600w\" sizes=\"auto, (max-width: 300px) 100vw, 300px\" \/><\/a>Cette travers\u00e9e de 440 personnes est bien curieusement constitu\u00e9e\u00a0:<\/p>\n<ul>\n<li>\n<p align=\"justify\">32 hommes d\u2019\u00e9quipage,<\/p>\n<\/li>\n<li>\n<p align=\"justify\">Louis Testory, aum\u00f4nier,<\/p>\n<\/li>\n<li>\n<p align=\"justify\">Joseph Desgranges, m\u00e9decin d\u00e9l\u00e9gu\u00e9 du D\u00e9partement de la Marine aid\u00e9 de<\/p>\n<\/li>\n<li>\n<p align=\"justify\">Georges Gu\u00e9not, aide-m\u00e9decin.<\/p>\n<\/li>\n<li>\n<p align=\"justify\">118 femmes.<\/p>\n<\/li>\n<li>\n<p align=\"justify\">242 enfants dont 50 de moins de 3 ans.<\/p>\n<\/li>\n<li>\n<figure id=\"attachment_988\" aria-describedby=\"caption-attachment-988\" style=\"width: 300px\" class=\"wp-caption alignleft\"><a href=\"https:\/\/www.brenne-au-coeur.com\/wp-content\/uploads\/2021\/11\/Alfred_Huet_026.jpg\" rel=\"lightbox[942]\"><img loading=\"lazy\" decoding=\"async\" class=\"wp-image-988 size-medium\" src=\"https:\/\/www.brenne-au-coeur.com\/wp-content\/uploads\/2021\/11\/Alfred_Huet_026-300x233.jpg\" alt=\"\" width=\"300\" height=\"233\" srcset=\"https:\/\/www.brenne-au-coeur.com\/wp-content\/uploads\/2021\/11\/Alfred_Huet_026-300x233.jpg 300w, https:\/\/www.brenne-au-coeur.com\/wp-content\/uploads\/2021\/11\/Alfred_Huet_026-768x596.jpg 768w, https:\/\/www.brenne-au-coeur.com\/wp-content\/uploads\/2021\/11\/Alfred_Huet_026.jpg 1023w\" sizes=\"auto, (max-width: 300px) 100vw, 300px\" \/><\/a><figcaption id=\"caption-attachment-988\" class=\"wp-caption-text\">Source\u00a0: Regards de femmes \u2013 Mus\u00e9e de la ville de Noum\u00e9a<\/figcaption><\/figure>\n<p align=\"justify\">45 hommes.<\/p>\n<\/li>\n<\/ul>\n<p class=\"western\" align=\"justify\">Toutes ces dames et leurs prog\u00e9niture rallient la Nouvelle-Cal\u00e9donie pour diff\u00e9rentes raisons\u00a0:<\/p>\n<ul>\n<li>\n<p align=\"justify\">69 dont Marie, rejoignent leurs \u00e9poux d\u00e9port\u00e9s de la Commune.<\/p>\n<\/li>\n<li>\n<p align=\"justify\">Une quarantaine de jeunes filles, chapeaut\u00e9es par quatre religieuses de l\u2019ordre Saint-Joseph de Cluny, sont des soi-disant orphelines envoy\u00e9es pour se marier avec des d\u00e9port\u00e9s ou des colons. Elles doivent ainsi peupler la colonie. En fait, certaines y seront prostitu\u00e9es.<\/p>\n<\/li>\n<li>\n<p align=\"justify\">Des familles d\u2019\u00e9migrants libres, essentiellement des alsaciens-lorrains ayant refus\u00e9 de devenir allemands au 1<sup>er<\/sup> octobre 1873 et contraints de quitter prestement leur r\u00e9gion d\u2019origine.<\/p>\n<\/li>\n<\/ul>\n<p class=\"western\" align=\"justify\">Le Journal du Havre du 26 juillet 1873 \u00e9crit\u00a0:<\/p>\n<p class=\"western\" align=\"justify\">\u00ab&nbsp;Le F\u00e9nelon compte \u00e0 son bord (\u2026), la plupart sont des femmes. Elles n\u2019ont gu\u00e8re, pour tout bagage, que de menus objets de cuisine, de lingerie et les \u00e9conomies qu\u2019on a pu r\u00e9aliser depuis six mois en songeant tous les jours \u00e0 ce grand voyage (\u2026). Entreprendre un pareil voyage pour aller reconstituer une famille sur une terre d\u2019exil, et entrevoir, pendant cette longue travers\u00e9e des dangers de toutes sortes \u2026 n\u2019est-ce pas l\u00e0 du d\u00e9vouement et de l\u2019abn\u00e9gation&nbsp;?&nbsp;\u00bb<\/p>\n<figure id=\"attachment_989\" aria-describedby=\"caption-attachment-989\" style=\"width: 202px\" class=\"wp-caption alignright\"><a href=\"https:\/\/www.brenne-au-coeur.com\/wp-content\/uploads\/2021\/11\/Alfred_Huet_027_028.jpg\" rel=\"lightbox[942]\"><img loading=\"lazy\" decoding=\"async\" class=\"wp-image-989 size-medium\" src=\"https:\/\/www.brenne-au-coeur.com\/wp-content\/uploads\/2021\/11\/Alfred_Huet_027_028-202x300.jpg\" alt=\"\" width=\"202\" height=\"300\" srcset=\"https:\/\/www.brenne-au-coeur.com\/wp-content\/uploads\/2021\/11\/Alfred_Huet_027_028-202x300.jpg 202w, https:\/\/www.brenne-au-coeur.com\/wp-content\/uploads\/2021\/11\/Alfred_Huet_027_028-691x1024.jpg 691w, https:\/\/www.brenne-au-coeur.com\/wp-content\/uploads\/2021\/11\/Alfred_Huet_027_028-768x1138.jpg 768w, https:\/\/www.brenne-au-coeur.com\/wp-content\/uploads\/2021\/11\/Alfred_Huet_027_028-1036x1536.jpg 1036w, https:\/\/www.brenne-au-coeur.com\/wp-content\/uploads\/2021\/11\/Alfred_Huet_027_028-1320x1957.jpg 1320w, https:\/\/www.brenne-au-coeur.com\/wp-content\/uploads\/2021\/11\/Alfred_Huet_027_028.jpg 1352w\" sizes=\"auto, (max-width: 202px) 100vw, 202px\" \/><\/a><figcaption id=\"caption-attachment-989\" class=\"wp-caption-text\">Sources\u00a0: Le m\u00e9morial du bagne cal\u00e9donien de Louis-Jos\u00e9 Barban\u00e7on<\/figcaption><\/figure>\n<p class=\"western\" align=\"justify\">Vogue la gal\u00e8re&nbsp;! Direction le large de l\u2019Espagne, les \u00eeles du Cap-Vert pour un premier ravitaillement \u00e0 Mindelo (\u00eele de Sao Vincente). Du b\u00e9tail et de la volaille sont embarqu\u00e9s. Le cap de Bonne-Esp\u00e9rance est franchi le 7 septembre. Nouvelle escale de quelques jours avant la grande travers\u00e9e de l\u2019Oc\u00e9an Indien. Les conditions de vie \u00e0 bord demeurent inconnues. Le quotidien parisien Le Rappel, dans son num\u00e9ro du 16 juin 1873 annonce que \u00ab\u00a0 les familles ne seront pas soumises \u00e0 bord au r\u00e9gime des matelots&nbsp;; elles jouiront d\u2019une alimentation dans laquelle les salaisons n\u2019entreront que pour une faible part. Les enfants particuli\u00e8rement auront une nourriture en rapport avec leur \u00e2ge&nbsp;\u00bb. Il para\u00eet que les \u00ab&nbsp;jeunes filles honn\u00eates et laborieuses&nbsp;\u00bb (l\u2019une est veuve, l\u2019autre maman&nbsp;!) ont donn\u00e9 du fil \u00e0 retordre aux religieuses accompagnantes.<\/p>\n<p class=\"western\" align=\"justify\">Concernant les familles de d\u00e9port\u00e9s, pour la plupart farouchement anticl\u00e9ricales, elles ne d\u00e9rang\u00e8rent gu\u00e8re l\u2019aum\u00f4nier Testory. La capitaine quant \u00e0 lui, enregistrera 9 d\u00e9c\u00e8s d\u2019enfants en bas-\u00e2ge et 2 naissances. Ce que l\u2019Etat fran\u00e7ais, au travers d\u2019un Journal Officiel, consid\u00e9rera comme un \u00ab&nbsp;succ\u00e8s qui a couronn\u00e9 ce premier essai [de transport de ce type]&nbsp;\u00bb. Tout comme sur la Guerri\u00e8re, les conditions d\u2019hygi\u00e8ne devaient \u00eatre tr\u00e8s difficiles \u00e0 g\u00e9rer, d\u2019autant que le nombre d\u2019enfants les amplifiaient. Apr\u00e8s 81\u00a0jours de mer et quelques temp\u00eates, le F\u00e9nelon touche Sydney (Australie) pour un ultime approvisionnement.<\/p>\n<p class=\"western\" align=\"justify\">Le 23 octobre, cette travers\u00e9e de plus de 25000 km (13788 miles nautiques) s\u2019ach\u00e8ve en d\u00e9barquant ses passagers dans le port de Noum\u00e9a. Marie et ses enfants sont aussit\u00f4t emmen\u00e9s, avec une centaine d\u2019autres personnes, sur la presqu\u2019\u00eele Ducos rejoindre leurs conjoints. Nous ne savons rien de leurs retrouvailles. Que de d\u00e9paysement, de nouveaut\u00e9, d\u2019isolement, de peur probablement \u2026 La douceur de climat \u00e9tonne tout comme un certain Deschamps qui \u00e9crit \u00e0 son \u00e9pouse&nbsp;: \u00ab\u00a0\u2026 les saisons sont l\u2019inverse de ce qu\u2019elles sont en France, c&rsquo;est-\u00e0-dire que quand vous avez le printemps, nous avons l\u2019automne, que quand vous avez l\u2019hiver, nous avons l\u2019\u00e9t\u00e9. Il en est de m\u00eame pour le jour et la nuit, car quand vous avez midi en France, nous avons onze heures du soir \u2026 La saison hivernale [\u2026] n\u2019am\u00e8ne jamais la plus faible gel\u00e9e blanche\u00a0; la temp\u00e9rature peut \u00eatre compar\u00e9e \u00e0 celle que vous procure le mois de Mai en admettant qu\u2019il soit un peu pluvieux.\u00a0\u00bb<\/p>\n<figure id=\"attachment_990\" aria-describedby=\"caption-attachment-990\" style=\"width: 273px\" class=\"wp-caption alignleft\"><a href=\"https:\/\/www.brenne-au-coeur.com\/wp-content\/uploads\/2021\/11\/Alfred_Huet_029_30.jpg\" rel=\"lightbox[942]\"><img loading=\"lazy\" decoding=\"async\" class=\"wp-image-990 size-medium\" src=\"https:\/\/www.brenne-au-coeur.com\/wp-content\/uploads\/2021\/11\/Alfred_Huet_029_30-273x300.jpg\" alt=\"\" width=\"273\" height=\"300\" srcset=\"https:\/\/www.brenne-au-coeur.com\/wp-content\/uploads\/2021\/11\/Alfred_Huet_029_30-273x300.jpg 273w, https:\/\/www.brenne-au-coeur.com\/wp-content\/uploads\/2021\/11\/Alfred_Huet_029_30-931x1024.jpg 931w, https:\/\/www.brenne-au-coeur.com\/wp-content\/uploads\/2021\/11\/Alfred_Huet_029_30-768x844.jpg 768w, https:\/\/www.brenne-au-coeur.com\/wp-content\/uploads\/2021\/11\/Alfred_Huet_029_30-1320x1451.jpg 1320w, https:\/\/www.brenne-au-coeur.com\/wp-content\/uploads\/2021\/11\/Alfred_Huet_029_30.jpg 1386w\" sizes=\"auto, (max-width: 273px) 100vw, 273px\" \/><\/a><figcaption id=\"caption-attachment-990\" class=\"wp-caption-text\">L\u00e9gende\u00a0: tailleurs et cordonniers Source\u00a0: Le m\u00e9morial du bagne cal\u00e9donien de Louis-Jos\u00e9 Barban\u00e7on et SHD Vincennes<\/figcaption><\/figure>\n<p class=\"western\" align=\"justify\">L\u2019organisation de l\u2019Administration p\u00e9nitentiaire \u00e9tait r\u00e9gie par une multitude de textes qui d\u00e9terminait avec une pr\u00e9cision minutieuse les moindres d\u00e9tails des journ\u00e9es des d\u00e9port\u00e9s et condamn\u00e9s. C\u2019est ainsi qu\u2019\u00e0 chaque cat\u00e9gorie de condamnation correspondait un lieu particulier&nbsp;: les condamn\u00e9s aux travaux forc\u00e9s se voyaient regroup\u00e9s sur l\u2019\u00eele Nou tandis que les d\u00e9port\u00e9s en enceinte fortifi\u00e9e \u00e9taient rassembl\u00e9s sur la presqu\u2019\u00eele Ducos. Enfin, les d\u00e9port\u00e9s \u00ab&nbsp;simples&nbsp;\u00bb prenaient possession de l\u2019\u00eele des Pins, plus \u00e9loign\u00e9e mais plus grande et plus propice \u00e0 se voir attribuer un lopin de terre. Sa peine ayant \u00e9t\u00e9 commu\u00e9e en d\u00e9portation simple sous le num\u00e9ro d\u2019\u00e9crou 2589, Alfred et sa famille sont transf\u00e9r\u00e9s sur cette \u00eele, positionn\u00e9e \u00e0 105 km de la pointe sud-est de la Grande-Terre, le 6 juin 1874. Ils d\u00e9barquent sur la presqu\u2019\u00eele de Kuto qui concentre le territoire militaire avant de s\u2019installer \u00e0 Uro ou Ka\u00e2. Hormis des p\u00e8res maristes qui exploitent quelques fermes avec l\u2019aide de Kanaks, ce bout de territoire de 152 km2 n\u2019est pas am\u00e9nag\u00e9 pour recevoir tous ces d\u00e9port\u00e9s de la m\u00e9tropole. Les premiers arriv\u00e9s n\u2019avaient m\u00eame pas de baraquements pour dormir et manger. Il a donc fallu d\u00e9fricher la terre avec les 5 pelles et pioches mis \u00e0 disposition par l\u2019Administration p\u00e9nitentiaire pour 584 d\u00e9tenus en 1873\u00a0!<\/p>\n<p class=\"western\" align=\"justify\">Les condamn\u00e9s pouvaient se d\u00e9placer librement dans un rayon de 25 km. Ils ne devaient se pr\u00e9senter qu\u2019une fois par mois aux surveillants pour \u00ab&nbsp;pointer&nbsp;\u00bb. Les plus s\u00e9rieux d\u2019entre eux avaient m\u00eame l\u2019autorisation de se rendre sur la Grande-Terre. L\u2019oisivet\u00e9 est de mise car, \u00e0 part la construction de quelques routes organis\u00e9e par le G\u00e9nie, il n\u2019y a aucun travail possible, aucune corv\u00e9e obligatoire. Peu d\u2019agriculteurs parmi les communards pour travailler une terre rouge inculte. Las de cette absence d\u2019occupation, les d\u00e9port\u00e9s boivent. Beaucoup. Trop. Beaucoup trop. L\u2019alcool fait des ravages&nbsp;: bagarres s\u00e9v\u00e8rement r\u00e9prim\u00e9es par des surveillants violents, maladies, absence de tout rep\u00e8re moral. Certains se suicident, d\u2019autres deviennent fous. Les r\u00eaves d\u2019\u00e9vasion s\u2019\u00e9vanouissent vite \u00e0 la vue des requins autour de cette \u00eele trop \u00e9loign\u00e9e. Le climat tropical, les moustiques, des milliers de puces et de mouches compl\u00e8tent le tableau peu reluisant de l\u2019\u00eele des Pins.<\/p>\n<p class=\"western\" align=\"justify\">C\u2019est dans cette atmosph\u00e8re pesante et insalubre que la famille Huet r\u00e9unie va entreprendre une nouvelle vie.<\/p>\n<p class=\"western\" align=\"justify\">Il y a tout lieu de penser qu\u2019Alfred a rapidement construit un h\u00e9bergement solide, peut-\u00eatre une maison comme d\u2019autres camarades. Ses outils de cordonnier lui ont permis de reprendre cette activit\u00e9 et de pouvoir en faire vivre chichement son \u00e9pouse et ses enfants. Jusqu\u2019en 1875, l\u2019Intendance assurait quotidiennement, en chaloupe, un ravitaillement en vivres et en v\u00eatements. L\u2019\u00eele ne comptait ni boucherie, ni boulangerie malgr\u00e9 les 3000 d\u00e9port\u00e9s, sans compter les familles et la population locale. L\u2019ouvrage intitul\u00e9 \u00ab&nbsp;le m\u00e9morial du bagne cal\u00e9donien&nbsp;\u00bb nous apprend que de nombreux ateliers de tailleurs et de cordonniers for\u00e7ats avaient vu le jour sur l\u2019\u00eele Nou. En 1876, 90 tailleurs avaient d\u00e9j\u00e0 confectionn\u00e9 12 500 chemises, 13 600 pantalons et 10 000 vareuses&nbsp;; 73 cordonniers avaient produit 15 000 paires de chaussures. L\u2019ensemble \u00e9tait destin\u00e9 aux militaires et aux condamn\u00e9s. Il est vraisemblable que notre artisan berrichon ait contribu\u00e9 \u00e0 cette \u00e9conomie naissante sur l\u2019\u00eele des Pins. L\u2019Administration, ne sachant que faire de d\u00e9port\u00e9s qui tentent de s\u2019\u00e9vader, qui sombrent dans le d\u00e9s\u0153uvrement et la boisson, d\u00e9cide de ne plus subvenir \u00e0 leurs besoins. D\u00e9sormais, chacun devra trouver \u00e0 travailler et \u00e0 se prendre en charge. C\u2019est ainsi qu\u2019au fil des ans, l\u2019\u00eele des Pins se transforme. G\u00e9r\u00e9s par un conseil municipal, cinq villages voient le jour. Ils sont d\u00e9nomm\u00e9s par leur num\u00e9ro d\u2019ordre, toujours usit\u00e9s\u00a0: premi\u00e8re commune, deuxi\u00e8me commune, etc. Des activit\u00e9s culturelles et intellectuelles se mettent en place\u00a0: journaux, th\u00e9\u00e2tre, chorales, \u2026<\/p>\n<figure id=\"attachment_991\" aria-describedby=\"caption-attachment-991\" style=\"width: 218px\" class=\"wp-caption alignright\"><a href=\"https:\/\/www.brenne-au-coeur.com\/wp-content\/uploads\/2021\/11\/Alfred_Huet_031.jpg\" rel=\"lightbox[942]\"><img loading=\"lazy\" decoding=\"async\" class=\"wp-image-991 size-medium\" src=\"https:\/\/www.brenne-au-coeur.com\/wp-content\/uploads\/2021\/11\/Alfred_Huet_031-218x300.jpg\" alt=\"\" width=\"218\" height=\"300\" srcset=\"https:\/\/www.brenne-au-coeur.com\/wp-content\/uploads\/2021\/11\/Alfred_Huet_031-218x300.jpg 218w, https:\/\/www.brenne-au-coeur.com\/wp-content\/uploads\/2021\/11\/Alfred_Huet_031-744x1024.jpg 744w, https:\/\/www.brenne-au-coeur.com\/wp-content\/uploads\/2021\/11\/Alfred_Huet_031-768x1057.jpg 768w, https:\/\/www.brenne-au-coeur.com\/wp-content\/uploads\/2021\/11\/Alfred_Huet_031.jpg 839w\" sizes=\"auto, (max-width: 218px) 100vw, 218px\" \/><\/a><figcaption id=\"caption-attachment-991\" class=\"wp-caption-text\">Alfred. Dessin de Julien Devicque, peintre lithographe d\u00e9port\u00e9 sur la Guerri\u00e8re Source\u00a0: AD 36 \u2013 48J-2B-1317<\/figcaption><\/figure>\n<figure id=\"attachment_992\" aria-describedby=\"caption-attachment-992\" style=\"width: 300px\" class=\"wp-caption alignright\"><a href=\"https:\/\/www.brenne-au-coeur.com\/wp-content\/uploads\/2021\/11\/Alfred_Huet_032.jpg\" rel=\"lightbox[942]\"><img loading=\"lazy\" decoding=\"async\" class=\"wp-image-992 size-medium\" src=\"https:\/\/www.brenne-au-coeur.com\/wp-content\/uploads\/2021\/11\/Alfred_Huet_032-300x201.jpg\" alt=\"\" width=\"300\" height=\"201\" srcset=\"https:\/\/www.brenne-au-coeur.com\/wp-content\/uploads\/2021\/11\/Alfred_Huet_032-300x201.jpg 300w, https:\/\/www.brenne-au-coeur.com\/wp-content\/uploads\/2021\/11\/Alfred_Huet_032-272x182.jpg 272w, https:\/\/www.brenne-au-coeur.com\/wp-content\/uploads\/2021\/11\/Alfred_Huet_032.jpg 700w\" sizes=\"auto, (max-width: 300px) 100vw, 300px\" \/><\/a><figcaption id=\"caption-attachment-992\" class=\"wp-caption-text\">Le Tage en 1824 \u2013 Source\u00a0: bernard-guinard.com<\/figcaption><\/figure>\n<p class=\"western\" align=\"justify\">Dans le courant du dernier trimestre de l\u2019ann\u00e9e 1873, Alfred a demand\u00e9 au gouverneur de la Colonie que sa peine soit commu\u00e9e en \u00ab\u00a0d\u00e9portation simple\u00a0\u00bb. Le temps que les courriers \u00e9chang\u00e9s fassent les allers-retours n\u00e9cessaires entre Noum\u00e9a et le minist\u00e8re de la Guerre, il obtient gain de cause le 29 janvier 1874 car \u00ab\u00a0 la conduite de Huet n\u2019a donn\u00e9 lieu \u00e0 aucun reproche tant en France qu\u2019\u00e0 la Nouvelle-Cal\u00e9donie\u00a0\u00bb.<\/p>\n<p class=\"western\" align=\"justify\">Ce changement de statut, indispensable pour prouver une conduite exemplaire, devait mener \u00e0 l\u2019attribution d\u2019une concession de terrain en \u00e9change de sa mise en culture. La famille Huet a tr\u00e8s certainement d\u00e9couvert la meilleure fa\u00e7on faire pousser la canne \u00e0 sucre, le caf\u00e9, le riz, le tabac, l\u2019igname, le tarot et surtout le ma\u00efs avec ses trois r\u00e9coltes annuelles. Faute de documents et de narrations sur cette vie quotidienne, le myst\u00e8re demeurera. Nous ne saurons pas comment Marie, qui faisait partie de la trentaine de femmes transport\u00e9es sur l\u2019\u00eele des Pins, s\u2019est adapt\u00e9e \u00e0 ces conditions d\u00e9licates. Les 500 kg de bagages ont tr\u00e8s certainement \u00e9t\u00e9 les bienvenus pour son \u00e9poux qui subsistait tant bien que mal depuis plus de deux ans. Quant aux enfants, ils d\u00e9couvraient un nouveau terrain de jeu exotique. Il est probable que leur scolarit\u00e9 ait \u00e9t\u00e9 organis\u00e9e sur place \u2026<\/p>\n<figure id=\"attachment_993\" aria-describedby=\"caption-attachment-993\" style=\"width: 263px\" class=\"wp-caption alignleft\"><a href=\"https:\/\/www.brenne-au-coeur.com\/wp-content\/uploads\/2021\/11\/Alfred_Huet_033.jpg\" rel=\"lightbox[942]\"><img loading=\"lazy\" decoding=\"async\" class=\"wp-image-993 size-full\" src=\"https:\/\/www.brenne-au-coeur.com\/wp-content\/uploads\/2021\/11\/Alfred_Huet_033.jpg\" alt=\"\" width=\"263\" height=\"200\" \/><\/a><figcaption id=\"caption-attachment-993\" class=\"wp-caption-text\">Le retour des exil\u00e9s en 1880 Source\u00a0: www.commune1871.org<\/figcaption><\/figure>\n<figure id=\"attachment_996\" aria-describedby=\"caption-attachment-996\" style=\"width: 232px\" class=\"wp-caption alignleft\"><a href=\"https:\/\/www.brenne-au-coeur.com\/wp-content\/uploads\/2021\/11\/Alfred_Huet_035_02.jpg\" rel=\"lightbox[942]\"><img loading=\"lazy\" decoding=\"async\" class=\"wp-image-996 size-medium\" src=\"https:\/\/www.brenne-au-coeur.com\/wp-content\/uploads\/2021\/11\/Alfred_Huet_035_02-232x300.jpg\" alt=\"\" width=\"232\" height=\"300\" srcset=\"https:\/\/www.brenne-au-coeur.com\/wp-content\/uploads\/2021\/11\/Alfred_Huet_035_02-232x300.jpg 232w, https:\/\/www.brenne-au-coeur.com\/wp-content\/uploads\/2021\/11\/Alfred_Huet_035_02.jpg 709w\" sizes=\"auto, (max-width: 232px) 100vw, 232px\" \/><\/a><figcaption id=\"caption-attachment-996\" class=\"wp-caption-text\">Andronie Sources\u00a0: famille Huet<\/figcaption><\/figure>\n<figure id=\"attachment_997\" aria-describedby=\"caption-attachment-997\" style=\"width: 204px\" class=\"wp-caption alignright\"><a href=\"https:\/\/www.brenne-au-coeur.com\/wp-content\/uploads\/2021\/11\/Alfred_Huet_036.jpg\" rel=\"lightbox[942]\"><img loading=\"lazy\" decoding=\"async\" class=\"wp-image-997 size-medium\" src=\"https:\/\/www.brenne-au-coeur.com\/wp-content\/uploads\/2021\/11\/Alfred_Huet_036-204x300.jpg\" alt=\"\" width=\"204\" height=\"300\" srcset=\"https:\/\/www.brenne-au-coeur.com\/wp-content\/uploads\/2021\/11\/Alfred_Huet_036-204x300.jpg 204w, https:\/\/www.brenne-au-coeur.com\/wp-content\/uploads\/2021\/11\/Alfred_Huet_036.jpg 570w\" sizes=\"auto, (max-width: 204px) 100vw, 204px\" \/><\/a><figcaption id=\"caption-attachment-997\" class=\"wp-caption-text\">Ani Sources\u00a0: famille Huet<\/figcaption><\/figure>\n<p class=\"western\" align=\"justify\">Traumatis\u00e9e par la Commune, la France ne se soucia gu\u00e8re du sort r\u00e9serv\u00e9 aux communards et \u00e0 leurs foyers. Les recours en gr\u00e2ce avaient \u00e9t\u00e9 rejet\u00e9s<\/p>\n<figure id=\"attachment_994\" aria-describedby=\"caption-attachment-994\" style=\"width: 300px\" class=\"wp-caption alignright\"><a href=\"https:\/\/www.brenne-au-coeur.com\/wp-content\/uploads\/2021\/11\/Alfred_Huet_034.jpg\" rel=\"lightbox[942]\"><img loading=\"lazy\" decoding=\"async\" class=\"wp-image-994 size-medium\" src=\"https:\/\/www.brenne-au-coeur.com\/wp-content\/uploads\/2021\/11\/Alfred_Huet_034-300x192.jpg\" alt=\"\" width=\"300\" height=\"192\" srcset=\"https:\/\/www.brenne-au-coeur.com\/wp-content\/uploads\/2021\/11\/Alfred_Huet_034-300x192.jpg 300w, https:\/\/www.brenne-au-coeur.com\/wp-content\/uploads\/2021\/11\/Alfred_Huet_034-1024x656.jpg 1024w, https:\/\/www.brenne-au-coeur.com\/wp-content\/uploads\/2021\/11\/Alfred_Huet_034-768x492.jpg 768w, https:\/\/www.brenne-au-coeur.com\/wp-content\/uploads\/2021\/11\/Alfred_Huet_034.jpg 1237w\" sizes=\"auto, (max-width: 300px) 100vw, 300px\" \/><\/a><figcaption id=\"caption-attachment-994\" class=\"wp-caption-text\">Le B\u0153uf Couronn\u00e9 au d\u00e9but du XXe si\u00e8cle Source\u00a0: m\u00e9diath\u00e8que de M\u00e9zi\u00e8res-en-Brenne<\/figcaption><\/figure>\n<p class=\"western\" align=\"justify\">par pellet\u00e9es. N\u00e9anmoins, d\u00e8s la fin de l\u2019ann\u00e9e 1871, la presse de gauche et quelques d\u00e9put\u00e9s \u00e9voquent une amnistie et un projet de loi devant \u00eatre d\u00e9pos\u00e9 en ce sens \u2026 En 1876, apr\u00e8s bien des tergiversations politiques, une intervention de Clemenceau \u00e0 l\u2019Assembl\u00e9e nationale, de Victor Hugo au S\u00e9nat pour demander l\u2019ajournement des d\u00e9portations toujours en cours et de Raspail qui milite en faveur d\u2019une amnistie totale, cette derni\u00e8re est finalement repouss\u00e9e par 372 voix contre pour 50 en sa faveur. Finalement, \u00e0 l\u2019issue de la victoire de la Gauche au S\u00e9nat le 5 janvier 1879 et au terme de moultes joutes diplomatiques, les insurg\u00e9s de la Commune sont enfin tous amnisti\u00e9s le 12 juillet 1880. Pour une raison ignor\u00e9e, les conditions de d\u00e9tention d\u2019Alfred s\u2019\u00e9taient d\u00e9j\u00e0 assouplies en 1878. En effet, il lui a \u00e9t\u00e9 notifi\u00e9 le 9 avril d\u2019une \u00ab&nbsp;remise enti\u00e8re de sa peine, avec condition de r\u00e9sidence obligatoire \u00e0 la Nouvelle-Cal\u00e9donie.&nbsp;\u00bb, d\u00e9cid\u00e9e par le minist\u00e8re de la Guerre.<\/p>\n<figure id=\"attachment_998\" aria-describedby=\"caption-attachment-998\" style=\"width: 300px\" class=\"wp-caption alignright\"><a href=\"https:\/\/www.brenne-au-coeur.com\/wp-content\/uploads\/2021\/11\/Alfred_Huet_037.jpg\" rel=\"lightbox[942]\"><img loading=\"lazy\" decoding=\"async\" class=\"wp-image-998 size-medium\" src=\"https:\/\/www.brenne-au-coeur.com\/wp-content\/uploads\/2021\/11\/Alfred_Huet_037-300x214.jpg\" alt=\"\" width=\"300\" height=\"214\" srcset=\"https:\/\/www.brenne-au-coeur.com\/wp-content\/uploads\/2021\/11\/Alfred_Huet_037-300x214.jpg 300w, https:\/\/www.brenne-au-coeur.com\/wp-content\/uploads\/2021\/11\/Alfred_Huet_037-1024x730.jpg 1024w, https:\/\/www.brenne-au-coeur.com\/wp-content\/uploads\/2021\/11\/Alfred_Huet_037-768x547.jpg 768w, https:\/\/www.brenne-au-coeur.com\/wp-content\/uploads\/2021\/11\/Alfred_Huet_037-1320x941.jpg 1320w, https:\/\/www.brenne-au-coeur.com\/wp-content\/uploads\/2021\/11\/Alfred_Huet_037.jpg 1386w\" sizes=\"auto, (max-width: 300px) 100vw, 300px\" \/><\/a><figcaption id=\"caption-attachment-998\" class=\"wp-caption-text\">Source\u00a0: livre Noum\u00e9a r\u00e9tro 1854-1939 de Luc Chevalier<\/figcaption><\/figure>\n<p class=\"western\" align=\"justify\">Moins d\u2019une ann\u00e9e plus tard, le 15 janvier 1879, l\u2019obligation de r\u00e9sidence est, elle aussi, lev\u00e9e. Enfin, la libert\u00e9 totale&nbsp;! Exactement 8 ans, jour pour jour, apr\u00e8s avoir embarqu\u00e9 sur la Guerri\u00e8re, Alfred, Marie et Mathilde quittent la colonie \u00e0 bord du Tage le 6 avril 1880. Ils sont seulement 152, dont 97 graci\u00e9s ou en peine commu\u00e9e, 55 passagers et un chaton canaque. Le Tage accoste en rade de Brest le 1<sup>er<\/sup> ao\u00fbt 1880, au terme de 117 jours de navigation et une seule escale \u00e0 Sainte-H\u00e9l\u00e8ne. Pendant la travers\u00e9e, la fi\u00e8vre typho\u00efde emporta seize matelots. A l\u2019approche des c\u00f4tes fran\u00e7aises, les ex-d\u00e9port\u00e9s ont appris leur amnistie g\u00e9n\u00e9rale, c&rsquo;est-\u00e0-dire la r\u00e9cup\u00e9ration de leurs droits civiques. Des membres du comit\u00e9 Louis-Blanc (homme politique qui a \u0153uvr\u00e9 pour l\u2019amnistie des communards) accueillent les d\u00e9port\u00e9s et leurs familles en grande pompe le 3 ao\u00fbt au petit matin, en gare Montparnasse. Enflamm\u00e9, l\u2019un des orateurs a d\u00e9clar\u00e9 \u00e0 l\u2019adresse des nouveaux venus \u00ab\u00a0 pendant huit ann\u00e9es d\u2019angoisses et de mis\u00e8res, ils ont eu le temps de se refaire des ongles, des dents et de la haine \u2026&nbsp;\u00bb. \u2026 Sauf que les int\u00e9ress\u00e9s n\u2019aspiraient qu\u2019\u00e0 se faire oublier et reprendre une vie paisible dans leurs r\u00e9gions respectives. Certains avaient d\u00e9cid\u00e9 de rester d\u00e9finitivement en Nouvelle-Cal\u00e9donie, la colonisant progressivement. A ce jour, de nombreux descendants y sont toujours \u00e9tablis. Avant de se s\u00e9parer d\u00e9finitivement, une r\u00e9ception suivie d\u2019un repas chez Lefranc 51-59 bd du Montparnasse, permit de retrouver de v\u00e9n\u00e9rables camarades de la Commune venus \u00ab&nbsp;souhaiter la bienvenue \u00e0 leurs anciens compagnons de captivit\u00e9&nbsp;\u00bb selon le Petit Journal qui relate ce retour. Un comit\u00e9 de soutien remit 10 francs \u00e0 chaque amnisti\u00e9. N\u00e9anmoins, la police parisienne a \u00e9tabli de nombreux rapports sur cette arriv\u00e9e. Avec forts d\u00e9tails, elle constata le \u00ab&nbsp;peu d\u2019enthousiasme&nbsp;\u00bb et une \u00ab&nbsp;tranquillit\u00e9 compl\u00e8te&nbsp;\u00bb de l\u2019attroupement&nbsp;!La famille est enfin de retour \u00e0 M\u00e9zi\u00e8res-en-Brenne. Mathilde vient de f\u00eater le 5 son 15<sup>\u00e8me<\/sup> anniversaire. Mais o\u00f9 est donc Andronie&nbsp;? Il est certain qu\u2019il n\u2019est pas mont\u00e9 sur le Tage.A 17 ans, le jeune homme est de toute \u00e9vidence, rest\u00e9 en Nouvelle-Cal\u00e9donie. Comment et de quoi vivait-il&nbsp;? O\u00f9 demeurait-il&nbsp;? Ces questions demeurent sans r\u00e9ponse, sauf \u00e0 aller chercher les \u00e9ventuelles r\u00e9ponses sur place \u2026 Il faut se r\u00e9habituer au climat berrichon, aux l\u00e9gumes\u00a0 et aux fruits, se r\u00e9approprier une maison, un m\u00e9tier mais aussi raconter, d\u00e9crire, expliquer sans cesse la faune, la flore, les Kanaks, la vie dans cette colonie fran\u00e7aise du bout du monde \u2026 Louis et Ad\u00e8le, les parents d\u2019Alfred, sont d\u00e9c\u00e9d\u00e9s respectivement en 1876 et 1875. Mais aussi, tante M\u00e9lanie en 1873 et son \u00e9poux, l\u2019oncle Henri Doucet fin 1879. Ont-ils eu connaissance de ces disparitions&nbsp;? Les Huet ont ramen\u00e9 toutes leurs affaires \u00e0 bord du Tage. Quelques centaines de kilos. D\u00e8s le 12 ao\u00fbt, Alfred informe officiellement le minist\u00e8re de la Guerre qu\u2019une caisse de linge semble avoir \u00e9t\u00e9 \u00e9gar\u00e9e entre Brest et M\u00e9zi\u00e8res. Les recherches bienveillantes de la pr\u00e9fecture maritime sont, \u00e0 priori, demeur\u00e9es vaines. Quel nouveau d\u00e9part apr\u00e8s ces nombreuses ann\u00e9es \u00e9loign\u00e9es de la Brenne&nbsp;? Nul ne le saura, \u00e0 d\u00e9faut de t\u00e9moignage. Ma\u00eetre Charon, notaire local, a rencontr\u00e9 les \u00e9poux Huet \u00e0 3 reprises entre novembre et d\u00e9cembre 1880 pour des ventes \u00ab&nbsp;d\u2019immeubles&nbsp;\u00bb dont l\u2019h\u00f4tel du B\u0153uf Couronn\u00e9, acquis \u00e0 terme pour 14 750 francs et demeur\u00e9 dans la famille jusqu\u2019en 1979. C\u2019est ainsi qu\u2019Alfred est d\u00e9nomm\u00e9 \u00ab&nbsp;ma\u00eetre d\u2019h\u00f4tel&nbsp;\u00bb, place du March\u00e9 (l\u2019actuelle place du G\u00e9n\u00e9ral de Gaulle) lors de son recensement en 1886 et sur l\u2019annuaire de la France ma\u00e7onnique de 1888. Mathilde a \u00e9pous\u00e9 le 18 septembre 1883 Florent Nuret, originaire du Blanc et agent des ponts et chauss\u00e9es d\u00e9tach\u00e9 au chemin de fer. La gare de cette sous-pr\u00e9fecture s\u2019\u00e9toffait avec les constructions de lignes ferroviaires en plein essor. De cette union, na\u00eetra une fille unique Ren\u00e9e, le 12 juillet 1884.L\u2019ancien communard a probablement initi\u00e9 les jeunes mari\u00e9s \u00e0 la gestion de cet h\u00f4tel-restaurant puisque nous les retrouvons en 1896 patrons de l\u2019\u00e9tablissement avec Louis Pain et Marie Antigny comme domestiques. La r\u00e9putation gastronomique du lieu \u00e9tait assur\u00e9e par Mathilde aux fourneaux.<\/p>\n<p class=\"western\" align=\"justify\">Marie et Alfred vivent d\u00e9sormais rue du Four. Retrait\u00e9s, dirions-nous aujourd\u2019hui \u2026<\/p>\n<figure id=\"attachment_999\" aria-describedby=\"caption-attachment-999\" style=\"width: 198px\" class=\"wp-caption alignright\"><a href=\"https:\/\/www.brenne-au-coeur.com\/wp-content\/uploads\/2021\/11\/Alfred_Huet_038.jpg\" rel=\"lightbox[942]\"><img loading=\"lazy\" decoding=\"async\" class=\"wp-image-999 size-medium\" src=\"https:\/\/www.brenne-au-coeur.com\/wp-content\/uploads\/2021\/11\/Alfred_Huet_038-198x300.jpg\" alt=\"\" width=\"198\" height=\"300\" srcset=\"https:\/\/www.brenne-au-coeur.com\/wp-content\/uploads\/2021\/11\/Alfred_Huet_038-198x300.jpg 198w, https:\/\/www.brenne-au-coeur.com\/wp-content\/uploads\/2021\/11\/Alfred_Huet_038.jpg 640w\" sizes=\"auto, (max-width: 198px) 100vw, 198px\" \/><\/a><figcaption id=\"caption-attachment-999\" class=\"wp-caption-text\">Alfred \u00e2g\u00e9 \u2026 Source\u00a0: AD 36- 48J-2B-1322<\/figcaption><\/figure>\n<p class=\"western\" align=\"justify\">Andronie a eu un parcours plus mouvement\u00e9. Recens\u00e9 en 1886 \u00e0 M\u00e9zi\u00e8res comme voyageur de commerce \u00e0 l\u2019\u00e2ge de 23 ans, il fit de nombreux allers-retours entre la m\u00e9tropole et la Nouvelle-Cal\u00e9donie. En 1888, il navigua sur le Salazie, un \u00ab&nbsp;bateau-poste&nbsp;\u00bb des Messageries Maritimes qui assurait des liaisons r\u00e9guli\u00e8res Marseille-Noum\u00e9a, via la R\u00e9union et Sydney. M et Mme Ballande, l\u2019un des plus gros propri\u00e9taires miniers de l\u2019\u00eele, \u00e9taient aussi du voyage. Un probable courant de sympathie entre passagers explique qu\u2019Andronie soit devenu, d\u00e8s son arriv\u00e9e \u00ab&nbsp;comptable du nickel&nbsp;\u00bb et domicili\u00e9 \u00e0 Thio, le centre historique de l\u2019actuelle Soci\u00e9t\u00e9 le Nickel, fond\u00e9e en 1880. Quelques ann\u00e9es passent \u2026 le 5 mai 1892, <span style=\"color: #222222;\"><span style=\"font-family: Arial, sans-serif;\"><span style=\"font-size: xx-small;\">\u00a0<\/span><\/span><\/span><span style=\"color: #222222;\">la corse <\/span><span style=\"color: #0000ff;\"><a href=\"https:\/\/gw.geneanet.org\/aderriennvenard?lang=fr&amp;iz=2&amp;p=ani+antoinette+hortense&amp;n=maestracci\"><span style=\"color: #000000;\">Ani-Antoinette-Hortense Maestracci<\/span><\/a><\/span> convole en justes noces avec Andronie qui, bien qu\u2019\u00e2g\u00e9 de 29 ans, a d\u00fb obtenir le consentement \u00e9crit de ses parents qui n\u2019ont pas refait le voyage&nbsp;! Le p\u00e8re d\u2019Ani, indiqu\u00e9 comme n\u00e9gociant le jour du mariage de sa fille, a cr\u00e9\u00e9 en 1873 une plantation de caf\u00e9. Le d\u00e9veloppement de cette culture, introduite par les fr\u00e8res maristes en 1856, \u00e9tait nouveau sur l\u2019\u00eele&nbsp;: l\u2019arabica se plaisait en altitude et le robusta, d\u2019origine africaine, en plaine. Environ 700 familles de colons libres, incit\u00e9es par Paul Jobin venu de Paris promouvoir cette activit\u00e9 prometteuse de profits confortables, d\u00e9frich\u00e8rent des terres avec l\u2019aide de javanais. Destin\u00e9e \u00e0 la m\u00e9tropole, la quasi-totalit\u00e9 de la production \u00e9tait d\u00e9charg\u00e9e sur les quais du port du Havre. Plus de 2000 tonnes annuelles \u00e0 la veille de la Seconde Guerre mondiale avant d\u2019amorcer un inexorable d\u00e9clin. C\u2019est dans ce contexte que l\u2019on trouve une soci\u00e9t\u00e9 Maestracci-Huet puis Huet tout court dans le recueil des soci\u00e9t\u00e9s coloniales et maritimes en 1902. Andronie \u00e9tait devenu g\u00e9rant de soci\u00e9t\u00e9 et producteur de caf\u00e9. Dans l\u2019\u00eele \u2026 et ailleurs, on \u00e9voque la \u00ab&nbsp;maison Huet&nbsp;\u00bb qui vendait de l\u2019\u00e9picerie, des \u00ab&nbsp;comestibles&nbsp;\u00bb et de nombreux articles allant de la mercerie \u00e0 la chaussure en passant par la papeterie. La belle devanture de l\u2019\u00e9tablissement s\u2019affichait en plein centre de Noum\u00e9a \u00e0 l\u2019angle des rues de l\u2019Alma (qui existe toujours) et Rivoli\/Clemenceau. Le nouveau patron choisissait minutieusement en m\u00e9tropole les importations transport\u00e9es dans l\u2019\u00eele sur plusieurs navires. Il y parvenait ainsi 300 tonnes de marchandises en 2500 colis, attendus avec int\u00e9r\u00eat par les colons. Vingt ans plus tard, Paul Jobin, l\u2019instigateur de la plantation de caf\u00e9, rach\u00e8te l\u2019entreprise qu\u2019il appellera la Soci\u00e9t\u00e9 Havraise Cal\u00e9donienne.<\/p>\n<figure id=\"attachment_1000\" aria-describedby=\"caption-attachment-1000\" style=\"width: 180px\" class=\"wp-caption alignleft\"><a href=\"https:\/\/www.brenne-au-coeur.com\/wp-content\/uploads\/2021\/11\/Alfred_Huet_039.jpg\" rel=\"lightbox[942]\"><img loading=\"lazy\" decoding=\"async\" class=\"wp-image-1000 size-medium\" src=\"https:\/\/www.brenne-au-coeur.com\/wp-content\/uploads\/2021\/11\/Alfred_Huet_039-180x300.jpg\" alt=\"\" width=\"180\" height=\"300\" srcset=\"https:\/\/www.brenne-au-coeur.com\/wp-content\/uploads\/2021\/11\/Alfred_Huet_039-180x300.jpg 180w, https:\/\/www.brenne-au-coeur.com\/wp-content\/uploads\/2021\/11\/Alfred_Huet_039.jpg 584w\" sizes=\"auto, (max-width: 180px) 100vw, 180px\" \/><\/a><figcaption id=\"caption-attachment-1000\" class=\"wp-caption-text\">\u2026 et en Nouvelle-Cal\u00e9donie\u00a0? Source\u00a0: AD 36- 48J-2B-1318<\/figcaption><\/figure>\n<p class=\"western\" align=\"justify\">L\u00e0, nous perdons la trace de la famille d\u2019Andronie qui s\u2019est agrandie avec trois naissances&nbsp;: Andr\u00e9e en 1893 suivie par Marie l\u2019ann\u00e9e suivante et enfin Jean en 1900. Des courriers conserv\u00e9s au sein de la famille confirment que le fils d\u2019Alfred venait fr\u00e9quemment en m\u00e9tropole, tant pour convenance personnelle que pour affaires. Nous ignorons s\u2019il a revu son Berry natal. Professionnellement investi dans la sph\u00e8re mini\u00e8re (nickel, cobalt, cuivre, chrome) mais aussi le cin\u00e9ma (sans succ\u00e8s), Andronie a men\u00e9 une exisence bien remplie d&rsquo;homme d&rsquo;affaires dans des domaines divers et vari\u00e9s, \u00e0 16000 km de la France. En face de l\u2019ancienne presqu\u2019\u00eele Ducos o\u00f9 son p\u00e8re avait v\u00e9cu le d\u00e9but de sa d\u00e9portation se trouve le cimeti\u00e8re du 4<sup>\u00e8me<\/sup> km dans lequel se trouve la s\u00e9pulture d\u2019Andronie-Alfred, d\u00e9c\u00e9d\u00e9 le 4 septembre 1936 d\u2019une embolie foudroyante. Quant \u00e0 son \u00e9pouse, elle est rentr\u00e9e en m\u00e9tropole o\u00f9 elle est pass\u00e9e de vie \u00e0 tr\u00e9pas \u00e0 Paris \u00e0 l\u2019\u00e2ge de 86 ans, en 1960. L\u2019existence s\u2019ach\u00e8ve \u00e9galement \u00e0 M\u00e9zi\u00e8res pour Alfred le 24 mai 1913 dans sa soixante-dix-huiti\u00e8me ann\u00e9e. Marie le rejoindra 4 ans plus tard, le 5 mai 1917, apr\u00e8s avoir connu cette terrible Premi\u00e8re Guerre mondiale. Ils sont enterr\u00e9s dans le cimeti\u00e8re communal.<\/p>\n<p class=\"western\" align=\"justify\">En conclusion, que penser de cette histoire de vie qui s\u2019annon\u00e7ait bien tranquille dans un Berry d\u00e9crit avec une telle justesse par George Sand&nbsp;? L\u2019essor industriel, les crises agricoles, le tourbillon des \u00e9v\u00e8nements politico-historiques du XIXe si\u00e8cle, ont entra\u00een\u00e9 440 berrichons sans r\u00e9elle conscience politique, \u00e0 se battre pour cette Commune qui a tant marqu\u00e9 les esprits \u2026 avec les id\u00e9es novatrices, toujours d\u2019actualit\u00e9, qu\u2019elle a g\u00e9n\u00e9r\u00e9es. Alfred, rebelle de la premi\u00e8re heure, a embarqu\u00e9 les siens dans une dr\u00f4le d\u2019aventure presque malgr\u00e9 lui. Naviguer sur trois oc\u00e9ans, (sur)vivre tant bien que mal dans cette nouvelle colonie du bout du monde, se r\u00e9inventer, demandait des forces de caract\u00e8re et des \u00e9nergies que son \u00e9pouse, ses enfants ont trouv\u00e9es au fond d\u2019eux-m\u00eames. Ces destin\u00e9es ont \u00e9t\u00e9 boulevers\u00e9es \u00e0 cause de la Grande Histoire qui s\u2019est immisc\u00e9e dans les petites histoires de cette famille ordinaire, devenue extraordinaire de par le v\u00e9cu de son anc\u00eatre dont M\u00e9zi\u00e8res-en-Brenne est rest\u00e9 l\u2019ind\u00e9fectible port d\u2019attache.<\/p>\n<h5 class=\"western\" align=\"justify\"><i>SOURCES\u00a0: <\/i><\/h5>\n<ul>\n<li>\n<h5 align=\"justify\">Archives d\u00e9partementales de l\u2019Indre\u00a0: \u00e9tat-civil, recensements num\u00e9ris\u00e9s \u2013 R-517 \u2013 R-652 \u2013 1112W-5. E d\u00e9p\u00f4t 2\/3. Remerciement sp\u00e9cial \u00e0 Laetitia Rondet pour sa perspicacit\u00e9.<\/h5>\n<\/li>\n<li>\n<h5 align=\"justify\">Mairie de M\u00e9zi\u00e8res-en-Brenne (reconnaissance de naissance)<\/h5>\n<\/li>\n<li>\n<h5 align=\"justify\">M\u00e9diath\u00e8que de M\u00e9zi\u00e8res-en-Brenne<\/h5>\n<\/li>\n<li>\n<h5 align=\"justify\">Archives Nationales d\u2019Outre-Mer (ANOM) \u00e0 Aix-en-Provence\u00a0: COL H30 \u2013 COL H85<\/h5>\n<\/li>\n<li>\n<h5 align=\"justify\">Service Historique de la D\u00e9fense (SHD) Vincennes\u00a0: 8J 176<\/h5>\n<\/li>\n<li>\n<h5 align=\"justify\">Archives de la Pr\u00e9fecture de Police de Paris \u2013 Le Pr\u00e9-Saint-Gervais (93)\u00a0: BA 470<\/h5>\n<\/li>\n<li>\n<h5 align=\"justify\">Soci\u00e9t\u00e9 G\u00e9n\u00e9alogique du Bas-Berry (pal\u00e9ographie, arbre g\u00e9n\u00e9alogique). Tout particuli\u00e8rement Christian Pineau, son Pr\u00e9sident et Michel Soulet.<\/h5>\n<\/li>\n<li>\n<h5 align=\"justify\">Cercle Celtique de Noum\u00e9a et notamment Nadine Le Dily pour ses aimables et pr\u00e9cieuses recherches aux archives locales, dans le cadre du Fil d\u2019Ariane.<\/h5>\n<\/li>\n<li>\n<h5 align=\"justify\">Lucette Lecointe, pour son travail de recherches sur tous les communards indriens.<\/h5>\n<\/li>\n<li>\n<h5 align=\"justify\">Souvenir d\u2019un d\u00e9port\u00e9 en Nouvelle-Cal\u00e9donie (1871), Alfred Julia. Accessible sur BNF-Gallica\u00a0: https:\/\/gallica.bnf.fr\/ark:\/12148\/bpt6k5447356n\/f8.item<\/h5>\n<\/li>\n<li>\n<h5 align=\"justify\">Sites internet\u00a0:<\/h5>\n<\/li>\n<li>\n<h5 align=\"justify\"><span style=\"color: #0000ff;\"><a href=\"https:\/\/www.commune1871.org\/la-commune-de-paris\/guide-des-sources\/638-service-historique-de-la-defense\"><span style=\"color: #000000;\">https:\/\/www.commune1871.org\/la-commune-de-paris\/guide-des-sources\/638-service-historique-de-la-defense<\/span><\/a><\/span><\/h5>\n<\/li>\n<li>\n<h5 align=\"justify\"><span style=\"color: #0000ff;\"><a href=\"http:\/\/www.notrepresquile.com\/recits\/autres\/fort-quelern-roscanvel.php\"><span style=\"color: #000000;\">http:\/\/www.notrepresquile.com\/recits\/autres\/fort-quelern-roscanvel.php<\/span><\/a><\/span><\/h5>\n<\/li>\n<li>\n<h5 align=\"justify\">https:\/\/www.presqu-ile-de-crozon.com\/guerre\/fort-de-quelern-001.php<\/h5>\n<\/li>\n<li>\n<h5 align=\"justify\">Le Petit Journal du 04\/02\/1872 \u2013 n\u00b0 3325\u00a0, des 7 et 8\/09\/1874 \u2013 n\u00b0 4273 et 4274 \u2013 des 03, 4 et 05\/08\/1880 \u2013 n\u00b0 6430 , 6431 et 6432. Gallica<\/h5>\n<\/li>\n<li>\n<h5 align=\"justify\">La Gazette universelle du 09\/06\/1872 \u2013 Le Rappel du 16\/08\/1873 &#8211; Retronews.<\/h5>\n<\/li>\n<li>\n<h5 align=\"justify\"><span style=\"color: #0000ff;\"><a href=\"http:\/\/www.bernard-guinard.com\/arcticles%20divers\/Convois%20de%20deportes\/Convois_de_deportes.html#:~:text=-%20Treizi%C3%A8me%20convoi%2C%205%20mars%201875,l'%C3%AEle%20d'Aix\"><span style=\"color: #000000;\">http:\/\/www.bernard-guinard.com\/arcticles%20divers\/Convois%20de%20deportes\/Convois_de_deportes.html#:~:text=%2D%20Treizi%C3%A8me%20convoi%2C%205%20mars%201875,l&rsquo;%C3%AEle%20d&rsquo;Aix<\/span><\/a><\/span>.<\/h5>\n<\/li>\n<\/ul>\n<h5 align=\"justify\">Site remarquablement document\u00e9 et fouill\u00e9 de Bernard Guinard dont les sources sont tir\u00e9es des archives de l\u2019ANOM.<\/h5>\n<ul>\n<li>\n<h5 align=\"justify\"><span style=\"color: #0000ff;\"><a href=\"https:\/\/docplayer.fr\/73952557-Le-voyage-du-fenelon-embarquement-le-27-juillet-1873-au-depart-du-havre-arrivee-en-nouvelle-caledonie-le-23-octobre-1873.html%20-%20AD76%20-%2013P9\"><span style=\"color: #000000;\">https:\/\/docplayer.fr\/73952557-Le-voyage-du-fenelon-embarquement-le-27-juillet-1873-au-depart-du-havre-arrivee-en-nouvelle-caledonie-le-23-octobre-1873.html &#8211; AD76 &#8211; 13P9<\/span><\/a><\/span> 376<\/h5>\n<\/li>\n<li>\n<h5 align=\"justify\"><span style=\"color: #0000ff;\"><a href=\"https:\/\/www.searates.com\/fr\/services\/distances-time\/\"><span style=\"color: #000000;\">https:\/\/www.searates.com\/fr\/services\/distances-time\/<\/span><\/a><\/span><\/h5>\n<\/li>\n<li>\n<h5 align=\"justify\"><span style=\"color: #0000ff;\"><a href=\"https:\/\/www.senat.fr\/histoire\/victor_hugo_et_lamnistie_des_communards\/amnistie_premiers_debats.html\"><span style=\"color: #000000;\">https:\/\/www.senat.fr\/histoire\/victor_hugo_et_lamnistie_des_communards\/amnistie_premiers_debats.html<\/span><\/a><\/span><\/h5>\n<\/li>\n<li>\n<h5 align=\"justify\">Journal Officiel du 28\/03\/1873\u00a0: <span style=\"color: #0000ff;\"><a href=\"https:\/\/gallica.bnf.fr\/ark:\/12148\/bpt6k6218658q\/f1.item\"><span style=\"color: #000000;\">https:\/\/gallica.bnf.fr\/ark:\/12148\/bpt6k6218658q\/f1.item<\/span><\/a><\/span><\/h5>\n<\/li>\n<li>\n<h5 align=\"justify\">D\u00e9port\u00e9s et for\u00e7ats de la Commune, de Belleville \u00e0 Noum\u00e9a &#8211; Roger P\u00e9renn\u00e8s \u2013 Ouest France \u00e9ditions &#8211; 1991<\/h5>\n<\/li>\n<li>\n<h5 align=\"justify\">Soci\u00e9t\u00e9 d\u2019Etudes Historiques de la Nouvelle-Cal\u00e9donie \u2013 bulletin 160 \u2013 3<sup>\u00e8me<\/sup> trimestre 2009<\/h5>\n<\/li>\n<li>\n<h5 align=\"justify\">Lettres du bagne \u2013 ANOM \u2013 Collections d\u2019histoires d\u2019outre-mer \u2013 2007<\/h5>\n<\/li>\n<li>\n<h5 align=\"justify\">La vie quotidienne en Nouvelle-Cal\u00e9donie de 1850 \u00e0 nos jours. Jacqueline S\u00e9n\u00e8s \u2013 Hachette \u2013 1985.<\/h5>\n<\/li>\n<li>\n<h5 align=\"justify\">Le Havre colonial de 1880 \u00e0 1960 \u2013 Claude Malon \u2013 Presses universitaires de Rouen et du Havre \u2013 2006 \u2013 th\u00e8se soutenue en 2001.<\/h5>\n<\/li>\n<li>\n<h5 align=\"justify\">M\u00e9morial du bagne cal\u00e9donien &#8211; tome 1&nbsp;: les cha\u00eenes, tome 2&nbsp;: la terre. Louis-Jos\u00e9 Barban\u00e7on &#8211; Editions Pacifique Au vent des \u00eeles, 2020.<\/h5>\n<\/li>\n<li>\n<h5>La France ma\u00e7onnique \u2013 L\u00e9o Taxil \u2013 1888 \u2013 page 197. Accessible sur Gallica\u00a0: <span style=\"color: #0000ff;\"><a href=\"http:\/\/gallica.bnf.fr\/ark:\/12148\/bpt6k82834m\" target=\"_blank\" rel=\"noopener\"><span style=\"color: #000000;\">http:\/\/gallica.bnf.fr\/ark:\/12148\/bpt6k82834m<\/span><\/a><\/span><\/h5>\n<\/li>\n<li>\n<h5>Jean Annequin, Jacqueline Chichery, pour leurs relectures attentionn\u00e9es et perspicaces.<\/h5>\n<\/li>\n<li>\n<h5>Etude de Ma\u00eetre Luthier, notaire \u00e0 M\u00e9zi\u00e8res.<\/h5>\n<\/li>\n<li>\n<h5>Christine Huet, arri\u00e8re-arri\u00e8re petite-fille d\u2019Alfred pour la pr\u00e9cision de l\u2019arbre g\u00e9n\u00e9alogique familial, les photos de ses anc\u00eatres, ses recherches \u00e0 l\u2019ANOM \u00e0 Aix-en-Provence et ses nombreuses autres d\u00e9couvertes \u2026<\/h5>\n<\/li>\n<\/ul>\n<p>&nbsp;<\/p>\n<p class=\"western\" align=\"justify\">\n","protected":false},"excerpt":{"rendered":"<p>Alfred Huet &nbsp; NOTE DE L\u2019AUTRICE La lecture de cette histoire de vie mouvement\u00e9e pourrait supposer qu\u2019elle a \u00e9t\u00e9 romanc\u00e9e. Il n\u2019en est rien. Chaque fait, chaque information, chaque pr\u00e9cision ont \u00e9t\u00e9 d\u00fbment v\u00e9rifi\u00e9s. Ils \u00e9manent soit de services d\u2019archives, soit d\u2019ouvrages d\u2019\u00e9poque et contemporains, soit de sites internet fiables, soit de documents familiaux, tous&hellip;&nbsp;<a href=\"https:\/\/www.brenne-au-coeur.com\/index.php\/2021\/11\/30\/alfred-huet-communard-deporte-et-macerien-de-toujours\/communes\/mezieres-en-brenne\/942\/\" rel=\"bookmark\">Lire la suite&nbsp;&raquo;<span class=\"screen-reader-text\">Alfred Huet&nbsp;: communard, d\u00e9port\u00e9 et mac\u00e9rien de toujours<\/span><\/a><\/p>\n","protected":false},"author":2,"featured_media":946,"comment_status":"open","ping_status":"open","sticky":false,"template":"","format":"standard","meta":{"rop_custom_images_group":[],"rop_custom_messages_group":[],"rop_publish_now":"initial","rop_publish_now_accounts":[],"rop_publish_now_history":[],"rop_publish_now_status":"pending","_monsterinsights_skip_tracking":false,"_monsterinsights_sitenote_active":false,"_monsterinsights_sitenote_note":"","_monsterinsights_sitenote_category":0,"neve_meta_sidebar":"","neve_meta_container":"","neve_meta_enable_content_width":"on","neve_meta_content_width":70,"neve_meta_title_alignment":"","neve_meta_author_avatar":"","neve_post_elements_order":"","neve_meta_disable_header":"","neve_meta_disable_footer":"","neve_meta_disable_title":"","_jetpack_memberships_contains_paid_content":false,"footnotes":"","jetpack_publicize_message":"","jetpack_publicize_feature_enabled":true,"jetpack_social_post_already_shared":false,"jetpack_social_options":{"image_generator_settings":{"template":"highway","default_image_id":0,"font":"","enabled":false},"version":2}},"categories":[12],"tags":[49],"class_list":["post-942","post","type-post","status-publish","format-standard","has-post-thumbnail","hentry","category-mezieres-en-brenne","tag-histoire"],"aioseo_notices":[],"jetpack_publicize_connections":[],"jetpack_featured_media_url":"https:\/\/www.brenne-au-coeur.com\/wp-content\/uploads\/2022\/04\/Alfred_Huet_001.jpg","jetpack-related-posts":[],"jetpack_sharing_enabled":true,"_links":{"self":[{"href":"https:\/\/www.brenne-au-coeur.com\/index.php\/wp-json\/wp\/v2\/posts\/942","targetHints":{"allow":["GET"]}}],"collection":[{"href":"https:\/\/www.brenne-au-coeur.com\/index.php\/wp-json\/wp\/v2\/posts"}],"about":[{"href":"https:\/\/www.brenne-au-coeur.com\/index.php\/wp-json\/wp\/v2\/types\/post"}],"author":[{"embeddable":true,"href":"https:\/\/www.brenne-au-coeur.com\/index.php\/wp-json\/wp\/v2\/users\/2"}],"replies":[{"embeddable":true,"href":"https:\/\/www.brenne-au-coeur.com\/index.php\/wp-json\/wp\/v2\/comments?post=942"}],"version-history":[{"count":0,"href":"https:\/\/www.brenne-au-coeur.com\/index.php\/wp-json\/wp\/v2\/posts\/942\/revisions"}],"wp:featuredmedia":[{"embeddable":true,"href":"https:\/\/www.brenne-au-coeur.com\/index.php\/wp-json\/wp\/v2\/media\/946"}],"wp:attachment":[{"href":"https:\/\/www.brenne-au-coeur.com\/index.php\/wp-json\/wp\/v2\/media?parent=942"}],"wp:term":[{"taxonomy":"category","embeddable":true,"href":"https:\/\/www.brenne-au-coeur.com\/index.php\/wp-json\/wp\/v2\/categories?post=942"},{"taxonomy":"post_tag","embeddable":true,"href":"https:\/\/www.brenne-au-coeur.com\/index.php\/wp-json\/wp\/v2\/tags?post=942"}],"curies":[{"name":"wp","href":"https:\/\/api.w.org\/{rel}","templated":true}]}}