{"id":938,"date":"2021-12-23T07:54:38","date_gmt":"2021-12-23T06:54:38","guid":{"rendered":"https:\/\/www.brenne-au-coeur.com\/?p=938"},"modified":"2022-05-15T10:38:35","modified_gmt":"2022-05-15T08:38:35","slug":"bellebouche-le-village-des-familles","status":"publish","type":"post","link":"https:\/\/www.brenne-au-coeur.com\/index.php\/2021\/12\/23\/bellebouche-le-village-des-familles\/communes\/mezieres-en-brenne\/938\/","title":{"rendered":"Bellebouche\u00a0: Le village des familles"},"content":{"rendered":"<figure id=\"attachment_660\" aria-describedby=\"caption-attachment-660\" style=\"width: 300px\" class=\"wp-caption alignleft\"><a href=\"https:\/\/www.brenne-au-coeur.com\/wp-content\/uploads\/2022\/04\/Village_Bellebouche_site.cleaned.jpg\" rel=\"lightbox[938]\"><img loading=\"lazy\" decoding=\"async\" class=\"wp-image-660 size-medium\" src=\"https:\/\/www.brenne-au-coeur.com\/wp-content\/uploads\/2022\/04\/Village_Bellebouche_site.cleaned-300x186.jpg\" alt=\"\" width=\"300\" height=\"186\" srcset=\"https:\/\/www.brenne-au-coeur.com\/wp-content\/uploads\/2022\/04\/Village_Bellebouche_site.cleaned-300x186.jpg 300w, https:\/\/www.brenne-au-coeur.com\/wp-content\/uploads\/2022\/04\/Village_Bellebouche_site.cleaned-1024x633.jpg 1024w, https:\/\/www.brenne-au-coeur.com\/wp-content\/uploads\/2022\/04\/Village_Bellebouche_site.cleaned-768x475.jpg 768w, https:\/\/www.brenne-au-coeur.com\/wp-content\/uploads\/2022\/04\/Village_Bellebouche_site.cleaned.jpg 1200w\" sizes=\"auto, (max-width: 300px) 100vw, 300px\" \/><\/a><figcaption id=\"caption-attachment-660\" class=\"wp-caption-text\">Claude, Denise et leurs petits-enfants<\/figcaption><\/figure>\n<p><span style=\"font-size: large;\">Claude, Denise et leurs quatre petits-enfants \u00e2g\u00e9s de 10 \u00e0 18 ans ont pass\u00e9 pour la premi\u00e8re fois, une semaine de vacances sur le site de <a href=\"http:\/\/www.village-vacances-bellebouche.com\/\">Bellebouche<\/a>. Habitu\u00e9s des randos, le couple a \u00e9t\u00e9 int\u00e9ress\u00e9 par la configuration des lieux. Un large espace naturel et la pr\u00e9sence de nombreux \u00e9tangs. \u00ab\u00a0Nous avons aussi choisi la r\u00e9gion Centre par commodit\u00e9. Nous habitons dans les Alpes de Haute-Provence et nos petits-enfants vivent \u00e0 Caen ou \u00e0 Reims\u00a0\u00bb, explique Claude. Malgr\u00e9 une m\u00e9t\u00e9o peu favorable, la famille est tr\u00e8s satisfaite de ce s\u00e9jour. Une semaine partag\u00e9e entre les balades \u00e0 v\u00e9los, les promenades \u00e0 pieds et les animations organis\u00e9es par le village vacances. Claude a particuli\u00e8rement appr\u00e9ci\u00e9 la visite du ch\u00e2teau d\u2019Azay-le-Ferron. \u00ab\u00a0Le lieu est tr\u00e8s beau et le guide performant\u00a0\u00bb. Les plus jeunes de la famille, les filles en particulier ont \u00e9t\u00e9 s\u00e9duits par le tir \u00e0 l\u2019arc et la chasse au tr\u00e9sor. Benjamin, quant \u00e0 lui, a aim\u00e9 surtout l\u2019initiation au paddle. Lorsqu\u2019ils racontent leurs jeux, les larges sourires et les clins d\u2019\u0153il \u00e0 Damien, responsable de l\u2019animation, montrent son \u00e9vidente complicit\u00e9 avec la famille. Elle t\u00e9moigne du sentiment ressenti sur l\u2019ensemble du s\u00e9jour. \u00ab\u00a0L\u2019ambiance est conviviale comme dans un terrain de camping, mais avec l\u2019avantage de g\u00eete confortable\u00bb, pr\u00e9cise R\u00e9mi. L\u2019absence de voitures, gar\u00e9es plus loin, donne de plus un espace s\u00e9curis\u00e9 o\u00f9 les familles se c\u00f4toient et peuvent cr\u00e9er des liens ais\u00e9ment. Le tout \u00e0 quelques pas du plus grand \u00e9tang de la Brenne. Les vacanciers appr\u00e9cient de plus la qualit\u00e9 de l\u2019accueil\u00a0. \u00ab\u00a0Le personnel est tr\u00e8s sympathique et \u00e0 l\u2019\u00e9coute du moindre de nos probl\u00e8mes\u00a0\u00bb note Claude. \u00ab\u00a0Tout \u00e9tait nickel dans les chambres, quand on est arriv\u00e9\u00a0\u00bb, ajoute R\u00e9mi. Dans le respect des consignes dues \u00e0 la situation sanitaire, toute cette structure tr\u00e8s adapt\u00e9e pour les familles en p\u00e9riode estivale, accueille toute l\u2019ann\u00e9e d\u2019autres publics (hormis pendant la fermeture les deux derni\u00e8res semaines de d\u00e9cembre). Le domaine de Bellebouche propose des s\u00e9jours pour les randonneurs, les groupes, les s\u00e9minaires. Pour mieux conna\u00eetre l\u2019\u00e9ventail des types d\u2019h\u00e9bergements, les activit\u00e9s, les tarifs\u00a0: <a href=\"http:\/\/www.village-vacances-bellebouche.com\/\">www.village-vacances-bellebouche.com<\/a>.<\/span><\/p>\n","protected":false},"excerpt":{"rendered":"<p>Claude, Denise et leurs quatre petits-enfants \u00e2g\u00e9s de 10 \u00e0 18 ans ont pass\u00e9 pour la premi\u00e8re fois, une semaine de vacances sur le site de Bellebouche. Habitu\u00e9s des randos, le couple a \u00e9t\u00e9 int\u00e9ress\u00e9 par la configuration des lieux. Un large espace naturel et la pr\u00e9sence de nombreux \u00e9tangs. \u00ab\u00a0Nous avons aussi choisi la&hellip;&nbsp;<a href=\"https:\/\/www.brenne-au-coeur.com\/index.php\/2021\/12\/23\/bellebouche-le-village-des-familles\/communes\/mezieres-en-brenne\/938\/\" rel=\"bookmark\">Lire la suite&nbsp;&raquo;<span class=\"screen-reader-text\">Bellebouche\u00a0: Le village des familles<\/span><\/a><\/p>\n","protected":false},"author":1,"featured_media":660,"comment_status":"open","ping_status":"open","sticky":false,"template":"","format":"standard","meta":{"rop_custom_images_group":[],"rop_custom_messages_group":[],"rop_publish_now":"initial","rop_publish_now_accounts":[],"rop_publish_now_history":[],"rop_publish_now_status":"pending","_monsterinsights_skip_tracking":false,"_monsterinsights_sitenote_active":false,"_monsterinsights_sitenote_note":"","_monsterinsights_sitenote_category":0,"neve_meta_sidebar":"","neve_meta_container":"","neve_meta_enable_content_width":"off","neve_meta_content_width":70,"neve_meta_title_alignment":"","neve_meta_author_avatar":"","neve_post_elements_order":"","neve_meta_disable_header":"","neve_meta_disable_footer":"","neve_meta_disable_title":"","_jetpack_memberships_contains_paid_content":false,"footnotes":"","jetpack_publicize_message":"","jetpack_publicize_feature_enabled":true,"jetpack_social_post_already_shared":false,"jetpack_social_options":{"image_generator_settings":{"template":"highway","default_image_id":0,"font":"","enabled":false},"version":2}},"categories":[81,12],"tags":[82],"class_list":["post-938","post","type-post","status-publish","format-standard","has-post-thumbnail","hentry","category-bellebouche","category-mezieres-en-brenne","tag-vacances"],"aioseo_notices":[],"jetpack_publicize_connections":[],"jetpack_featured_media_url":"https:\/\/www.brenne-au-coeur.com\/wp-content\/uploads\/2022\/04\/Village_Bellebouche_site.cleaned.jpg","jetpack-related-posts":[],"jetpack_sharing_enabled":true,"_links":{"self":[{"href":"https:\/\/www.brenne-au-coeur.com\/index.php\/wp-json\/wp\/v2\/posts\/938","targetHints":{"allow":["GET"]}}],"collection":[{"href":"https:\/\/www.brenne-au-coeur.com\/index.php\/wp-json\/wp\/v2\/posts"}],"about":[{"href":"https:\/\/www.brenne-au-coeur.com\/index.php\/wp-json\/wp\/v2\/types\/post"}],"author":[{"embeddable":true,"href":"https:\/\/www.brenne-au-coeur.com\/index.php\/wp-json\/wp\/v2\/users\/1"}],"replies":[{"embeddable":true,"href":"https:\/\/www.brenne-au-coeur.com\/index.php\/wp-json\/wp\/v2\/comments?post=938"}],"version-history":[{"count":0,"href":"https:\/\/www.brenne-au-coeur.com\/index.php\/wp-json\/wp\/v2\/posts\/938\/revisions"}],"wp:featuredmedia":[{"embeddable":true,"href":"https:\/\/www.brenne-au-coeur.com\/index.php\/wp-json\/wp\/v2\/media\/660"}],"wp:attachment":[{"href":"https:\/\/www.brenne-au-coeur.com\/index.php\/wp-json\/wp\/v2\/media?parent=938"}],"wp:term":[{"taxonomy":"category","embeddable":true,"href":"https:\/\/www.brenne-au-coeur.com\/index.php\/wp-json\/wp\/v2\/categories?post=938"},{"taxonomy":"post_tag","embeddable":true,"href":"https:\/\/www.brenne-au-coeur.com\/index.php\/wp-json\/wp\/v2\/tags?post=938"}],"curies":[{"name":"wp","href":"https:\/\/api.w.org\/{rel}","templated":true}]}}