{"id":927,"date":"2021-08-26T12:23:35","date_gmt":"2021-08-26T10:23:35","guid":{"rendered":"https:\/\/www.brenne-au-coeur.com\/?p=927"},"modified":"2022-05-15T18:12:54","modified_gmt":"2022-05-15T16:12:54","slug":"30-ans-dart-contemporain-au-moulin","status":"publish","type":"post","link":"https:\/\/www.brenne-au-coeur.com\/index.php\/2021\/08\/26\/30-ans-dart-contemporain-au-moulin\/communes\/mezieres-en-brenne\/927\/","title":{"rendered":"30\u00a0ans d\u2019art contemporain au \u00ab\u00a0Moulin\u00a0\u00bb"},"content":{"rendered":"<figure id=\"attachment_651\" aria-describedby=\"caption-attachment-651\" style=\"width: 300px\" class=\"wp-caption alignleft\"><a href=\"https:\/\/www.brenne-au-coeur.com\/wp-content\/uploads\/2022\/04\/Retrospective_Mebac_site.cleaned.jpg\" rel=\"lightbox[927]\"><img loading=\"lazy\" decoding=\"async\" class=\"wp-image-651 size-medium\" src=\"https:\/\/www.brenne-au-coeur.com\/wp-content\/uploads\/2022\/04\/Retrospective_Mebac_site.cleaned-300x186.jpg\" alt=\"\" width=\"300\" height=\"186\" srcset=\"https:\/\/www.brenne-au-coeur.com\/wp-content\/uploads\/2022\/04\/Retrospective_Mebac_site.cleaned-300x186.jpg 300w, https:\/\/www.brenne-au-coeur.com\/wp-content\/uploads\/2022\/04\/Retrospective_Mebac_site.cleaned-1024x633.jpg 1024w, https:\/\/www.brenne-au-coeur.com\/wp-content\/uploads\/2022\/04\/Retrospective_Mebac_site.cleaned-768x475.jpg 768w, https:\/\/www.brenne-au-coeur.com\/wp-content\/uploads\/2022\/04\/Retrospective_Mebac_site.cleaned.jpg 1200w\" sizes=\"auto, (max-width: 300px) 100vw, 300px\" \/><\/a><figcaption id=\"caption-attachment-651\" class=\"wp-caption-text\">Trois d\u00e9cennies de MEBAC<\/figcaption><\/figure>\n<p><span style=\"font-size: large;\">Jusqu\u2019au 26 ao\u00fbt, le Moulin pr\u00e9sentait une r\u00e9trospective des expositions r\u00e9alis\u00e9es entre 1989 et 2019. Trois d\u00e9cennies de MEBAC (M\u00e9zi\u00e8res-en-Brenne Art Contemporain).<\/span><\/p>\n<p><span style=\"font-size: large;\">30 ans de cr\u00e9ations port\u00e9s par des artistes talentueux et en premier lieu par l\u2019initiateur de cette exposition. Mario Alvarado auquel Jean-Louis Camus, maire de M\u00e9zi\u00e8res, a rendu un hommage lors du vernissage, le samedi 31 juillet. Reprenant des propos prononc\u00e9s quelques mois apr\u00e8s la disparition de l\u2019artiste. \u00ab\u00a0 Tu as touch\u00e9 nos c\u0153urs et nos esprits en nous faisant comprendre, \u00e0 travers ta peinture, toute la beaut\u00e9 et la laideur, toute la sagesse et la violence du monde. Seuls les grands artistes y parviennent et tu es de ceux-l\u00e0&#8230;&nbsp;\u00bb. Jean-Louis Camus a \u00e9galement remerci\u00e9 toutes les personnes qui <\/span><span style=\"font-size: large;\">se <\/span><span style=\"font-size: large;\">sont impliqu\u00e9es ann\u00e9e apr\u00e8s ann\u00e9e pour faire de ce rendez-vous un moment fort de l\u2019expression artistique. Cette r\u00e9trospective s\u2019ouvre sur <\/span><span style=\"font-size: large;\">un tableau de Malis Glaser.<\/span> <span style=\"font-size: large;\">Un<\/span><span style=\"font-size: large;\"> portrait de <a href=\"https:\/\/fr.wikipedia.org\/wiki\/Olympe_de_Gouges\">Olympe de Gouge<\/a>, femme de lettres, f\u00e9ministe combattante inlassable contre l\u2019esclavage des noirs. <\/span><span style=\"font-size: large;\">R\u00e9v\u00e9lateur <\/span><span style=\"font-size: large;\">du temps pass\u00e9 ou plus pr\u00e9sent, d\u2019ici ou d\u2019ailleurs. Portrait, paysage du d\u00e9sert, peuplade inca. Peintures ou sculptures abstraites ou figuratives. La galerie du Moulin nous invite sur quelques pas \u00e0 tutoyer tous ces univers artistiques. Si les expositions du Moulin brillent to<\/span><span style=\"font-size: large;\">u<\/span><span style=\"font-size: large;\">jours par la qualit\u00e9 des \u0153uvres, celle de la r\u00e9tro porte en plus le t\u00e9moignage d\u2019une rencontre. <\/span><span style=\"font-size: large;\">Celle du monde rural et de l\u2019expression artistique moderne. <\/span><\/p>\n","protected":false},"excerpt":{"rendered":"<p>Jusqu\u2019au 26 ao\u00fbt, le Moulin pr\u00e9sentait une r\u00e9trospective des expositions r\u00e9alis\u00e9es entre 1989 et 2019. Trois d\u00e9cennies de MEBAC (M\u00e9zi\u00e8res-en-Brenne Art Contemporain). 30 ans de cr\u00e9ations port\u00e9s par des artistes talentueux et en premier lieu par l\u2019initiateur de cette exposition. Mario Alvarado auquel Jean-Louis Camus, maire de M\u00e9zi\u00e8res, a rendu un hommage lors du vernissage,&hellip;&nbsp;<a href=\"https:\/\/www.brenne-au-coeur.com\/index.php\/2021\/08\/26\/30-ans-dart-contemporain-au-moulin\/communes\/mezieres-en-brenne\/927\/\" rel=\"bookmark\">Lire la suite&nbsp;&raquo;<span class=\"screen-reader-text\">30\u00a0ans d\u2019art contemporain au \u00ab\u00a0Moulin\u00a0\u00bb<\/span><\/a><\/p>\n","protected":false},"author":1,"featured_media":651,"comment_status":"open","ping_status":"open","sticky":false,"template":"","format":"standard","meta":{"rop_custom_images_group":[],"rop_custom_messages_group":[],"rop_publish_now":"initial","rop_publish_now_accounts":[],"rop_publish_now_history":[],"rop_publish_now_status":"pending","_monsterinsights_skip_tracking":false,"_monsterinsights_sitenote_active":false,"_monsterinsights_sitenote_note":"","_monsterinsights_sitenote_category":0,"neve_meta_sidebar":"","neve_meta_container":"","neve_meta_enable_content_width":"off","neve_meta_content_width":70,"neve_meta_title_alignment":"","neve_meta_author_avatar":"","neve_post_elements_order":"","neve_meta_disable_header":"","neve_meta_disable_footer":"","neve_meta_disable_title":"","_jetpack_memberships_contains_paid_content":false,"footnotes":"","jetpack_publicize_message":"","jetpack_publicize_feature_enabled":true,"jetpack_social_post_already_shared":false,"jetpack_social_options":{"image_generator_settings":{"template":"highway","default_image_id":0,"font":"","enabled":false},"version":2}},"categories":[12,54],"tags":[52],"class_list":["post-927","post","type-post","status-publish","format-standard","has-post-thumbnail","hentry","category-mezieres-en-brenne","category-moulin","tag-exposition"],"aioseo_notices":[],"jetpack_publicize_connections":[],"jetpack_featured_media_url":"https:\/\/www.brenne-au-coeur.com\/wp-content\/uploads\/2022\/04\/Retrospective_Mebac_site.cleaned.jpg","jetpack-related-posts":[],"jetpack_sharing_enabled":true,"_links":{"self":[{"href":"https:\/\/www.brenne-au-coeur.com\/index.php\/wp-json\/wp\/v2\/posts\/927","targetHints":{"allow":["GET"]}}],"collection":[{"href":"https:\/\/www.brenne-au-coeur.com\/index.php\/wp-json\/wp\/v2\/posts"}],"about":[{"href":"https:\/\/www.brenne-au-coeur.com\/index.php\/wp-json\/wp\/v2\/types\/post"}],"author":[{"embeddable":true,"href":"https:\/\/www.brenne-au-coeur.com\/index.php\/wp-json\/wp\/v2\/users\/1"}],"replies":[{"embeddable":true,"href":"https:\/\/www.brenne-au-coeur.com\/index.php\/wp-json\/wp\/v2\/comments?post=927"}],"version-history":[{"count":0,"href":"https:\/\/www.brenne-au-coeur.com\/index.php\/wp-json\/wp\/v2\/posts\/927\/revisions"}],"wp:featuredmedia":[{"embeddable":true,"href":"https:\/\/www.brenne-au-coeur.com\/index.php\/wp-json\/wp\/v2\/media\/651"}],"wp:attachment":[{"href":"https:\/\/www.brenne-au-coeur.com\/index.php\/wp-json\/wp\/v2\/media?parent=927"}],"wp:term":[{"taxonomy":"category","embeddable":true,"href":"https:\/\/www.brenne-au-coeur.com\/index.php\/wp-json\/wp\/v2\/categories?post=927"},{"taxonomy":"post_tag","embeddable":true,"href":"https:\/\/www.brenne-au-coeur.com\/index.php\/wp-json\/wp\/v2\/tags?post=927"}],"curies":[{"name":"wp","href":"https:\/\/api.w.org\/{rel}","templated":true}]}}