{"id":924,"date":"2021-11-28T08:07:53","date_gmt":"2021-11-28T07:07:53","guid":{"rendered":"https:\/\/www.brenne-au-coeur.com\/?p=924"},"modified":"2022-05-15T16:39:47","modified_gmt":"2022-05-15T14:39:47","slug":"danse-mime-et-masque-a-mezieres","status":"publish","type":"post","link":"https:\/\/www.brenne-au-coeur.com\/index.php\/2021\/11\/28\/danse-mime-et-masque-a-mezieres\/communes\/mezieres-en-brenne\/924\/","title":{"rendered":"Danse, mime et masque \u00e0 M\u00e9zi\u00e8res"},"content":{"rendered":"<figure id=\"attachment_649\" aria-describedby=\"caption-attachment-649\" style=\"width: 300px\" class=\"wp-caption alignleft\"><a href=\"https:\/\/www.brenne-au-coeur.com\/wp-content\/uploads\/2022\/04\/Quincaille_et_Macadam_02_site.cleaned.jpg\" rel=\"lightbox[924]\"><img loading=\"lazy\" decoding=\"async\" class=\"wp-image-649 size-medium\" src=\"https:\/\/www.brenne-au-coeur.com\/wp-content\/uploads\/2022\/04\/Quincaille_et_Macadam_02_site.cleaned-300x186.jpg\" alt=\"\" width=\"300\" height=\"186\" srcset=\"https:\/\/www.brenne-au-coeur.com\/wp-content\/uploads\/2022\/04\/Quincaille_et_Macadam_02_site.cleaned-300x186.jpg 300w, https:\/\/www.brenne-au-coeur.com\/wp-content\/uploads\/2022\/04\/Quincaille_et_Macadam_02_site.cleaned-1024x633.jpg 1024w, https:\/\/www.brenne-au-coeur.com\/wp-content\/uploads\/2022\/04\/Quincaille_et_Macadam_02_site.cleaned-768x475.jpg 768w, https:\/\/www.brenne-au-coeur.com\/wp-content\/uploads\/2022\/04\/Quincaille_et_Macadam_02_site.cleaned.jpg 1200w\" sizes=\"auto, (max-width: 300px) 100vw, 300px\" \/><\/a><figcaption id=\"caption-attachment-649\" class=\"wp-caption-text\">Quincaille et Macadam<\/figcaption><\/figure>\n<p><span style=\"font-size: large;\">La m\u00e9diath\u00e8que de M\u00e9zi\u00e8res pr\u00e9sentait, le mercredi 24 novembre \u00e0 la salle des f\u00eates&nbsp;: \u00ab&nbsp;<a href=\"https:\/\/www.compagnie-interligne.fr\/quincaille-et-macadam\">Quincaille et Macadam<\/a>\u00a0\u00bb, un spectacle cr\u00e9\u00e9 par la <\/span><span style=\"font-size: large;\">C<\/span><span style=\"font-size: large;\">ompagnie Interligne. <\/span><span style=\"font-size: large;\">Dans l\u2019espace sc\u00e9nique, <\/span><span style=\"font-size: large;\">un d\u00e9cor minimaliste.<\/span> <span style=\"font-size: large;\">C<\/span><span style=\"font-size: large;\">inq bassines, un r\u00e9verb\u00e8re, une toile de tente et&#8230; un personnage, le visage couvert par un masque <\/span><span style=\"font-size: large;\">fa\u00e7on<\/span> <a href=\"https:\/\/fr.wikipedia.org\/wiki\/Commedia_dell%27arte\"><span style=\"font-size: large;\"><i>c<\/i><\/span><span style=\"font-size: large;\"><i>om<\/i><\/span><span style=\"font-size: large;\"><i>e<\/i><\/span><span style=\"font-size: large;\"><i>dia dell&rsquo;<\/i><\/span><span style=\"font-size: large;\"><i>A<\/i><\/span><span style=\"font-size: large;\"><i>rte<\/i><\/span><\/a><span style=\"font-size: large;\">. Qui est-il\u00a0? D\u2019o\u00f9 vient-il\u00a0? On ne le saura jamais. Qu\u2019importe, il entra\u00eenera le public par la danse, la musique et l\u2019ambiance sonore. Chacun pourra, d\u00e8s lors, laisser aller sa propre imagination tout au long d\u2019un parcours o\u00f9 les situations burlesques et po\u00e9tiques se succ\u00e8dent dans un encha\u00eenement ininterrompu.<\/span><\/p>\n<figure id=\"attachment_648\" aria-describedby=\"caption-attachment-648\" style=\"width: 300px\" class=\"wp-caption alignright\"><a href=\"https:\/\/www.brenne-au-coeur.com\/wp-content\/uploads\/2022\/04\/Quincaille_et_Macadam_01_site.cleaned.jpg\" rel=\"lightbox[924]\"><img loading=\"lazy\" decoding=\"async\" class=\"wp-image-648 size-medium\" src=\"https:\/\/www.brenne-au-coeur.com\/wp-content\/uploads\/2022\/04\/Quincaille_et_Macadam_01_site.cleaned-300x186.jpg\" alt=\"\" width=\"300\" height=\"186\" srcset=\"https:\/\/www.brenne-au-coeur.com\/wp-content\/uploads\/2022\/04\/Quincaille_et_Macadam_01_site.cleaned-300x186.jpg 300w, https:\/\/www.brenne-au-coeur.com\/wp-content\/uploads\/2022\/04\/Quincaille_et_Macadam_01_site.cleaned-1024x633.jpg 1024w, https:\/\/www.brenne-au-coeur.com\/wp-content\/uploads\/2022\/04\/Quincaille_et_Macadam_01_site.cleaned-768x475.jpg 768w, https:\/\/www.brenne-au-coeur.com\/wp-content\/uploads\/2022\/04\/Quincaille_et_Macadam_01_site.cleaned.jpg 1200w\" sizes=\"auto, (max-width: 300px) 100vw, 300px\" \/><\/a><figcaption id=\"caption-attachment-648\" class=\"wp-caption-text\">&#8230;un spectacle cr\u00e9\u00e9 par la Compagnie Interligne<\/figcaption><\/figure>\n<p><span style=\"font-size: large;\">Des r\u00e9f\u00e9rences plus ou moins explicite<\/span><span style=\"font-size: large;\">s<\/span><span style=\"font-size: large;\"> jalonnent <\/span><span style=\"font-size: large;\">l\u2019histoire.<\/span><span style=\"font-size: large;\"> La <\/span><span style=\"font-size: large;\">vie dans la rue, o\u00f9 la gestuelle de la danseuse Lola<\/span><span style=\"font-size: large;\"> n\u2019est pas sans \u00e9voquer <a href=\"https:\/\/fr.wikipedia.org\/wiki\/Charlot\">Charlot<\/a>. <\/span><span style=\"font-size: large;\">La corrida sur un air de Carmen <\/span><span style=\"font-size: large;\">o\u00f9 la cape rouge deviendra partenaire de danse. Durant quarante-cinq minutes,<\/span><span style=\"font-size: large;\"> Lola assure le spectacle gr\u00e2ce \u00e0 une belle d\u00e9bauche d\u2019\u00e9nergie <\/span><span style=\"font-size: large;\">et<\/span> <span style=\"font-size: large;\">\u00e0<\/span><span style=\"font-size: large;\"> une bande-son, remarquable<\/span><span style=\"font-size: large;\">ment<\/span> <span style=\"font-size: large;\">distill\u00e9e par Lauriane, sagement install\u00e9<\/span><span style=\"font-size: large;\">e<\/span><span style=\"font-size: large;\"> derri\u00e8re la sono.<\/span> <span style=\"font-size: large;\">C\u2019est beau, frais, tendre et tonique. <\/span><\/p>\n","protected":false},"excerpt":{"rendered":"<p>La m\u00e9diath\u00e8que de M\u00e9zi\u00e8res pr\u00e9sentait, le mercredi 24 novembre \u00e0 la salle des f\u00eates&nbsp;: \u00ab&nbsp;Quincaille et Macadam\u00a0\u00bb, un spectacle cr\u00e9\u00e9 par la Compagnie Interligne. Dans l\u2019espace sc\u00e9nique, un d\u00e9cor minimaliste. Cinq bassines, un r\u00e9verb\u00e8re, une toile de tente et&#8230; un personnage, le visage couvert par un masque fa\u00e7on comedia dell&rsquo;Arte. Qui est-il\u00a0? D\u2019o\u00f9 vient-il\u00a0? On&hellip;&nbsp;<a href=\"https:\/\/www.brenne-au-coeur.com\/index.php\/2021\/11\/28\/danse-mime-et-masque-a-mezieres\/communes\/mezieres-en-brenne\/924\/\" rel=\"bookmark\">Lire la suite&nbsp;&raquo;<span class=\"screen-reader-text\">Danse, mime et masque \u00e0 M\u00e9zi\u00e8res<\/span><\/a><\/p>\n","protected":false},"author":1,"featured_media":649,"comment_status":"open","ping_status":"open","sticky":false,"template":"","format":"standard","meta":{"rop_custom_images_group":[],"rop_custom_messages_group":[],"rop_publish_now":"initial","rop_publish_now_accounts":[],"rop_publish_now_history":[],"rop_publish_now_status":"pending","_monsterinsights_skip_tracking":false,"_monsterinsights_sitenote_active":false,"_monsterinsights_sitenote_note":"","_monsterinsights_sitenote_category":0,"neve_meta_sidebar":"","neve_meta_container":"","neve_meta_enable_content_width":"off","neve_meta_content_width":70,"neve_meta_title_alignment":"","neve_meta_author_avatar":"","neve_post_elements_order":"","neve_meta_disable_header":"","neve_meta_disable_footer":"","neve_meta_disable_title":"","_jetpack_memberships_contains_paid_content":false,"footnotes":"","jetpack_publicize_message":"","jetpack_publicize_feature_enabled":true,"jetpack_social_post_already_shared":false,"jetpack_social_options":{"image_generator_settings":{"template":"highway","default_image_id":0,"font":"","enabled":false},"version":2}},"categories":[59,12],"tags":[78],"class_list":["post-924","post","type-post","status-publish","format-standard","has-post-thumbnail","hentry","category-mediatheque","category-mezieres-en-brenne","tag-spectacle"],"aioseo_notices":[],"jetpack_publicize_connections":[],"jetpack_featured_media_url":"https:\/\/www.brenne-au-coeur.com\/wp-content\/uploads\/2022\/04\/Quincaille_et_Macadam_02_site.cleaned.jpg","jetpack-related-posts":[],"jetpack_sharing_enabled":true,"_links":{"self":[{"href":"https:\/\/www.brenne-au-coeur.com\/index.php\/wp-json\/wp\/v2\/posts\/924","targetHints":{"allow":["GET"]}}],"collection":[{"href":"https:\/\/www.brenne-au-coeur.com\/index.php\/wp-json\/wp\/v2\/posts"}],"about":[{"href":"https:\/\/www.brenne-au-coeur.com\/index.php\/wp-json\/wp\/v2\/types\/post"}],"author":[{"embeddable":true,"href":"https:\/\/www.brenne-au-coeur.com\/index.php\/wp-json\/wp\/v2\/users\/1"}],"replies":[{"embeddable":true,"href":"https:\/\/www.brenne-au-coeur.com\/index.php\/wp-json\/wp\/v2\/comments?post=924"}],"version-history":[{"count":0,"href":"https:\/\/www.brenne-au-coeur.com\/index.php\/wp-json\/wp\/v2\/posts\/924\/revisions"}],"wp:featuredmedia":[{"embeddable":true,"href":"https:\/\/www.brenne-au-coeur.com\/index.php\/wp-json\/wp\/v2\/media\/649"}],"wp:attachment":[{"href":"https:\/\/www.brenne-au-coeur.com\/index.php\/wp-json\/wp\/v2\/media?parent=924"}],"wp:term":[{"taxonomy":"category","embeddable":true,"href":"https:\/\/www.brenne-au-coeur.com\/index.php\/wp-json\/wp\/v2\/categories?post=924"},{"taxonomy":"post_tag","embeddable":true,"href":"https:\/\/www.brenne-au-coeur.com\/index.php\/wp-json\/wp\/v2\/tags?post=924"}],"curies":[{"name":"wp","href":"https:\/\/api.w.org\/{rel}","templated":true}]}}