{"id":915,"date":"2021-11-30T09:14:10","date_gmt":"2021-11-30T08:14:10","guid":{"rendered":"https:\/\/www.brenne-au-coeur.com\/?p=915"},"modified":"2022-05-15T16:37:14","modified_gmt":"2022-05-15T14:37:14","slug":"claude-gallais-nous-a-quittes","status":"publish","type":"post","link":"https:\/\/www.brenne-au-coeur.com\/index.php\/2021\/11\/30\/claude-gallais-nous-a-quittes\/communes\/mezieres-en-brenne\/915\/","title":{"rendered":"Claude Gallais nous a quitt\u00e9s"},"content":{"rendered":"<figure id=\"attachment_644\" aria-describedby=\"caption-attachment-644\" style=\"width: 186px\" class=\"wp-caption alignleft\"><a href=\"https:\/\/www.brenne-au-coeur.com\/wp-content\/uploads\/2022\/04\/Necrologie_Claude_Gallais_site.cleaned.jpg\" rel=\"lightbox[915]\"><img loading=\"lazy\" decoding=\"async\" class=\"wp-image-644 size-medium\" src=\"https:\/\/www.brenne-au-coeur.com\/wp-content\/uploads\/2022\/04\/Necrologie_Claude_Gallais_site.cleaned-186x300.jpg\" alt=\"\" width=\"186\" height=\"300\" srcset=\"https:\/\/www.brenne-au-coeur.com\/wp-content\/uploads\/2022\/04\/Necrologie_Claude_Gallais_site.cleaned-186x300.jpg 186w, https:\/\/www.brenne-au-coeur.com\/wp-content\/uploads\/2022\/04\/Necrologie_Claude_Gallais_site.cleaned-633x1024.jpg 633w, https:\/\/www.brenne-au-coeur.com\/wp-content\/uploads\/2022\/04\/Necrologie_Claude_Gallais_site.cleaned.jpg 742w\" sizes=\"auto, (max-width: 186px) 100vw, 186px\" \/><\/a><figcaption id=\"caption-attachment-644\" class=\"wp-caption-text\">M. Claude Gallais<\/figcaption><\/figure>\n<p>Si tout le monde connaissait, Claude Gallais, le coiffeur de M\u00e9zi\u00e8res en Brenne, nous devons lui rendre hommage pour le grand int\u00e9r\u00eat qu&rsquo;il porta, comme b\u00e9n\u00e9vole, \u00e0 bon nombre d&rsquo;associations locales.Il fut un excellent gardien de but \u00e0 l&rsquo;ASM, o\u00f9, tr\u00e8s vite, il cr\u00e9a l&rsquo;\u00e9cole de foot puis encadra les \u00e9quipes de jeunes. Au d\u00e9but des ann\u00e9es 70, il motiva les ados pour qu&rsquo;ils cr\u00e9ent un club de jeunes. \u00c9lu Pr\u00e9sident de la maison des Jeunes de la Brenne, une des toutes premi\u00e8res MJC du d\u00e9partement, il organisa de nombreuses activit\u00e9s et des manifestations ouvertes \u00e0 tous comme des conf\u00e9rences \u00e0 th\u00e8mes\u00a0: sur la r\u00e9sistance avec Andr\u00e9 Plateau, la d\u00e9portation avec Marcel Lemoine et Louis Balsan. Pour nous parler de sa vie d&rsquo;aventurier ,il fit venir Henry de Montfred.<\/p>\n<p>Apr\u00e8s avoir obtenu la cr\u00e9ation d&rsquo;un local dans le cadre de l&rsquo;op\u00e9ration nationale \u00ab&nbsp;1000 clubs&nbsp;\u00bb, Claude Gallais nous orienta vers l&rsquo;organisation de randonn\u00e9es. Marche du dimanche matin qui devint rapidement randonn\u00e9e d&rsquo;une journ\u00e9e pour donner naissance \u00e0 la fameuse randonn\u00e9e de la Brenne sur trois jours. Il en fut un des piliers durant 25 ans. Claude Gallais consacrera \u00e9galement beaucoup d&rsquo;\u00e9nergie, tant que sa sant\u00e9 le lui permit, aux Restos du C\u0153ur<\/p>\n<p>M\u00e9zi\u00e8res en Brenne perd un b\u00e9n\u00e9vole remarquable, malheureusement pas toujours reconnu \u00e0 sa juste valeur. Pourtant, gr\u00e2ce \u00e0 lui, les jeunes d&rsquo;ici ont d\u00e9couvert le sport, la culture, la passion de leur pays brennous que Claude aimait tant faire vivre pour mieux la partager avec le plus grand nombre.<\/p>\n","protected":false},"excerpt":{"rendered":"<p>Si tout le monde connaissait, Claude Gallais, le coiffeur de M\u00e9zi\u00e8res en Brenne, nous devons lui rendre hommage pour le grand int\u00e9r\u00eat qu&rsquo;il porta, comme b\u00e9n\u00e9vole, \u00e0 bon nombre d&rsquo;associations locales.Il fut un excellent gardien de but \u00e0 l&rsquo;ASM, o\u00f9, tr\u00e8s vite, il cr\u00e9a l&rsquo;\u00e9cole de foot puis encadra les \u00e9quipes de jeunes. Au d\u00e9but&hellip;&nbsp;<a href=\"https:\/\/www.brenne-au-coeur.com\/index.php\/2021\/11\/30\/claude-gallais-nous-a-quittes\/communes\/mezieres-en-brenne\/915\/\" rel=\"bookmark\">Lire la suite&nbsp;&raquo;<span class=\"screen-reader-text\">Claude Gallais nous a quitt\u00e9s<\/span><\/a><\/p>\n","protected":false},"author":1,"featured_media":644,"comment_status":"open","ping_status":"open","sticky":false,"template":"","format":"standard","meta":{"rop_custom_images_group":[],"rop_custom_messages_group":[],"rop_publish_now":"initial","rop_publish_now_accounts":[],"rop_publish_now_history":[],"rop_publish_now_status":"pending","_monsterinsights_skip_tracking":false,"_monsterinsights_sitenote_active":false,"_monsterinsights_sitenote_note":"","_monsterinsights_sitenote_category":0,"neve_meta_sidebar":"","neve_meta_container":"","neve_meta_enable_content_width":"off","neve_meta_content_width":70,"neve_meta_title_alignment":"","neve_meta_author_avatar":"","neve_post_elements_order":"","neve_meta_disable_header":"","neve_meta_disable_footer":"","neve_meta_disable_title":"","_jetpack_memberships_contains_paid_content":false,"footnotes":"","jetpack_publicize_message":"","jetpack_publicize_feature_enabled":true,"jetpack_social_post_already_shared":false,"jetpack_social_options":{"image_generator_settings":{"template":"highway","default_image_id":0,"font":"","enabled":false},"version":2}},"categories":[12,68,44],"tags":[74],"class_list":["post-915","post","type-post","status-publish","format-standard","has-post-thumbnail","hentry","category-mezieres-en-brenne","category-necrologie","category-portrait","tag-necrologie"],"aioseo_notices":[],"jetpack_publicize_connections":[],"jetpack_featured_media_url":"https:\/\/www.brenne-au-coeur.com\/wp-content\/uploads\/2022\/04\/Necrologie_Claude_Gallais_site.cleaned.jpg","jetpack-related-posts":[],"jetpack_sharing_enabled":true,"_links":{"self":[{"href":"https:\/\/www.brenne-au-coeur.com\/index.php\/wp-json\/wp\/v2\/posts\/915","targetHints":{"allow":["GET"]}}],"collection":[{"href":"https:\/\/www.brenne-au-coeur.com\/index.php\/wp-json\/wp\/v2\/posts"}],"about":[{"href":"https:\/\/www.brenne-au-coeur.com\/index.php\/wp-json\/wp\/v2\/types\/post"}],"author":[{"embeddable":true,"href":"https:\/\/www.brenne-au-coeur.com\/index.php\/wp-json\/wp\/v2\/users\/1"}],"replies":[{"embeddable":true,"href":"https:\/\/www.brenne-au-coeur.com\/index.php\/wp-json\/wp\/v2\/comments?post=915"}],"version-history":[{"count":0,"href":"https:\/\/www.brenne-au-coeur.com\/index.php\/wp-json\/wp\/v2\/posts\/915\/revisions"}],"wp:featuredmedia":[{"embeddable":true,"href":"https:\/\/www.brenne-au-coeur.com\/index.php\/wp-json\/wp\/v2\/media\/644"}],"wp:attachment":[{"href":"https:\/\/www.brenne-au-coeur.com\/index.php\/wp-json\/wp\/v2\/media?parent=915"}],"wp:term":[{"taxonomy":"category","embeddable":true,"href":"https:\/\/www.brenne-au-coeur.com\/index.php\/wp-json\/wp\/v2\/categories?post=915"},{"taxonomy":"post_tag","embeddable":true,"href":"https:\/\/www.brenne-au-coeur.com\/index.php\/wp-json\/wp\/v2\/tags?post=915"}],"curies":[{"name":"wp","href":"https:\/\/api.w.org\/{rel}","templated":true}]}}