{"id":910,"date":"2020-11-27T11:16:13","date_gmt":"2020-11-27T10:16:13","guid":{"rendered":"https:\/\/www.brenne-au-coeur.com\/?p=910"},"modified":"2022-05-30T11:54:53","modified_gmt":"2022-05-30T09:54:53","slug":"linquietude-dune-restauratrice-dart","status":"publish","type":"post","link":"https:\/\/www.brenne-au-coeur.com\/index.php\/2020\/11\/27\/linquietude-dune-restauratrice-dart\/communes\/mezieres-en-brenne\/910\/","title":{"rendered":"L\u2019inqui\u00e9tude d\u2019une restauratrice d&rsquo;art"},"content":{"rendered":"<figure id=\"attachment_642\" aria-describedby=\"caption-attachment-642\" style=\"width: 202px\" class=\"wp-caption alignleft\"><a href=\"https:\/\/www.brenne-au-coeur.com\/wp-content\/uploads\/2022\/04\/Mathilde_inquietude_site.cleaned.jpg\" rel=\"lightbox[910]\"><img loading=\"lazy\" decoding=\"async\" class=\"wp-image-642\" src=\"https:\/\/www.brenne-au-coeur.com\/wp-content\/uploads\/2022\/04\/Mathilde_inquietude_site.cleaned-186x300.jpg\" alt=\"\" width=\"202\" height=\"326\" srcset=\"https:\/\/www.brenne-au-coeur.com\/wp-content\/uploads\/2022\/04\/Mathilde_inquietude_site.cleaned-186x300.jpg 186w, https:\/\/www.brenne-au-coeur.com\/wp-content\/uploads\/2022\/04\/Mathilde_inquietude_site.cleaned-633x1024.jpg 633w, https:\/\/www.brenne-au-coeur.com\/wp-content\/uploads\/2022\/04\/Mathilde_inquietude_site.cleaned.jpg 742w\" sizes=\"auto, (max-width: 202px) 100vw, 202px\" \/><\/a><figcaption id=\"caption-attachment-642\" class=\"wp-caption-text\">La restauratrice dans son atelier<\/figcaption><\/figure>\n<p>Mathilde Mouilleron est restauratrice d\u2019\u0153uvres d\u2019art \u00e0 <a href=\"https:\/\/www.brenne-au-coeur.com\/index.php\/mezieres-en-brenne\/\">M\u00e9zi\u00e8res-en-Brenne<\/a> dans l\u2019Indre. Pour elle, comme de tr\u00e8s nombreux professionnels de ce secteur d\u2019activit\u00e9, l\u2019ann\u00e9e qui s\u2019ach\u00e8ve restera marqu\u00e9e du sceau des restrictions et de l\u2019incertitude. Mathilde Mouilleron est une travailleuse ind\u00e9pendante. Elle est sp\u00e9cialis\u00e9e dans la restauration d\u2019\u0153uvres d\u2019art ex\u00e9cut\u00e9es sur du papier. Un champ d\u2019action tr\u00e8s large s\u00e9rieusement chamboul\u00e9 depuis le 17 mars dernier, premier jour du premier confinement. \u00ab\u00a0Les cons\u00e9quences sont assez simples \u00e0 r\u00e9sumer. Plus de travail, plus de revenus. Tout s\u2019est arr\u00eat\u00e9\u00a0\u00bb, constate am\u00e8rement Mathilde. Apr\u00e8s une l\u00e9g\u00e8re reprise cet \u00e9t\u00e9, de nouveau d\u00e9but novembre a sonn\u00e9 la fermeture de toutes les galeries d\u2019art avec lesquelles elle travaille.<\/p>\n<p>Un coup de frein brutal dans un parcours riche d\u2019exp\u00e9riences, prometteur en projets.<br \/>\nIssue d\u2019un milieu de conditions modestes \u00e9loign\u00e9 du monde artistique, mais amateur d\u2019art, Mathilde, d\u00e8s sa plus tendre enfance, a baign\u00e9 dans les parfums des mus\u00e9es. Une vie familiale et le hasard des rencontres la conduisent \u00e0 l\u2019\u00e9cole du Louvre \u00e0 Paris. Ce sera donc l\u2019\u00e9tude de l\u2019histoire de l\u2019art. Un enseignement en marge duquel Mathilde va s\u2019int\u00e9resser au travail concret sur les \u0153uvres. \u00ab\u00a0J\u2019ai compris rapidement que le travail manuel me correspondait davantage&nbsp;\u00bb.<\/p>\n<p>Elle va ainsi suivre son apprentissage dans l\u2019atelier de moulage de l\u2019\u00e9cole des beaux-arts, puis celui de la dorure sur cadre de la Ville de Paris. Elle s\u2019essayera aussi \u00e0 la restauration de c\u00e9ramiques.<\/p>\n<p>Au final, son chemin la m\u00e8nera au travail sur papier. Un mat\u00e9riau qui accueille une grande vari\u00e9t\u00e9 d\u2019expressions\u00a0: le dessin, l\u2019aquarelle, le pastel, les estampes r\u00e9alis\u00e9s \u00e0 l\u2019encre comme au crayon \u00e0 la sanguine ou \u00e0 la pierre noire (type de crayon ou de craie qui donne un trait noir sombre et mat). Mathilde se familiarisera avec cet univers pour en ma\u00eetriser les techniques de restauration tr\u00e8s pointues. Car de s\u00e9rieuses comp\u00e9tences s\u2019imposent pour corriger les t\u00e2ches, d\u00e9chirures et autres dommages subis par les \u0153uvres. \u00ab\u00a0C\u2019est un travail qui exige de la patience, de la minutie et une grande capacit\u00e9 de concentration. Les op\u00e9rations sont multiples. Elles d\u00e9pendent du type de papier et d\u2019encre et induisent des interventions qui portent sur la surface comme sur le corps du papier&nbsp;\u00bb.<br \/>\nParfois, l\u2019ouvrage prend des formes tr\u00e8s volumineuses. Mathilde a exerc\u00e9 ses talents pour la r\u00e9novation d\u2019un globe c\u00e9leste de Coronelli, une sph\u00e8re de 1 m de diam\u00e8tre, comptant parmi les pi\u00e8ces ma\u00eetresses de la <a href=\"http:\/\/www.savoirs.essonne.fr\/thematiques\/la-terre\/geographie\/au-secours-dun-globe-celeste-de-coronelli\/\">collection Camille Flammarion<\/a>. \u00ab\u00a0C\u2019\u00e9tait un magnifique challenge qui m\u2019a demand\u00e9 6 mois de travail. Une aventure men\u00e9e en commun avec mon compagnon avec qui je partage la recherche de la perfection&nbsp;\u00bb.<\/p>\n<p>Exp\u00e9rience concluante. Mathilde s\u2019est attel\u00e9e \u00e0 la restauration d\u2019autres globes (terrestre ou c\u00e9leste). Le dernier en date est \u00e9galement un <a href=\"https:\/\/www.youtube.com\/watch?v=Cv3qD5uCJko\">globe c\u00e9leste de Coronelli<\/a> datant de la fin du XVIIe si\u00e8cle. La restauration de cette \u0153uvre superbe a \u00e9t\u00e9 command\u00e9e par<a href=\"https:\/\/www.youtube.com\/watch?v=79bA_IcX7x8\"> l\u2019observatoire astronomique de Strasbourg<\/a>. D\u00e9sormais, Mathilde compte en France, parmi les sp\u00e9cialistes de la discipline.<\/p>\n<p>Assoiff\u00e9e n\u00e9anmoins d\u2019exp\u00e9riences nouvelles, elle s\u2019embarquerait bien volontiers vers d\u2019autres horizons. \u00ab\u00a0j\u2019aimerais restaurer des paravents et plus largement travailler les papiers orientaux, aux textures diff\u00e9rentes comme les Japonais ou les Chinois&nbsp;\u00bb.<\/p>\n<figure id=\"attachment_911\" aria-describedby=\"caption-attachment-911\" style=\"width: 236px\" class=\"wp-caption alignright\"><a href=\"https:\/\/www.brenne-au-coeur.com\/wp-content\/uploads\/2022\/04\/Mathilde.jpeg\" rel=\"lightbox[910]\"><img loading=\"lazy\" decoding=\"async\" class=\"wp-image-911 size-medium\" src=\"https:\/\/www.brenne-au-coeur.com\/wp-content\/uploads\/2022\/04\/Mathilde-236x300.jpeg\" alt=\"\" width=\"236\" height=\"300\" srcset=\"https:\/\/www.brenne-au-coeur.com\/wp-content\/uploads\/2022\/04\/Mathilde-236x300.jpeg 236w, https:\/\/www.brenne-au-coeur.com\/wp-content\/uploads\/2022\/04\/Mathilde.jpeg 599w\" sizes=\"auto, (max-width: 236px) 100vw, 236px\" \/><\/a><figcaption id=\"caption-attachment-911\" class=\"wp-caption-text\">Parution presse<\/figcaption><\/figure>\n<p>Seulement depuis plusieurs mois, les ambitions sont au point mort. Les revenus ne sont plus issus du travail, mais des aides gouvernementales.<br \/>\nPour survivre, elle per\u00e7oit les aides de l\u2019\u00c9tat. 1500 \u20ac par mois dont il faut renouveler la demande chaque mois. \u00ab\u00a0J\u2019ai eu la chance de b\u00e9n\u00e9ficier d\u2019une grosse commande en 2019, car l\u2019aide est fix\u00e9e en fonction du chiffre d\u2019affaires de l\u2019ann\u00e9e pr\u00e9c\u00e9dente\u00a0\u00bb. La compensation financi\u00e8re reste n\u00e9anmoins tr\u00e8s partielle et la solution par nature al\u00e9atoire et insatisfaisante. Ce qu\u2019elle souhaite, c\u2019est la possibilit\u00e9 de travailler normalement. De ce c\u00f4t\u00e9 l\u00e0, les perspectives sont pour le moins incertaines, m\u00eame si son hyper sp\u00e9cialisation lui ouvre des possibilit\u00e9s de commandes . \u00ab\u00a0Je travaille avec la galerie Lelong qui propose des \u0153uvres d\u2019artistes tr\u00e8s cot\u00e9s \u00e0 des clients aux gros moyens financiers. Ce march\u00e9 n\u2019est pas en crise. Pour s\u2019en convaincre, il suffit de constater que des \u0153uvres du peintre David Hockney d\u2019une valeur comprise entre trois et douze millions ont \u00e9t\u00e9 vendues en quelques jours&nbsp;\u00bb. Autre motif d\u2019espoir pour l\u2019avenir, des contacts ont \u00e9t\u00e9 pris avec des structures publiques. Ils concernent des projets de restauration et de cr\u00e9ation de globes\u00a0\u00bb.<\/p>\n<p>Un \u00ab\u00a0optimisme\u00a0\u00bb vite pond\u00e9r\u00e9 par les cons\u00e9quences du confinement. La galerie Lelong ne peut pas offrir des perspectives si elle reste close. Par ailleurs, l\u2019activit\u00e9 de Mathilde Mouilleron avec cette galerie ne repr\u00e9sente qu\u2019une partie de ses revenus. Elle doit compter sur des structures plus petites ainsi que des particuliers. Un secteur plus fragile qui concerne des artistes moins cot\u00e9s, plus impact\u00e9 par les fermetures de galeries et l\u2019arr\u00eat des expositions. \u00ab\u00a0Dans ces conditions, les r\u00e9percussions peuvent \u00eatre grave pour ce qu\u2019on appelle la sous-traitance du monde de l\u2019art. Les restaurateurs, les encadreurs, et les transporteurs sont directement menac\u00e9s. Quant \u00e0 l\u2019investissement public pour des projets \u00e0 long terme. d\u00e9pend en grande partie de l\u2019\u00c9tat\u00a0\u00bb, rappelle-t-elle tr\u00e8s circonspecte. \u00ab\u00a0L\u2019oubli\u00a0\u00bb \u00e0 plusieurs reprises du monde de l\u2019art et de la culture en g\u00e9n\u00e9ral lors de discours du Pr\u00e9sident de la R\u00e9publique et du Premier ministre en dit long sur les intentions de l\u2019\u00c9tat sur la question. La derni\u00e8re intervention d\u2019Emmanuel Macron qui semble red\u00e9couvrir l\u2019importance de la culture pour la vie des gens ne rassure pas totalement Mathilde. \u00ab\u00a0Bien s\u00fbr l\u2019annonce de r\u00e9ouverture des galeries d\u2019art puis des mus\u00e9es est positive. Mais on ne se rel\u00e8vera pas si facilement de cette p\u00e9riode de confinement, car la crise \u00e9conomique p\u00e8se durablement sur une partie importante\u00a0de la client\u00e8le\u00bb. Mathilde Mouilleron reste dubitative quant aux capacit\u00e9s de ce secteur \u00e0 retrouver un peu plus de stabilit\u00e9. L\u2019incertitude est toujours pr\u00e9sente.<\/p>\n","protected":false},"excerpt":{"rendered":"<p>Mathilde Mouilleron est restauratrice d\u2019\u0153uvres d\u2019art \u00e0 M\u00e9zi\u00e8res-en-Brenne dans l\u2019Indre. Pour elle, comme de tr\u00e8s nombreux professionnels de ce secteur d\u2019activit\u00e9, l\u2019ann\u00e9e qui s\u2019ach\u00e8ve restera marqu\u00e9e du sceau des restrictions et de l\u2019incertitude. Mathilde Mouilleron est une travailleuse ind\u00e9pendante. Elle est sp\u00e9cialis\u00e9e dans la restauration d\u2019\u0153uvres d\u2019art ex\u00e9cut\u00e9es sur du papier. Un champ d\u2019action tr\u00e8s&hellip;&nbsp;<a href=\"https:\/\/www.brenne-au-coeur.com\/index.php\/2020\/11\/27\/linquietude-dune-restauratrice-dart\/communes\/mezieres-en-brenne\/910\/\" rel=\"bookmark\">Lire la suite&nbsp;&raquo;<span class=\"screen-reader-text\">L\u2019inqui\u00e9tude d\u2019une restauratrice d&rsquo;art<\/span><\/a><\/p>\n","protected":false},"author":1,"featured_media":642,"comment_status":"open","ping_status":"open","sticky":false,"template":"","format":"standard","meta":{"rop_custom_images_group":[],"rop_custom_messages_group":[],"rop_publish_now":"initial","rop_publish_now_accounts":[],"rop_publish_now_history":[],"rop_publish_now_status":"pending","_monsterinsights_skip_tracking":false,"_monsterinsights_sitenote_active":false,"_monsterinsights_sitenote_note":"","_monsterinsights_sitenote_category":0,"neve_meta_sidebar":"","neve_meta_container":"","neve_meta_enable_content_width":"off","neve_meta_content_width":70,"neve_meta_title_alignment":"","neve_meta_author_avatar":"","neve_post_elements_order":"","neve_meta_disable_header":"","neve_meta_disable_footer":"","neve_meta_disable_title":"","_jetpack_memberships_contains_paid_content":false,"footnotes":"","jetpack_publicize_message":"","jetpack_publicize_feature_enabled":true,"jetpack_social_post_already_shared":false,"jetpack_social_options":{"image_generator_settings":{"template":"highway","default_image_id":0,"font":"","enabled":false},"version":2}},"categories":[12,45],"tags":[50],"class_list":["post-910","post","type-post","status-publish","format-standard","has-post-thumbnail","hentry","category-mezieres-en-brenne","category-portrait-blog","tag-artisanat"],"aioseo_notices":[],"jetpack_publicize_connections":[],"jetpack_featured_media_url":"https:\/\/www.brenne-au-coeur.com\/wp-content\/uploads\/2022\/04\/Mathilde_inquietude_site.cleaned.jpg","jetpack-related-posts":[],"jetpack_sharing_enabled":true,"_links":{"self":[{"href":"https:\/\/www.brenne-au-coeur.com\/index.php\/wp-json\/wp\/v2\/posts\/910","targetHints":{"allow":["GET"]}}],"collection":[{"href":"https:\/\/www.brenne-au-coeur.com\/index.php\/wp-json\/wp\/v2\/posts"}],"about":[{"href":"https:\/\/www.brenne-au-coeur.com\/index.php\/wp-json\/wp\/v2\/types\/post"}],"author":[{"embeddable":true,"href":"https:\/\/www.brenne-au-coeur.com\/index.php\/wp-json\/wp\/v2\/users\/1"}],"replies":[{"embeddable":true,"href":"https:\/\/www.brenne-au-coeur.com\/index.php\/wp-json\/wp\/v2\/comments?post=910"}],"version-history":[{"count":3,"href":"https:\/\/www.brenne-au-coeur.com\/index.php\/wp-json\/wp\/v2\/posts\/910\/revisions"}],"predecessor-version":[{"id":1932,"href":"https:\/\/www.brenne-au-coeur.com\/index.php\/wp-json\/wp\/v2\/posts\/910\/revisions\/1932"}],"wp:featuredmedia":[{"embeddable":true,"href":"https:\/\/www.brenne-au-coeur.com\/index.php\/wp-json\/wp\/v2\/media\/642"}],"wp:attachment":[{"href":"https:\/\/www.brenne-au-coeur.com\/index.php\/wp-json\/wp\/v2\/media?parent=910"}],"wp:term":[{"taxonomy":"category","embeddable":true,"href":"https:\/\/www.brenne-au-coeur.com\/index.php\/wp-json\/wp\/v2\/categories?post=910"},{"taxonomy":"post_tag","embeddable":true,"href":"https:\/\/www.brenne-au-coeur.com\/index.php\/wp-json\/wp\/v2\/tags?post=910"}],"curies":[{"name":"wp","href":"https:\/\/api.w.org\/{rel}","templated":true}]}}