{"id":904,"date":"2021-12-25T16:11:44","date_gmt":"2021-12-25T15:11:44","guid":{"rendered":"https:\/\/www.brenne-au-coeur.com\/?p=904"},"modified":"2022-05-26T12:33:03","modified_gmt":"2022-05-26T10:33:03","slug":"lincertitude-dune-restauratrice-dart","status":"publish","type":"post","link":"https:\/\/www.brenne-au-coeur.com\/index.php\/2021\/12\/25\/lincertitude-dune-restauratrice-dart\/communes\/mezieres-en-brenne\/904\/","title":{"rendered":"L\u2019incertitude d\u2019une restauratrice d\u2019art"},"content":{"rendered":"<figure id=\"attachment_641\" aria-describedby=\"caption-attachment-641\" style=\"width: 180px\" class=\"wp-caption alignleft\"><a href=\"https:\/\/www.brenne-au-coeur.com\/wp-content\/uploads\/2022\/04\/Mathilde_confinement_site.cleaned.jpg\" rel=\"lightbox[904]\"><img loading=\"lazy\" decoding=\"async\" class=\"wp-image-641\" src=\"https:\/\/www.brenne-au-coeur.com\/wp-content\/uploads\/2022\/04\/Mathilde_confinement_site.cleaned-186x300.jpg\" alt=\"\" width=\"180\" height=\"291\" srcset=\"https:\/\/www.brenne-au-coeur.com\/wp-content\/uploads\/2022\/04\/Mathilde_confinement_site.cleaned-186x300.jpg 186w, https:\/\/www.brenne-au-coeur.com\/wp-content\/uploads\/2022\/04\/Mathilde_confinement_site.cleaned-633x1024.jpg 633w, https:\/\/www.brenne-au-coeur.com\/wp-content\/uploads\/2022\/04\/Mathilde_confinement_site.cleaned.jpg 742w\" sizes=\"auto, (max-width: 180px) 100vw, 180px\" \/><\/a><figcaption id=\"caption-attachment-641\" class=\"wp-caption-text\">Mathilde Mouilleron restaure une \u0153uvre de Chillida<\/figcaption><\/figure>\n<p>Mathilde Mouilleron est <a href=\"https:\/\/www.cidj.com\/metiers\/restaurateur-d-oeuvres-d-art\">restauratrice d\u2019\u0153uvres d\u2019art<\/a>. Comme de tr\u00e8s nombreux professionnels de ce secteur d\u2019activit\u00e9, l\u2019ann\u00e9e qui s\u2019ach\u00e8ve restera pour elle, marqu\u00e9e du sceau des restrictions et de l\u2019incertitude.<\/p>\n<p>Mathilde Mouilleron est une travailleuse ind\u00e9pendante. Elle est sp\u00e9cialis\u00e9e dans la restauration d\u2019\u0153uvres d\u2019art ex\u00e9cut\u00e9es sur du papier. Un mat\u00e9riau qui accueille une grande vari\u00e9t\u00e9 d\u2019expressions\u00a0: le dessin, l\u2019aquarelle, le pastel, les estampes r\u00e9alis\u00e9s \u00e0 l\u2019encre comme au crayon ou \u00e0 la sanguine. Elle intervient sur des \u0153uvres d\u2019artistes contemporains de renom, comme le peintre catalan Antoni T\u00e0pies. Elle a \u00e9galement restaur\u00e9 des \u0153uvres de grands ma\u00eetres tels que Miro ou Picasso.Elle r\u00e9nove aussi des cr\u00e9ations pour des particuliers o\u00f9 la valeur sentimentale pr\u00e9domine. Un champ d\u2019action tr\u00e8s large s\u00e9rieusement chamboul\u00e9 depuis le 17 mars dernier, premier jour du premier confinement. \u00ab\u00a0Les cons\u00e9quences sont assez simples \u00e0 r\u00e9sumer. Plus de travail, plus de revenus. Tout s\u2019est arr\u00eat\u00e9\u00a0\u00bb, constate Mathilde. Apr\u00e8s une l\u00e9g\u00e8re reprise cet \u00e9t\u00e9, de nouveau novembre a sonn\u00e9 la fermeture de toutes les galeries d\u2019art avec lesquelles elle travaille. Pour survivre, elle per\u00e7oit les aides de l\u2019\u00c9tat. 1500 \u20ac par mois dont il faut renouveler la demande chaque mois. \u00ab\u00a0J\u2019ai eu la chance de b\u00e9n\u00e9ficier d\u2019une grosse commande en 2019, car l\u2019aide est fix\u00e9e en fonction du chiffre d\u2019affaires de l\u2019ann\u00e9e pr\u00e9c\u00e9dente. La compensation financi\u00e8re reste n\u00e9anmoins tr\u00e8s partielle et la solution par nature insatisfaisante. Ce qu\u2019elle souhaite, c\u2019est la possibilit\u00e9 de travailler normalement. De ce c\u00f4t\u00e9 l\u00e0, les perspectives sont pour le moins incertaines, m\u00eame si son hyper sp\u00e9cialisation lui ouvre pour l\u2019avenir des possibilit\u00e9s de commandes. \u00ab\u00a0Je travaille avec la galerie Lelong qui propose des \u0153uvres d\u2019artistes tr\u00e8s cot\u00e9s \u00e0 des clients aux gros moyens financiers&nbsp;\u00bb. Par ailleurs des contacts sont pris pour des projets avec des structures publiques. Ils concernent la restauration et la cr\u00e9ation de globes\u00a0\u00bb.<\/p>\n<p>Un espoir vite pond\u00e9r\u00e9, car toute la galerie Lelong ne repr\u00e9sente qu\u2019une partie de ses commandes. Les petites galeries parisiennes et les particuliers sont tr\u00e8s touch\u00e9s par les fermetures. \u00ab\u00a0Les cons\u00e9quences peuvent \u00eatre graves pour ce qu\u2019on appelle la sous-traitance du monde de l\u2019art. Restaurateurs, encadreurs, transporteurs sont menac\u00e9s. Quant \u00e0 l\u2019investissement public pour des projets \u00e0 long terme. Il d\u00e9pend de l\u2019\u00c9tat\u00a0\u00bb, rappelle-t-elle, tr\u00e8s circonspecte. L\u2019absence de r\u00e9f\u00e9rence au monde de l\u2019art et de la culture en g\u00e9n\u00e9ral lors des deux derniers discours du pr\u00e9sident de la R\u00e9publique et du Premier ministre n\u2019est pas de nature \u00e0 rassurer Mathilde.<\/p>\n","protected":false},"excerpt":{"rendered":"<p>Mathilde Mouilleron est restauratrice d\u2019\u0153uvres d\u2019art. Comme de tr\u00e8s nombreux professionnels de ce secteur d\u2019activit\u00e9, l\u2019ann\u00e9e qui s\u2019ach\u00e8ve restera pour elle, marqu\u00e9e du sceau des restrictions et de l\u2019incertitude. Mathilde Mouilleron est une travailleuse ind\u00e9pendante. Elle est sp\u00e9cialis\u00e9e dans la restauration d\u2019\u0153uvres d\u2019art ex\u00e9cut\u00e9es sur du papier. Un mat\u00e9riau qui accueille une grande vari\u00e9t\u00e9 d\u2019expressions\u00a0:&hellip;&nbsp;<a href=\"https:\/\/www.brenne-au-coeur.com\/index.php\/2021\/12\/25\/lincertitude-dune-restauratrice-dart\/communes\/mezieres-en-brenne\/904\/\" rel=\"bookmark\">Lire la suite&nbsp;&raquo;<span class=\"screen-reader-text\">L\u2019incertitude d\u2019une restauratrice d\u2019art<\/span><\/a><\/p>\n","protected":false},"author":1,"featured_media":641,"comment_status":"open","ping_status":"open","sticky":false,"template":"","format":"standard","meta":{"rop_custom_images_group":[],"rop_custom_messages_group":[],"rop_publish_now":"initial","rop_publish_now_accounts":[],"rop_publish_now_history":[],"rop_publish_now_status":"pending","_monsterinsights_skip_tracking":false,"_monsterinsights_sitenote_active":false,"_monsterinsights_sitenote_note":"","_monsterinsights_sitenote_category":0,"neve_meta_sidebar":"","neve_meta_container":"","neve_meta_enable_content_width":"off","neve_meta_content_width":70,"neve_meta_title_alignment":"","neve_meta_author_avatar":"","neve_post_elements_order":"","neve_meta_disable_header":"","neve_meta_disable_footer":"","neve_meta_disable_title":"","_jetpack_memberships_contains_paid_content":false,"footnotes":"","jetpack_publicize_message":"","jetpack_publicize_feature_enabled":true,"jetpack_social_post_already_shared":false,"jetpack_social_options":{"image_generator_settings":{"template":"highway","default_image_id":0,"font":"","enabled":false},"version":2}},"categories":[12,45],"tags":[50],"class_list":["post-904","post","type-post","status-publish","format-standard","has-post-thumbnail","hentry","category-mezieres-en-brenne","category-portrait-blog","tag-artisanat"],"aioseo_notices":[],"jetpack_publicize_connections":[],"jetpack_featured_media_url":"https:\/\/www.brenne-au-coeur.com\/wp-content\/uploads\/2022\/04\/Mathilde_confinement_site.cleaned.jpg","jetpack-related-posts":[],"jetpack_sharing_enabled":true,"_links":{"self":[{"href":"https:\/\/www.brenne-au-coeur.com\/index.php\/wp-json\/wp\/v2\/posts\/904","targetHints":{"allow":["GET"]}}],"collection":[{"href":"https:\/\/www.brenne-au-coeur.com\/index.php\/wp-json\/wp\/v2\/posts"}],"about":[{"href":"https:\/\/www.brenne-au-coeur.com\/index.php\/wp-json\/wp\/v2\/types\/post"}],"author":[{"embeddable":true,"href":"https:\/\/www.brenne-au-coeur.com\/index.php\/wp-json\/wp\/v2\/users\/1"}],"replies":[{"embeddable":true,"href":"https:\/\/www.brenne-au-coeur.com\/index.php\/wp-json\/wp\/v2\/comments?post=904"}],"version-history":[{"count":2,"href":"https:\/\/www.brenne-au-coeur.com\/index.php\/wp-json\/wp\/v2\/posts\/904\/revisions"}],"predecessor-version":[{"id":1923,"href":"https:\/\/www.brenne-au-coeur.com\/index.php\/wp-json\/wp\/v2\/posts\/904\/revisions\/1923"}],"wp:featuredmedia":[{"embeddable":true,"href":"https:\/\/www.brenne-au-coeur.com\/index.php\/wp-json\/wp\/v2\/media\/641"}],"wp:attachment":[{"href":"https:\/\/www.brenne-au-coeur.com\/index.php\/wp-json\/wp\/v2\/media?parent=904"}],"wp:term":[{"taxonomy":"category","embeddable":true,"href":"https:\/\/www.brenne-au-coeur.com\/index.php\/wp-json\/wp\/v2\/categories?post=904"},{"taxonomy":"post_tag","embeddable":true,"href":"https:\/\/www.brenne-au-coeur.com\/index.php\/wp-json\/wp\/v2\/tags?post=904"}],"curies":[{"name":"wp","href":"https:\/\/api.w.org\/{rel}","templated":true}]}}