{"id":892,"date":"2021-07-17T11:15:39","date_gmt":"2021-07-17T09:15:39","guid":{"rendered":"https:\/\/www.brenne-au-coeur.com\/?p=892"},"modified":"2022-05-15T19:45:22","modified_gmt":"2022-05-15T17:45:22","slug":"le-mapping-video-des-ados","status":"publish","type":"post","link":"https:\/\/www.brenne-au-coeur.com\/index.php\/2021\/07\/17\/le-mapping-video-des-ados\/communaute-de-communes\/892\/","title":{"rendered":"Le mapping vid\u00e9o des ados"},"content":{"rendered":"<figure id=\"attachment_622\" aria-describedby=\"caption-attachment-622\" style=\"width: 300px\" class=\"wp-caption alignleft\"><a href=\"https:\/\/www.brenne-au-coeur.com\/wp-content\/uploads\/2022\/04\/Mapping_video_05_site.cleaned.jpg\" rel=\"lightbox[892]\"><img loading=\"lazy\" decoding=\"async\" class=\"wp-image-622 size-medium\" src=\"https:\/\/www.brenne-au-coeur.com\/wp-content\/uploads\/2022\/04\/Mapping_video_05_site.cleaned-300x186.jpg\" alt=\"\" width=\"300\" height=\"186\" srcset=\"https:\/\/www.brenne-au-coeur.com\/wp-content\/uploads\/2022\/04\/Mapping_video_05_site.cleaned-300x186.jpg 300w, https:\/\/www.brenne-au-coeur.com\/wp-content\/uploads\/2022\/04\/Mapping_video_05_site.cleaned-1024x633.jpg 1024w, https:\/\/www.brenne-au-coeur.com\/wp-content\/uploads\/2022\/04\/Mapping_video_05_site.cleaned-768x475.jpg 768w, https:\/\/www.brenne-au-coeur.com\/wp-content\/uploads\/2022\/04\/Mapping_video_05_site.cleaned.jpg 1200w\" sizes=\"auto, (max-width: 300px) 100vw, 300px\" \/><\/a><figcaption id=\"caption-attachment-622\" class=\"wp-caption-text\">Des effets sp\u00e9ciaux projet\u00e9s sur la fa\u00e7ade du b\u00e2timent de la CDC<\/figcaption><\/figure>\n<p><span style=\"font-size: large;\">Lundi 12 et mardi 13 juillet, l\u2019accueil de jeunes de la <a href=\"https:\/\/coeurdebrenne.fr\/\">Communaut\u00e9 de Communes \u00ab&nbsp;C\u0153ur de Brenne&nbsp;\u00bb<\/a> organisait une nouvelle activit\u00e9 dans le cadre du programme d\u2019\u00e9t\u00e9. Deux jours pour r\u00e9aliser des effets sp\u00e9ciaux projet\u00e9s sur la fa\u00e7ade du b\u00e2timent de la CDC, vendredi 23 juillet au d\u00e9but de la soir\u00e9e cin\u00e9ma en plein air. Ce mardi, la salle Tardivon \u00e0 <a href=\"https:\/\/www.brenne-au-coeur.com\/index.php\/mezieres-en-brenne\/\">M\u00e9zi\u00e8res-en-Brenne<\/a> avait pris des allures de studio. \u00ab&nbsp;Tu peux nous montrer o\u00f9 vous en \u00eates&nbsp;\u00bb, questionne Pierre Trouv\u00e9, responsable de l\u2019accueil Jeunes. En un clic Gabin s\u2019ex\u00e9cute, et de premi\u00e8res animations apparaissent sur l\u2019\u00e9cran d\u2019ordinateur. A<\/span><\/p>\n<figure id=\"attachment_619\" aria-describedby=\"caption-attachment-619\" style=\"width: 300px\" class=\"wp-caption alignright\"><a href=\"https:\/\/www.brenne-au-coeur.com\/wp-content\/uploads\/2022\/04\/Mapping_video_01_site.cleaned.jpg\" rel=\"lightbox[892]\"><img loading=\"lazy\" decoding=\"async\" class=\"wp-image-619 size-medium\" src=\"https:\/\/www.brenne-au-coeur.com\/wp-content\/uploads\/2022\/04\/Mapping_video_01_site.cleaned-300x186.jpg\" alt=\"\" width=\"300\" height=\"186\" srcset=\"https:\/\/www.brenne-au-coeur.com\/wp-content\/uploads\/2022\/04\/Mapping_video_01_site.cleaned-300x186.jpg 300w, https:\/\/www.brenne-au-coeur.com\/wp-content\/uploads\/2022\/04\/Mapping_video_01_site.cleaned-1024x633.jpg 1024w, https:\/\/www.brenne-au-coeur.com\/wp-content\/uploads\/2022\/04\/Mapping_video_01_site.cleaned-768x475.jpg 768w, https:\/\/www.brenne-au-coeur.com\/wp-content\/uploads\/2022\/04\/Mapping_video_01_site.cleaned.jpg 1200w\" sizes=\"auto, (max-width: 300px) 100vw, 300px\" \/><\/a><figcaption id=\"caption-attachment-619\" class=\"wp-caption-text\">Deux jours pour mener \u00e0 bien cette activit\u00e9<\/figcaption><\/figure>\n<p><span style=\"font-size: large;\">vec L\u00e9opoldine et Ana\u00eblle, ils cr\u00e9ent <a href=\"https:\/\/fr.wikipedia.org\/wiki\/Motion_design\">le mouvement par des dessins photographi\u00e9s un par un<\/a>. Plus loin, \u00c9lise sur sa tablette graphique peaufine la conception d\u2019un petit personnage. Maxence et Anthyme, quant \u00e0 eux, travaillent le logo de l\u2019accueil et le g\u00e9n\u00e9rique avec tous les pr\u00e9noms des participants. Sur le coin de la table, Maxence montre des animaux sauvages en figurine. \u00ab&nbsp;C\u2019est pour cr\u00e9er l\u2019ambiance de la savane&nbsp;\u00bb, l\u00e2che-t-il avec un grand sourire. Dans la salle du fond, Cl\u00e9oph\u00e9e filme un aquarium que J\u00e9r\u00f4me, r\u00e9alisateur, remplit d\u2019eau. Patiemment les ados fabriquent tous les \u00e9l\u00e9ments qui, une fois assembl\u00e9s, donneront une succession d\u2019effets sp\u00e9ciaux. \u00ab&nbsp;L\u2019id\u00e9e est \u00e0 la fois de leur donner la possibilit\u00e9 de cr\u00e9er une vid\u00e9o et d\u2019exp\u00e9rimenter une technique avec les moyens \u00e0 leur disposition&nbsp;\u00bb, explique J\u00e9r\u00f4me.<\/span><\/p>\n<figure id=\"attachment_620\" aria-describedby=\"caption-attachment-620\" style=\"width: 300px\" class=\"wp-caption alignleft\"><a href=\"https:\/\/www.brenne-au-coeur.com\/wp-content\/uploads\/2022\/04\/Mapping_video_02_site.cleaned.jpg\" rel=\"lightbox[892]\"><img loading=\"lazy\" decoding=\"async\" class=\"wp-image-620 size-medium\" src=\"https:\/\/www.brenne-au-coeur.com\/wp-content\/uploads\/2022\/04\/Mapping_video_02_site.cleaned-300x186.jpg\" alt=\"\" width=\"300\" height=\"186\" srcset=\"https:\/\/www.brenne-au-coeur.com\/wp-content\/uploads\/2022\/04\/Mapping_video_02_site.cleaned-300x186.jpg 300w, https:\/\/www.brenne-au-coeur.com\/wp-content\/uploads\/2022\/04\/Mapping_video_02_site.cleaned-1024x633.jpg 1024w, https:\/\/www.brenne-au-coeur.com\/wp-content\/uploads\/2022\/04\/Mapping_video_02_site.cleaned-768x475.jpg 768w, https:\/\/www.brenne-au-coeur.com\/wp-content\/uploads\/2022\/04\/Mapping_video_02_site.cleaned.jpg 1200w\" sizes=\"auto, (max-width: 300px) 100vw, 300px\" \/><\/a><figcaption id=\"caption-attachment-620\" class=\"wp-caption-text\">Patiemment les ados exp\u00e9rimentent une technique<\/figcaption><\/figure>\n<p><span style=\"font-size: large;\">Les deux jours pour mener \u00e0 bien cette activit\u00e9 semblent un d\u00e9lai bien court.<\/span><\/p>\n<p><span style=\"font-size: large;\">Ce n\u2019est pas le moindre des m\u00e9rites \u00e0 mettre \u00e0 l\u2019actif de l\u2019accueil Jeunes qui montre encore une fois, une belle vitalit\u00e9 et une capacit\u00e9 \u00e0 proposer aux jeunes une activit\u00e9 exigeante dans une ambiance joyeuse. <\/span><\/p>\n","protected":false},"excerpt":{"rendered":"<p>Lundi 12 et mardi 13 juillet, l\u2019accueil de jeunes de la Communaut\u00e9 de Communes \u00ab&nbsp;C\u0153ur de Brenne&nbsp;\u00bb organisait une nouvelle activit\u00e9 dans le cadre du programme d\u2019\u00e9t\u00e9. Deux jours pour r\u00e9aliser des effets sp\u00e9ciaux projet\u00e9s sur la fa\u00e7ade du b\u00e2timent de la CDC, vendredi 23 juillet au d\u00e9but de la soir\u00e9e cin\u00e9ma en plein air.&hellip;&nbsp;<a href=\"https:\/\/www.brenne-au-coeur.com\/index.php\/2021\/07\/17\/le-mapping-video-des-ados\/communaute-de-communes\/892\/\" rel=\"bookmark\">Lire la suite&nbsp;&raquo;<span class=\"screen-reader-text\">Le mapping vid\u00e9o des ados<\/span><\/a><\/p>\n","protected":false},"author":1,"featured_media":621,"comment_status":"open","ping_status":"open","sticky":false,"template":"","format":"standard","meta":{"rop_custom_images_group":[],"rop_custom_messages_group":[],"rop_publish_now":"initial","rop_publish_now_accounts":[],"rop_publish_now_history":[],"rop_publish_now_status":"pending","_monsterinsights_skip_tracking":false,"_monsterinsights_sitenote_active":false,"_monsterinsights_sitenote_note":"","_monsterinsights_sitenote_category":0,"neve_meta_sidebar":"","neve_meta_container":"","neve_meta_enable_content_width":"off","neve_meta_content_width":70,"neve_meta_title_alignment":"","neve_meta_author_avatar":"","neve_post_elements_order":"","neve_meta_disable_header":"","neve_meta_disable_footer":"","neve_meta_disable_title":"","_jetpack_memberships_contains_paid_content":false,"footnotes":"","jetpack_publicize_message":"","jetpack_publicize_feature_enabled":true,"jetpack_social_post_already_shared":false,"jetpack_social_options":{"image_generator_settings":{"template":"highway","default_image_id":0,"font":"","enabled":false},"version":2}},"categories":[85],"tags":[71,36],"class_list":["post-892","post","type-post","status-publish","format-standard","has-post-thumbnail","hentry","category-communaute-de-communes","tag-animation","tag-jeunesse"],"aioseo_notices":[],"jetpack_publicize_connections":[],"jetpack_featured_media_url":"https:\/\/www.brenne-au-coeur.com\/wp-content\/uploads\/2022\/04\/Mapping_video_03_site.cleaned.jpg","jetpack-related-posts":[],"jetpack_sharing_enabled":true,"_links":{"self":[{"href":"https:\/\/www.brenne-au-coeur.com\/index.php\/wp-json\/wp\/v2\/posts\/892","targetHints":{"allow":["GET"]}}],"collection":[{"href":"https:\/\/www.brenne-au-coeur.com\/index.php\/wp-json\/wp\/v2\/posts"}],"about":[{"href":"https:\/\/www.brenne-au-coeur.com\/index.php\/wp-json\/wp\/v2\/types\/post"}],"author":[{"embeddable":true,"href":"https:\/\/www.brenne-au-coeur.com\/index.php\/wp-json\/wp\/v2\/users\/1"}],"replies":[{"embeddable":true,"href":"https:\/\/www.brenne-au-coeur.com\/index.php\/wp-json\/wp\/v2\/comments?post=892"}],"version-history":[{"count":0,"href":"https:\/\/www.brenne-au-coeur.com\/index.php\/wp-json\/wp\/v2\/posts\/892\/revisions"}],"wp:featuredmedia":[{"embeddable":true,"href":"https:\/\/www.brenne-au-coeur.com\/index.php\/wp-json\/wp\/v2\/media\/621"}],"wp:attachment":[{"href":"https:\/\/www.brenne-au-coeur.com\/index.php\/wp-json\/wp\/v2\/media?parent=892"}],"wp:term":[{"taxonomy":"category","embeddable":true,"href":"https:\/\/www.brenne-au-coeur.com\/index.php\/wp-json\/wp\/v2\/categories?post=892"},{"taxonomy":"post_tag","embeddable":true,"href":"https:\/\/www.brenne-au-coeur.com\/index.php\/wp-json\/wp\/v2\/tags?post=892"}],"curies":[{"name":"wp","href":"https:\/\/api.w.org\/{rel}","templated":true}]}}