{"id":878,"date":"2021-09-28T12:02:27","date_gmt":"2021-09-28T10:02:27","guid":{"rendered":"https:\/\/www.brenne-au-coeur.com\/?p=878"},"modified":"2022-05-15T17:24:59","modified_gmt":"2022-05-15T15:24:59","slug":"les-ceramiques-dedith","status":"publish","type":"post","link":"https:\/\/www.brenne-au-coeur.com\/index.php\/2021\/09\/28\/les-ceramiques-dedith\/communes\/mezieres-en-brenne\/878\/","title":{"rendered":"Les c\u00e9ramiques d\u2019\u00c9dith"},"content":{"rendered":"<figure id=\"attachment_616\" aria-describedby=\"caption-attachment-616\" style=\"width: 300px\" class=\"wp-caption alignleft\"><a href=\"https:\/\/www.brenne-au-coeur.com\/wp-content\/uploads\/2022\/04\/L_artisanat_au_feminin_site.cleaned.jpg\" rel=\"lightbox[878]\"><img loading=\"lazy\" decoding=\"async\" class=\"wp-image-616 size-medium\" src=\"https:\/\/www.brenne-au-coeur.com\/wp-content\/uploads\/2022\/04\/L_artisanat_au_feminin_site.cleaned-300x186.jpg\" alt=\"\" width=\"300\" height=\"186\" srcset=\"https:\/\/www.brenne-au-coeur.com\/wp-content\/uploads\/2022\/04\/L_artisanat_au_feminin_site.cleaned-300x186.jpg 300w, https:\/\/www.brenne-au-coeur.com\/wp-content\/uploads\/2022\/04\/L_artisanat_au_feminin_site.cleaned-1024x633.jpg 1024w, https:\/\/www.brenne-au-coeur.com\/wp-content\/uploads\/2022\/04\/L_artisanat_au_feminin_site.cleaned-768x475.jpg 768w, https:\/\/www.brenne-au-coeur.com\/wp-content\/uploads\/2022\/04\/L_artisanat_au_feminin_site.cleaned.jpg 1200w\" sizes=\"auto, (max-width: 300px) 100vw, 300px\" \/><\/a><figcaption id=\"caption-attachment-616\" class=\"wp-caption-text\">La c\u00e9ramiste \u00c9dith Luthier<\/figcaption><\/figure>\n<p><span style=\"font-size: large;\">L\u2019association \u00ab\u00a0Le Moulin\u00a0\u00bb de M\u00e9zi\u00e8res-en-Brenne a pr\u00e9sent\u00e9 jusqu\u2019au 24 septembre, les c\u00e9ramiques d\u2019\u00c9dith Luthier. Une gamme tr\u00e8s vari\u00e9e de pi\u00e8ces en gr\u00e8s de diverses couleurs, mais unies par un style \u00e9pur\u00e9, des lignes rondes, sobres et modernes. Des vases dits en g\u00e9lules, asym\u00e9triques ou doubles, des tasses larges, hautes, petites certaines en format expresso, quelques assiettes. Une exposition d\u2019objets utilitaires. \u00c9dith revendique une production artisanale et non artistique. N\u00e9anmoins, tr\u00e8s d\u00e9corative. Certaines r\u00e9alisations peuvent avoir pour unique fonction l\u2019ornement d\u2019un salon. \u00c9dith Luthier se consacre depuis peu \u00e0 temps plein \u00e0 cette fabrication. Elle a laiss\u00e9, depuis trois ans seulement, l\u2019agronomie pour engager une reconversion. C\u2019est \u00e0 l\u2019<a href=\"https:\/\/www.atelierdesartsceramiques.com\/\">Atelier des Arts c\u00e9ramiques de Tours<\/a> qu\u2019elle a suivi une formation. \u00ab\u00a0J\u2019explore diff\u00e9rents modes de fa\u00e7onnage. Le tournage, mais \u00e9galement l\u2019assemblage de plaques, le travail au colombin. L\u2019int\u00e9r\u00eat pr\u00e9dominant de mon travail se situe dans la recherche sur les volumes, la combinaison de formes g\u00e9om\u00e9triques, souvent simples.\u00a0\u00bb Depuis 2019, elle a install\u00e9 son atelier \u00e0 Chitray, dans le sud du d\u00e9partement de l\u2019Indre que le public peut visiter sur rendez-vous au&nbsp;: 06 13 41 46 60. <\/span><\/p>\n","protected":false},"excerpt":{"rendered":"<p>L\u2019association \u00ab\u00a0Le Moulin\u00a0\u00bb de M\u00e9zi\u00e8res-en-Brenne a pr\u00e9sent\u00e9 jusqu\u2019au 24 septembre, les c\u00e9ramiques d\u2019\u00c9dith Luthier. Une gamme tr\u00e8s vari\u00e9e de pi\u00e8ces en gr\u00e8s de diverses couleurs, mais unies par un style \u00e9pur\u00e9, des lignes rondes, sobres et modernes. Des vases dits en g\u00e9lules, asym\u00e9triques ou doubles, des tasses larges, hautes, petites certaines en format expresso, quelques&hellip;&nbsp;<a href=\"https:\/\/www.brenne-au-coeur.com\/index.php\/2021\/09\/28\/les-ceramiques-dedith\/communes\/mezieres-en-brenne\/878\/\" rel=\"bookmark\">Lire la suite&nbsp;&raquo;<span class=\"screen-reader-text\">Les c\u00e9ramiques d\u2019\u00c9dith<\/span><\/a><\/p>\n","protected":false},"author":1,"featured_media":616,"comment_status":"open","ping_status":"open","sticky":false,"template":"","format":"standard","meta":{"rop_custom_images_group":[],"rop_custom_messages_group":[],"rop_publish_now":"initial","rop_publish_now_accounts":[],"rop_publish_now_history":[],"rop_publish_now_status":"pending","_monsterinsights_skip_tracking":false,"_monsterinsights_sitenote_active":false,"_monsterinsights_sitenote_note":"","_monsterinsights_sitenote_category":0,"neve_meta_sidebar":"","neve_meta_container":"","neve_meta_enable_content_width":"off","neve_meta_content_width":70,"neve_meta_title_alignment":"","neve_meta_author_avatar":"","neve_post_elements_order":"","neve_meta_disable_header":"","neve_meta_disable_footer":"","neve_meta_disable_title":"","_jetpack_memberships_contains_paid_content":false,"footnotes":"","jetpack_publicize_message":"","jetpack_publicize_feature_enabled":true,"jetpack_social_post_already_shared":false,"jetpack_social_options":{"image_generator_settings":{"template":"highway","default_image_id":0,"font":"","enabled":false},"version":2}},"categories":[69,12,54],"tags":[50],"class_list":["post-878","post","type-post","status-publish","format-standard","has-post-thumbnail","hentry","category-exposition","category-mezieres-en-brenne","category-moulin","tag-artisanat"],"aioseo_notices":[],"jetpack_publicize_connections":[],"jetpack_featured_media_url":"https:\/\/www.brenne-au-coeur.com\/wp-content\/uploads\/2022\/04\/L_artisanat_au_feminin_site.cleaned.jpg","jetpack-related-posts":[],"jetpack_sharing_enabled":true,"_links":{"self":[{"href":"https:\/\/www.brenne-au-coeur.com\/index.php\/wp-json\/wp\/v2\/posts\/878","targetHints":{"allow":["GET"]}}],"collection":[{"href":"https:\/\/www.brenne-au-coeur.com\/index.php\/wp-json\/wp\/v2\/posts"}],"about":[{"href":"https:\/\/www.brenne-au-coeur.com\/index.php\/wp-json\/wp\/v2\/types\/post"}],"author":[{"embeddable":true,"href":"https:\/\/www.brenne-au-coeur.com\/index.php\/wp-json\/wp\/v2\/users\/1"}],"replies":[{"embeddable":true,"href":"https:\/\/www.brenne-au-coeur.com\/index.php\/wp-json\/wp\/v2\/comments?post=878"}],"version-history":[{"count":0,"href":"https:\/\/www.brenne-au-coeur.com\/index.php\/wp-json\/wp\/v2\/posts\/878\/revisions"}],"wp:featuredmedia":[{"embeddable":true,"href":"https:\/\/www.brenne-au-coeur.com\/index.php\/wp-json\/wp\/v2\/media\/616"}],"wp:attachment":[{"href":"https:\/\/www.brenne-au-coeur.com\/index.php\/wp-json\/wp\/v2\/media?parent=878"}],"wp:term":[{"taxonomy":"category","embeddable":true,"href":"https:\/\/www.brenne-au-coeur.com\/index.php\/wp-json\/wp\/v2\/categories?post=878"},{"taxonomy":"post_tag","embeddable":true,"href":"https:\/\/www.brenne-au-coeur.com\/index.php\/wp-json\/wp\/v2\/tags?post=878"}],"curies":[{"name":"wp","href":"https:\/\/api.w.org\/{rel}","templated":true}]}}