{"id":874,"date":"2021-10-12T23:44:49","date_gmt":"2021-10-12T21:44:49","guid":{"rendered":"https:\/\/www.brenne-au-coeur.com\/?p=874"},"modified":"2022-05-15T17:15:41","modified_gmt":"2022-05-15T15:15:41","slug":"jean-rejasse-une-vie-au-service-dazay","status":"publish","type":"post","link":"https:\/\/www.brenne-au-coeur.com\/index.php\/2021\/10\/12\/jean-rejasse-une-vie-au-service-dazay\/communes\/azay-le-ferron-communes\/874\/","title":{"rendered":"Jean Rejasse, une vie au service d\u2019Azay"},"content":{"rendered":"<figure id=\"attachment_614\" aria-describedby=\"caption-attachment-614\" style=\"width: 186px\" class=\"wp-caption alignleft\"><a href=\"https:\/\/www.brenne-au-coeur.com\/wp-content\/uploads\/2022\/04\/Jean_Rejasse_site.jpg\" rel=\"lightbox[874]\"><img loading=\"lazy\" decoding=\"async\" class=\"wp-image-614 size-medium\" src=\"https:\/\/www.brenne-au-coeur.com\/wp-content\/uploads\/2022\/04\/Jean_Rejasse_site-186x300.jpg\" alt=\"\" width=\"186\" height=\"300\" srcset=\"https:\/\/www.brenne-au-coeur.com\/wp-content\/uploads\/2022\/04\/Jean_Rejasse_site-186x300.jpg 186w, https:\/\/www.brenne-au-coeur.com\/wp-content\/uploads\/2022\/04\/Jean_Rejasse_site-633x1024.jpg 633w, https:\/\/www.brenne-au-coeur.com\/wp-content\/uploads\/2022\/04\/Jean_Rejasse_site.jpg 742w\" sizes=\"auto, (max-width: 186px) 100vw, 186px\" \/><\/a><figcaption id=\"caption-attachment-614\" class=\"wp-caption-text\">Jean Rejasse<\/figcaption><\/figure>\n<p><span style=\"font-size: large;\">R\u00e9cemment disparu, Jean Rejasse est de ces hommes qui marquent la vie locale. Tant par son parcours professionnel que par son investissement citoyen, il aura consacr\u00e9 une grande partie de son existence au rayonnement de sa commune. N\u00e9 en 1934, il s\u2019installe \u00e0 Azay-le-Ferron en 1950, en compagnie de ses parents, tous deux employ\u00e9s de la Poste. En 1955, il d\u00e9bute sa carri\u00e8re d\u2019instituteur dans l\u2019\u00e9tablissement o\u00f9 il rencontre sa future \u00e9pouse, elle-m\u00eame enseignante. C\u2019est en tant que directeur d\u2019\u00e9cole qu\u2019il ach\u00e8vera ses activit\u00e9s professionnelles. <\/span><span style=\"font-size: large;\">Son m\u00e9tier, bas\u00e9 par nature sur le sens du partage et de l\u2019int\u00e9r\u00eat de l\u2019autre, il l\u2019accompagnera d\u2019une action au sein de la commune o\u00f9 il est \u00e9lu conseill\u00e9 municipal en 1971. De 2005 \u00e0 2008, il occupera la fonction de maire qu\u2019il quittera pour des raisons de sant\u00e9. <\/span><span style=\"font-size: large;\">Au cours de ces d\u00e9cennies, il s\u2019attachera \u00e0 d\u00e9velopper la vie culturelle et associative. <\/span><span style=\"font-size: large;\">De 1995 \u00e0 2008, il sera pr\u00e9sident de l\u2019<a href=\"https:\/\/www.famillesrurales.org\/\">association Familles Rurales<\/a>.<\/span><span style=\"font-size: large;\"> Passionn\u00e9 d\u2019histoire, il jouera un r\u00f4le majeur pour obtenir la r\u00e9ouverture du ch\u00e2teau d\u2019Azay o\u00f9 il pr\u00e9sentera des conf\u00e9rences. Cet homme curieux de tout se distinguera pour la qualit\u00e9 des liens humains qu\u2019il tissait avec la population. \u00ab\u00a0Il \u00e9tait proche des gens, connu et appr\u00e9ci\u00e9 de tous\u00a0\u00bb, confie Claude Boutet, <\/span><span style=\"font-size: large;\">voisin de Jean Rejasse. Selon cet ami, il repr\u00e9sentait l\u2019image <\/span> <span style=\"font-size: large;\">de l\u2019instituteur, <\/span><span style=\"font-size: large;\">de l\u2019<\/span><span style=\"font-size: large;\">\u00e9lu, toujours <\/span><span style=\"font-size: large;\">\u00e0 <\/span><span style=\"font-size: large;\">l\u2019\u00e9coute des probl\u00e8mes des habitants. La simple \u00e9vocation de son parcours <\/span><span style=\"font-size: large;\">en apporte la preuve<\/span><span style=\"font-size: large;\">. <\/span><\/p>\n","protected":false},"excerpt":{"rendered":"<p>R\u00e9cemment disparu, Jean Rejasse est de ces hommes qui marquent la vie locale. Tant par son parcours professionnel que par son investissement citoyen, il aura consacr\u00e9 une grande partie de son existence au rayonnement de sa commune. N\u00e9 en 1934, il s\u2019installe \u00e0 Azay-le-Ferron en 1950, en compagnie de ses parents, tous deux employ\u00e9s de&hellip;&nbsp;<a href=\"https:\/\/www.brenne-au-coeur.com\/index.php\/2021\/10\/12\/jean-rejasse-une-vie-au-service-dazay\/communes\/azay-le-ferron-communes\/874\/\" rel=\"bookmark\">Lire la suite&nbsp;&raquo;<span class=\"screen-reader-text\">Jean Rejasse, une vie au service d\u2019Azay<\/span><\/a><\/p>\n","protected":false},"author":1,"featured_media":614,"comment_status":"open","ping_status":"open","sticky":false,"template":"","format":"standard","meta":{"rop_custom_images_group":[],"rop_custom_messages_group":[],"rop_publish_now":"initial","rop_publish_now_accounts":[],"rop_publish_now_history":[],"rop_publish_now_status":"pending","_monsterinsights_skip_tracking":false,"_monsterinsights_sitenote_active":false,"_monsterinsights_sitenote_note":"","_monsterinsights_sitenote_category":0,"neve_meta_sidebar":"","neve_meta_container":"","neve_meta_enable_content_width":"off","neve_meta_content_width":70,"neve_meta_title_alignment":"","neve_meta_author_avatar":"","neve_post_elements_order":"","neve_meta_disable_header":"","neve_meta_disable_footer":"","neve_meta_disable_title":"","_jetpack_memberships_contains_paid_content":false,"footnotes":"","jetpack_publicize_message":"","jetpack_publicize_feature_enabled":true,"jetpack_social_post_already_shared":false,"jetpack_social_options":{"image_generator_settings":{"template":"highway","default_image_id":0,"font":"","enabled":false},"version":2}},"categories":[10,68,44],"tags":[27],"class_list":["post-874","post","type-post","status-publish","format-standard","has-post-thumbnail","hentry","category-azay-le-ferron-communes","category-necrologie","category-portrait","tag-nature"],"aioseo_notices":[],"jetpack_publicize_connections":[],"jetpack_featured_media_url":"https:\/\/www.brenne-au-coeur.com\/wp-content\/uploads\/2022\/04\/Jean_Rejasse_site.jpg","jetpack-related-posts":[],"jetpack_sharing_enabled":true,"_links":{"self":[{"href":"https:\/\/www.brenne-au-coeur.com\/index.php\/wp-json\/wp\/v2\/posts\/874","targetHints":{"allow":["GET"]}}],"collection":[{"href":"https:\/\/www.brenne-au-coeur.com\/index.php\/wp-json\/wp\/v2\/posts"}],"about":[{"href":"https:\/\/www.brenne-au-coeur.com\/index.php\/wp-json\/wp\/v2\/types\/post"}],"author":[{"embeddable":true,"href":"https:\/\/www.brenne-au-coeur.com\/index.php\/wp-json\/wp\/v2\/users\/1"}],"replies":[{"embeddable":true,"href":"https:\/\/www.brenne-au-coeur.com\/index.php\/wp-json\/wp\/v2\/comments?post=874"}],"version-history":[{"count":0,"href":"https:\/\/www.brenne-au-coeur.com\/index.php\/wp-json\/wp\/v2\/posts\/874\/revisions"}],"wp:featuredmedia":[{"embeddable":true,"href":"https:\/\/www.brenne-au-coeur.com\/index.php\/wp-json\/wp\/v2\/media\/614"}],"wp:attachment":[{"href":"https:\/\/www.brenne-au-coeur.com\/index.php\/wp-json\/wp\/v2\/media?parent=874"}],"wp:term":[{"taxonomy":"category","embeddable":true,"href":"https:\/\/www.brenne-au-coeur.com\/index.php\/wp-json\/wp\/v2\/categories?post=874"},{"taxonomy":"post_tag","embeddable":true,"href":"https:\/\/www.brenne-au-coeur.com\/index.php\/wp-json\/wp\/v2\/tags?post=874"}],"curies":[{"name":"wp","href":"https:\/\/api.w.org\/{rel}","templated":true}]}}