{"id":872,"date":"2021-08-14T10:39:24","date_gmt":"2021-08-14T08:39:24","guid":{"rendered":"https:\/\/www.brenne-au-coeur.com\/?p=872"},"modified":"2022-05-15T19:07:44","modified_gmt":"2022-05-15T17:07:44","slug":"le-jazz-de-retour-a-la-haute-touche","status":"publish","type":"post","link":"https:\/\/www.brenne-au-coeur.com\/index.php\/2021\/08\/14\/le-jazz-de-retour-a-la-haute-touche\/communes\/azay-le-ferron-communes\/872\/","title":{"rendered":"Le jazz de retour \u00e0 la Haute-Touche"},"content":{"rendered":"<figure id=\"attachment_613\" aria-describedby=\"caption-attachment-613\" style=\"width: 300px\" class=\"wp-caption alignleft\"><a href=\"https:\/\/www.brenne-au-coeur.com\/wp-content\/uploads\/2022\/04\/Jazz_retour_haute-touche_site.jpg\" rel=\"lightbox[872]\"><img loading=\"lazy\" decoding=\"async\" class=\"wp-image-613 size-medium\" src=\"https:\/\/www.brenne-au-coeur.com\/wp-content\/uploads\/2022\/04\/Jazz_retour_haute-touche_site-300x186.jpg\" alt=\"\" width=\"300\" height=\"186\" srcset=\"https:\/\/www.brenne-au-coeur.com\/wp-content\/uploads\/2022\/04\/Jazz_retour_haute-touche_site-300x186.jpg 300w, https:\/\/www.brenne-au-coeur.com\/wp-content\/uploads\/2022\/04\/Jazz_retour_haute-touche_site-1024x633.jpg 1024w, https:\/\/www.brenne-au-coeur.com\/wp-content\/uploads\/2022\/04\/Jazz_retour_haute-touche_site-768x475.jpg 768w, https:\/\/www.brenne-au-coeur.com\/wp-content\/uploads\/2022\/04\/Jazz_retour_haute-touche_site.jpg 1200w\" sizes=\"auto, (max-width: 300px) 100vw, 300px\" \/><\/a><figcaption id=\"caption-attachment-613\" class=\"wp-caption-text\">Les amis de la Haute-Touche<\/figcaption><\/figure>\n<p><span style=\"font-size: large;\">Samedi 14 ao\u00fbt, l\u2019association \u00ab\u00a0Les amis de la <a href=\"https:\/\/www.zoodelahautetouche.fr\/fr\">Haute-Touche<\/a>\u00a0\u00bb organisait sa traditionnelle soir\u00e9e jazz. Une 32e \u00e9dition qui s\u2019\u00e9tait fait d\u00e9sirer apr\u00e8s l\u2019annulation du spectacle en 2020 en raison de la situation sanitaire. \u00ab\u00a0Nous sommes enfin r\u00e9unis, ce n\u2019\u00e9tait pas gagn\u00e9, et en plus, le beau temps nous accompagne, s\u2019est f\u00e9licit\u00e9 William Derny, pr\u00e9sident de l\u2019association qui a remerci\u00e9 le public pour sa fid\u00e9lit\u00e9. Les spectateurs se sont en effet d\u00e9plac\u00e9s en nombre pour applaudir deux groupes. <\/span><span style=\"font-size: large;\">Cat and the Mint tout d\u2019abord. Premiers accords, premiers solos de guitare, de piano, de saxo. Le d\u00e9cor \u00e9tait plant\u00e9. Dans un rythme\u2019n blues d\u00e9coiffant Cat Lee king et ses amis musiciens ont <\/span><span style=\"font-size: large;\">emmen\u00e9 l<\/span><span style=\"font-size: large;\">e public <\/span><span style=\"font-size: large;\">dans une ambiance musicale virevoltante. Apr\u00e8s l\u2019entracte, <\/span><span style=\"font-size: large;\">a<\/span><span style=\"font-size: large;\">utres musiciens, autre style. Oracasse offrait un show aux couleurs de La Nouvelle-Orl\u00e9ans. \u00ab\u00a0Cette marmite o\u00f9 mijotent des musiques venues de diverses origines\u00a0\u00bb, comme l\u2019a expliqu\u00e9 un musicien du groupe. Oracasse a gratifi\u00e9 le public d\u2019un tour de chant balan\u00e7ant entre standards du swing d\u2019un Louis Amstrong et biguines antillaises de compositeurs moins c\u00e9l\u00e8bres. <\/span><span style=\"font-size: large;\">Au final, comme chaque ann\u00e9e, le festival a <\/span><span style=\"font-size: large;\"> enchant<\/span><span style=\"font-size: large;\">\u00e9<\/span><span style=\"font-size: large;\"> les m\u00e9lomanes avertis, comme les simples amoureux de la musique jazz sous toutes ses formes. \u00ab\u00a0<\/span><span style=\"font-size: large;\">Nous vous donnons rendez-vous l\u2019an prochain, m\u00eame jour, m\u00eame heure, m\u00eame lieu a conclu William Derny. <\/span><\/p>\n","protected":false},"excerpt":{"rendered":"<p>Samedi 14 ao\u00fbt, l\u2019association \u00ab\u00a0Les amis de la Haute-Touche\u00a0\u00bb organisait sa traditionnelle soir\u00e9e jazz. Une 32e \u00e9dition qui s\u2019\u00e9tait fait d\u00e9sirer apr\u00e8s l\u2019annulation du spectacle en 2020 en raison de la situation sanitaire. \u00ab\u00a0Nous sommes enfin r\u00e9unis, ce n\u2019\u00e9tait pas gagn\u00e9, et en plus, le beau temps nous accompagne, s\u2019est f\u00e9licit\u00e9 William Derny, pr\u00e9sident de&hellip;&nbsp;<a href=\"https:\/\/www.brenne-au-coeur.com\/index.php\/2021\/08\/14\/le-jazz-de-retour-a-la-haute-touche\/communes\/azay-le-ferron-communes\/872\/\" rel=\"bookmark\">Lire la suite&nbsp;&raquo;<span class=\"screen-reader-text\">Le jazz de retour \u00e0 la Haute-Touche<\/span><\/a><\/p>\n","protected":false},"author":1,"featured_media":613,"comment_status":"open","ping_status":"open","sticky":false,"template":"","format":"standard","meta":{"rop_custom_images_group":[],"rop_custom_messages_group":[],"rop_publish_now":"initial","rop_publish_now_accounts":[],"rop_publish_now_history":[],"rop_publish_now_status":"pending","_monsterinsights_skip_tracking":false,"_monsterinsights_sitenote_active":false,"_monsterinsights_sitenote_note":"","_monsterinsights_sitenote_category":0,"neve_meta_sidebar":"","neve_meta_container":"","neve_meta_enable_content_width":"off","neve_meta_content_width":70,"neve_meta_title_alignment":"","neve_meta_author_avatar":"","neve_post_elements_order":"","neve_meta_disable_header":"","neve_meta_disable_footer":"","neve_meta_disable_title":"","_jetpack_memberships_contains_paid_content":false,"footnotes":"","jetpack_publicize_message":"","jetpack_publicize_feature_enabled":true,"jetpack_social_post_already_shared":false,"jetpack_social_options":{"image_generator_settings":{"template":"highway","default_image_id":0,"font":"","enabled":false},"version":2}},"categories":[10,21,66],"tags":[67,40],"class_list":["post-872","post","type-post","status-publish","format-standard","has-post-thumbnail","hentry","category-azay-le-ferron-communes","category-evenements","category-haute-touche","tag-jazz","tag-musique"],"aioseo_notices":[],"jetpack_publicize_connections":[],"jetpack_featured_media_url":"https:\/\/www.brenne-au-coeur.com\/wp-content\/uploads\/2022\/04\/Jazz_retour_haute-touche_site.jpg","jetpack-related-posts":[],"jetpack_sharing_enabled":true,"_links":{"self":[{"href":"https:\/\/www.brenne-au-coeur.com\/index.php\/wp-json\/wp\/v2\/posts\/872","targetHints":{"allow":["GET"]}}],"collection":[{"href":"https:\/\/www.brenne-au-coeur.com\/index.php\/wp-json\/wp\/v2\/posts"}],"about":[{"href":"https:\/\/www.brenne-au-coeur.com\/index.php\/wp-json\/wp\/v2\/types\/post"}],"author":[{"embeddable":true,"href":"https:\/\/www.brenne-au-coeur.com\/index.php\/wp-json\/wp\/v2\/users\/1"}],"replies":[{"embeddable":true,"href":"https:\/\/www.brenne-au-coeur.com\/index.php\/wp-json\/wp\/v2\/comments?post=872"}],"version-history":[{"count":0,"href":"https:\/\/www.brenne-au-coeur.com\/index.php\/wp-json\/wp\/v2\/posts\/872\/revisions"}],"wp:featuredmedia":[{"embeddable":true,"href":"https:\/\/www.brenne-au-coeur.com\/index.php\/wp-json\/wp\/v2\/media\/613"}],"wp:attachment":[{"href":"https:\/\/www.brenne-au-coeur.com\/index.php\/wp-json\/wp\/v2\/media?parent=872"}],"wp:term":[{"taxonomy":"category","embeddable":true,"href":"https:\/\/www.brenne-au-coeur.com\/index.php\/wp-json\/wp\/v2\/categories?post=872"},{"taxonomy":"post_tag","embeddable":true,"href":"https:\/\/www.brenne-au-coeur.com\/index.php\/wp-json\/wp\/v2\/tags?post=872"}],"curies":[{"name":"wp","href":"https:\/\/api.w.org\/{rel}","templated":true}]}}