{"id":870,"date":"2021-07-14T08:03:26","date_gmt":"2021-07-14T06:03:26","guid":{"rendered":"https:\/\/www.brenne-au-coeur.com\/?p=870"},"modified":"2022-05-15T19:48:01","modified_gmt":"2022-05-15T17:48:01","slug":"jaugette-entre-ciel-et-musique","status":"publish","type":"post","link":"https:\/\/www.brenne-au-coeur.com\/index.php\/2021\/07\/14\/jaugette-entre-ciel-et-musique\/communes\/obterre\/870\/","title":{"rendered":"Jaugette, entre ciel et musique"},"content":{"rendered":"<figure id=\"attachment_612\" aria-describedby=\"caption-attachment-612\" style=\"width: 300px\" class=\"wp-caption alignleft\"><a href=\"https:\/\/www.brenne-au-coeur.com\/wp-content\/uploads\/2022\/04\/Jaugette_Ciel_et_musique_site.jpg\" rel=\"lightbox[870]\"><img loading=\"lazy\" decoding=\"async\" class=\"wp-image-612 size-medium\" src=\"https:\/\/www.brenne-au-coeur.com\/wp-content\/uploads\/2022\/04\/Jaugette_Ciel_et_musique_site-300x186.jpg\" alt=\"\" width=\"300\" height=\"186\" srcset=\"https:\/\/www.brenne-au-coeur.com\/wp-content\/uploads\/2022\/04\/Jaugette_Ciel_et_musique_site-300x186.jpg 300w, https:\/\/www.brenne-au-coeur.com\/wp-content\/uploads\/2022\/04\/Jaugette_Ciel_et_musique_site-1024x633.jpg 1024w, https:\/\/www.brenne-au-coeur.com\/wp-content\/uploads\/2022\/04\/Jaugette_Ciel_et_musique_site-768x475.jpg 768w, https:\/\/www.brenne-au-coeur.com\/wp-content\/uploads\/2022\/04\/Jaugette_Ciel_et_musique_site.jpg 1200w\" sizes=\"auto, (max-width: 300px) 100vw, 300px\" \/><\/a><figcaption id=\"caption-attachment-612\" class=\"wp-caption-text\">Les jardins de Jaugette<\/figcaption><\/figure>\n<p><span style=\"font-size: large;\">Dimanche 18 juillet, le public pr\u00e9sent dans les jardins de <a href=\"https:\/\/www.jaugette.com\/\">Jaugette<\/a> a salu\u00e9 chaleureusement la prestation de l\u2019orchestre qui <\/span><span style=\"font-size: large;\">venait de pr\u00e9senter<\/span><span style=\"font-size: large;\"> \u00ab\u00a0Broadway in the sky\u00a0\u00bb. <\/span><span style=\"font-size: large;\">Un spectacle compos\u00e9 d\u2019extrait de com\u00e9dies musicales en r\u00e9f\u00e9rence au th\u00e8me du festival\u00a0: Ciel et Musique. Servis par les tr\u00e8s belles voix de Maeva Mathon et Loa\u00ef Rahman, les spectateurs ont eu droit \u00e0 un floril\u00e8ge de chansons parmi les plus connues. De \u00ab\u00a0Piece of Sky\u00a0\u00bb de Yentl au Tonight de West side story en passant par l\u2019incontournable Singin\u2019in the rain. <\/span><span style=\"font-size: large;\">Le concert cl\u00f4turait la troisi\u00e8me et derni\u00e8re journ\u00e9e du festival d\u00e9but\u00e9e le matin \u00e0 l\u2019\u00e9glise de Martizay. Autre endroit, autres chants, autre ambiance. L\u2019ensemble vocal Vox Cantoris fait revivre le patrimoine musical, <\/span><span style=\"font-size: large;\">en particulier<\/span><span style=\"font-size: large;\"> du Moyen-\u00e2ge. Chants profonds, envo\u00fbtants, accompagn\u00e9s par la gr\u00e2ce de la danse de Konstantin Michin et Ira Gonto. La programmation d\u2019univers \u00e9loign\u00e9s est la marque de fabrique du Festival de Jaugette, ouvert cette ann\u00e9e par des \u0153uvres de Beethoven et Tcha\u00efkoski. L\u2019interpr\u00e9tation de Mikhail Pletnev a s\u00e9duit Avril, fid\u00e8le spectatrice \u00ab\u00a0J\u2019ai aim\u00e9 la clart\u00e9, la fluidit\u00e9 de son jeu et la d\u00e9licatesse du touch\u00e9 sur le clavier\u00a0\u00bb, expliquait-elle. Vari\u00e9t\u00e9 des musiques, des expressions artistique<\/span><span style=\"font-size: large;\">s et ouverture \u00e0 la connaissance. En t\u00e9moigne la pr\u00e9sence de l\u2019astrophotographe Olivier Sauzereau et la visite comment\u00e9e de l\u2019\u00e9glise de Paulnay, de ses fresques calendaires des XIIe et XIVe si\u00e8cles. Ciel et Musique exprime cette ann\u00e9e encore la volont\u00e9 d\u2019Irina Kataeva-Aimard et de l\u2019association \u00ab\u00a0<\/span><span style=\"font-size: large;\">Jaugette-Manoir des arts\u00a0\u00bb <\/span><span style=\"font-size: large;\">de <\/span><span style=\"font-size: large;\">proposer<\/span><span style=\"font-size: large;\"> des moments magiques. <\/span><span style=\"font-size: large;\">Cr\u00e9ation <\/span><span style=\"font-size: large;\">artistique, nature <\/span><span style=\"font-size: large;\">et patrimoine local sont associ\u00e9s <\/span><span style=\"font-size: large;\">pour servir cette ambition. Le festival de Jaugette s\u2019impose ann\u00e9e apr\u00e8s ann\u00e9e comme un rendez-vous majeur du d\u00e9veloppement culturel de la Brenne. <\/span><\/p>\n","protected":false},"excerpt":{"rendered":"<p>Dimanche 18 juillet, le public pr\u00e9sent dans les jardins de Jaugette a salu\u00e9 chaleureusement la prestation de l\u2019orchestre qui venait de pr\u00e9senter \u00ab\u00a0Broadway in the sky\u00a0\u00bb. Un spectacle compos\u00e9 d\u2019extrait de com\u00e9dies musicales en r\u00e9f\u00e9rence au th\u00e8me du festival\u00a0: Ciel et Musique. Servis par les tr\u00e8s belles voix de Maeva Mathon et Loa\u00ef Rahman, les&hellip;&nbsp;<a href=\"https:\/\/www.brenne-au-coeur.com\/index.php\/2021\/07\/14\/jaugette-entre-ciel-et-musique\/communes\/obterre\/870\/\" rel=\"bookmark\">Lire la suite&nbsp;&raquo;<span class=\"screen-reader-text\">Jaugette, entre ciel et musique<\/span><\/a><\/p>\n","protected":false},"author":1,"featured_media":612,"comment_status":"open","ping_status":"open","sticky":false,"template":"","format":"standard","meta":{"rop_custom_images_group":[],"rop_custom_messages_group":[],"rop_publish_now":"initial","rop_publish_now_accounts":[],"rop_publish_now_history":[],"rop_publish_now_status":"pending","_monsterinsights_skip_tracking":false,"_monsterinsights_sitenote_active":false,"_monsterinsights_sitenote_note":"","_monsterinsights_sitenote_category":0,"neve_meta_sidebar":"","neve_meta_container":"","neve_meta_enable_content_width":"off","neve_meta_content_width":70,"neve_meta_title_alignment":"","neve_meta_author_avatar":"","neve_post_elements_order":"","neve_meta_disable_header":"","neve_meta_disable_footer":"","neve_meta_disable_title":"","_jetpack_memberships_contains_paid_content":false,"footnotes":"","jetpack_publicize_message":"","jetpack_publicize_feature_enabled":true,"jetpack_social_post_already_shared":false,"jetpack_social_options":{"image_generator_settings":{"template":"highway","default_image_id":0,"font":"","enabled":false},"version":2}},"categories":[14],"tags":[65,64],"class_list":["post-870","post","type-post","status-publish","format-standard","has-post-thumbnail","hentry","category-obterre","tag-classique","tag-concert"],"aioseo_notices":[],"jetpack_publicize_connections":[],"jetpack_featured_media_url":"https:\/\/www.brenne-au-coeur.com\/wp-content\/uploads\/2022\/04\/Jaugette_Ciel_et_musique_site.jpg","jetpack-related-posts":[],"jetpack_sharing_enabled":true,"_links":{"self":[{"href":"https:\/\/www.brenne-au-coeur.com\/index.php\/wp-json\/wp\/v2\/posts\/870","targetHints":{"allow":["GET"]}}],"collection":[{"href":"https:\/\/www.brenne-au-coeur.com\/index.php\/wp-json\/wp\/v2\/posts"}],"about":[{"href":"https:\/\/www.brenne-au-coeur.com\/index.php\/wp-json\/wp\/v2\/types\/post"}],"author":[{"embeddable":true,"href":"https:\/\/www.brenne-au-coeur.com\/index.php\/wp-json\/wp\/v2\/users\/1"}],"replies":[{"embeddable":true,"href":"https:\/\/www.brenne-au-coeur.com\/index.php\/wp-json\/wp\/v2\/comments?post=870"}],"version-history":[{"count":0,"href":"https:\/\/www.brenne-au-coeur.com\/index.php\/wp-json\/wp\/v2\/posts\/870\/revisions"}],"wp:featuredmedia":[{"embeddable":true,"href":"https:\/\/www.brenne-au-coeur.com\/index.php\/wp-json\/wp\/v2\/media\/612"}],"wp:attachment":[{"href":"https:\/\/www.brenne-au-coeur.com\/index.php\/wp-json\/wp\/v2\/media?parent=870"}],"wp:term":[{"taxonomy":"category","embeddable":true,"href":"https:\/\/www.brenne-au-coeur.com\/index.php\/wp-json\/wp\/v2\/categories?post=870"},{"taxonomy":"post_tag","embeddable":true,"href":"https:\/\/www.brenne-au-coeur.com\/index.php\/wp-json\/wp\/v2\/tags?post=870"}],"curies":[{"name":"wp","href":"https:\/\/api.w.org\/{rel}","templated":true}]}}