{"id":858,"date":"2021-04-14T23:09:39","date_gmt":"2021-04-14T21:09:39","guid":{"rendered":"https:\/\/www.brenne-au-coeur.com\/?p=858"},"modified":"2022-05-15T19:59:53","modified_gmt":"2022-05-15T17:59:53","slug":"week-end-de-genealogie-a-mezieres","status":"publish","type":"post","link":"https:\/\/www.brenne-au-coeur.com\/index.php\/2021\/04\/14\/week-end-de-genealogie-a-mezieres\/communes\/mezieres-en-brenne\/858\/","title":{"rendered":"Week-end de g\u00e9n\u00e9alogie \u00e0 M\u00e9zi\u00e8res"},"content":{"rendered":"<figure id=\"attachment_603\" aria-describedby=\"caption-attachment-603\" style=\"width: 300px\" class=\"wp-caption alignleft\"><a href=\"https:\/\/www.brenne-au-coeur.com\/wp-content\/uploads\/2022\/04\/Genealogie_a_Mezieres-en-Brenne_site.jpg\" rel=\"lightbox[858]\"><img loading=\"lazy\" decoding=\"async\" class=\"wp-image-603 size-medium\" src=\"https:\/\/www.brenne-au-coeur.com\/wp-content\/uploads\/2022\/04\/Genealogie_a_Mezieres-en-Brenne_site-300x186.jpg\" alt=\"\" width=\"300\" height=\"186\" srcset=\"https:\/\/www.brenne-au-coeur.com\/wp-content\/uploads\/2022\/04\/Genealogie_a_Mezieres-en-Brenne_site-300x186.jpg 300w, https:\/\/www.brenne-au-coeur.com\/wp-content\/uploads\/2022\/04\/Genealogie_a_Mezieres-en-Brenne_site-1024x633.jpg 1024w, https:\/\/www.brenne-au-coeur.com\/wp-content\/uploads\/2022\/04\/Genealogie_a_Mezieres-en-Brenne_site-768x475.jpg 768w, https:\/\/www.brenne-au-coeur.com\/wp-content\/uploads\/2022\/04\/Genealogie_a_Mezieres-en-Brenne_site.jpg 1200w\" sizes=\"auto, (max-width: 300px) 100vw, 300px\" \/><\/a><figcaption id=\"caption-attachment-603\" class=\"wp-caption-text\">Association de g\u00e9n\u00e9alogie SGBB<\/figcaption><\/figure>\n<p><span style=\"font-size: large;\">Le temps d\u2019un week-end, <\/span><span style=\"font-size: large;\">les 9, 10 et 11 octobre,<\/span><span style=\"font-size: large;\"> les habitants de <a href=\"https:\/\/www.brenne-au-coeur.com\/index.php\/mezieres-en-brenne\/\">M\u00e9zi\u00e8res<\/a> ont pu d\u00e9couvrir une exposition pr\u00e9par\u00e9e par l\u2019association de g\u00e9n\u00e9alogie SGBB (<a href=\"http:\/\/www.sgbasberry.sitew.org\/Base_de_donnees.B.htm\">Soci\u00e9t\u00e9 de G\u00e9n\u00e9alogie du Bas-Berry<\/a>). <\/span><span style=\"font-size: large;\">Elle pr\u00e9sentait une s\u00e9rie de panneaux, <\/span><span style=\"font-size: large;\">consacr\u00e9s \u00e0<\/span><span style=\"font-size: large;\"> de<\/span><span style=\"font-size: large;\">s<\/span><span style=\"font-size: large;\"> personnalit\u00e9s pass\u00e9es et pr\u00e9sentes de la capitale de la Brenne. Ainsi se c\u00f4toyaient entre autres, <\/span> <span style=\"font-size: large;\">les \u00e9tudes sur les familles de Gabriel Thiennot, de la c\u00e9l\u00e8bre et terrible affaire dite Mis et Thiennot qui se sont battus toute leur vie pour faire reconna\u00eetre leur innocence <\/span><span style=\"font-size: large;\">dans<\/span> <span style=\"font-size: large;\">le<\/span><span style=\"font-size: large;\"> meurtre d\u2019un garde-chasse\u00a0; de Louis Alfred Huet impliqu\u00e9 dans la Commune de Paris en 1871 ou de Jacqueline Tardivon, historienne de M\u00e9zi\u00e8res. <\/span><span style=\"font-size: large;\">Le public pouvait en savoir plus sur les familles de l\u2019historien et \u00e9crivain G\u00e9rard Coulon ou de Jean-Louis Camus, maire actuel de M\u00e9zi\u00e8res. Cette manifestation cl\u00f4turait les travaux de la SGBB, r\u00e9unie en assembl\u00e9e g\u00e9n\u00e9rale \u00e0 la salle des f\u00eates de M\u00e9zi\u00e8res. Forte de ses 420 adh\u00e9rents, l\u2019association s\u2019est fix\u00e9 plusieurs objectifs. La poursui<\/span><span style=\"font-size: large;\">te de<\/span><span style=\"font-size: large;\"> leurs travaux<\/span> <span style=\"font-size: large;\">par visioconf\u00e9rence pour \u00e9largir la participation <\/span><span style=\"font-size: large;\">et de leur revue trimestrielle, <\/span><span style=\"font-size: large;\">l\u2019aide \u00e0 l\u2019association Comm\u00e9moration R\u00e9sistance D\u00e9portation de l\u2019Indre dans leur travail d\u2019inventaire. \u00ab\u00a0Une action des b\u00e9n\u00e9voles de la SGBB qui montre <\/span><span style=\"font-size: large;\">aussi<\/span><span style=\"font-size: large;\"> l\u2019utilit\u00e9 de la g\u00e9n\u00e9alogie pour les recherches historiques\u00a0\u00bb, rappelle son pr\u00e9sident Christian Pineau. <\/span><\/p>\n","protected":false},"excerpt":{"rendered":"<p>Le temps d\u2019un week-end, les 9, 10 et 11 octobre, les habitants de M\u00e9zi\u00e8res ont pu d\u00e9couvrir une exposition pr\u00e9par\u00e9e par l\u2019association de g\u00e9n\u00e9alogie SGBB (Soci\u00e9t\u00e9 de G\u00e9n\u00e9alogie du Bas-Berry). Elle pr\u00e9sentait une s\u00e9rie de panneaux, consacr\u00e9s \u00e0 des personnalit\u00e9s pass\u00e9es et pr\u00e9sentes de la capitale de la Brenne. Ainsi se c\u00f4toyaient entre autres, les&hellip;&nbsp;<a href=\"https:\/\/www.brenne-au-coeur.com\/index.php\/2021\/04\/14\/week-end-de-genealogie-a-mezieres\/communes\/mezieres-en-brenne\/858\/\" rel=\"bookmark\">Lire la suite&nbsp;&raquo;<span class=\"screen-reader-text\">Week-end de g\u00e9n\u00e9alogie \u00e0 M\u00e9zi\u00e8res<\/span><\/a><\/p>\n","protected":false},"author":1,"featured_media":603,"comment_status":"open","ping_status":"open","sticky":false,"template":"","format":"standard","meta":{"rop_custom_images_group":[],"rop_custom_messages_group":[],"rop_publish_now":"initial","rop_publish_now_accounts":[],"rop_publish_now_history":[],"rop_publish_now_status":"pending","_monsterinsights_skip_tracking":false,"_monsterinsights_sitenote_active":false,"_monsterinsights_sitenote_note":"","_monsterinsights_sitenote_category":0,"neve_meta_sidebar":"","neve_meta_container":"","neve_meta_enable_content_width":"off","neve_meta_content_width":70,"neve_meta_title_alignment":"","neve_meta_author_avatar":"","neve_post_elements_order":"","neve_meta_disable_header":"","neve_meta_disable_footer":"","neve_meta_disable_title":"","_jetpack_memberships_contains_paid_content":false,"footnotes":"","jetpack_publicize_message":"","jetpack_publicize_feature_enabled":true,"jetpack_social_post_already_shared":false,"jetpack_social_options":{"image_generator_settings":{"template":"highway","default_image_id":0,"font":"","enabled":false},"version":2}},"categories":[12],"tags":[49],"class_list":["post-858","post","type-post","status-publish","format-standard","has-post-thumbnail","hentry","category-mezieres-en-brenne","tag-histoire"],"aioseo_notices":[],"jetpack_publicize_connections":[],"jetpack_featured_media_url":"https:\/\/www.brenne-au-coeur.com\/wp-content\/uploads\/2022\/04\/Genealogie_a_Mezieres-en-Brenne_site.jpg","jetpack-related-posts":[],"jetpack_sharing_enabled":true,"_links":{"self":[{"href":"https:\/\/www.brenne-au-coeur.com\/index.php\/wp-json\/wp\/v2\/posts\/858","targetHints":{"allow":["GET"]}}],"collection":[{"href":"https:\/\/www.brenne-au-coeur.com\/index.php\/wp-json\/wp\/v2\/posts"}],"about":[{"href":"https:\/\/www.brenne-au-coeur.com\/index.php\/wp-json\/wp\/v2\/types\/post"}],"author":[{"embeddable":true,"href":"https:\/\/www.brenne-au-coeur.com\/index.php\/wp-json\/wp\/v2\/users\/1"}],"replies":[{"embeddable":true,"href":"https:\/\/www.brenne-au-coeur.com\/index.php\/wp-json\/wp\/v2\/comments?post=858"}],"version-history":[{"count":0,"href":"https:\/\/www.brenne-au-coeur.com\/index.php\/wp-json\/wp\/v2\/posts\/858\/revisions"}],"wp:featuredmedia":[{"embeddable":true,"href":"https:\/\/www.brenne-au-coeur.com\/index.php\/wp-json\/wp\/v2\/media\/603"}],"wp:attachment":[{"href":"https:\/\/www.brenne-au-coeur.com\/index.php\/wp-json\/wp\/v2\/media?parent=858"}],"wp:term":[{"taxonomy":"category","embeddable":true,"href":"https:\/\/www.brenne-au-coeur.com\/index.php\/wp-json\/wp\/v2\/categories?post=858"},{"taxonomy":"post_tag","embeddable":true,"href":"https:\/\/www.brenne-au-coeur.com\/index.php\/wp-json\/wp\/v2\/tags?post=858"}],"curies":[{"name":"wp","href":"https:\/\/api.w.org\/{rel}","templated":true}]}}