{"id":840,"date":"2021-12-21T17:34:00","date_gmt":"2021-12-21T16:34:00","guid":{"rendered":"https:\/\/www.brenne-au-coeur.com\/?p=840"},"modified":"2022-05-15T10:42:03","modified_gmt":"2022-05-15T08:42:03","slug":"du-nouveau-au-moulin","status":"publish","type":"post","link":"https:\/\/www.brenne-au-coeur.com\/index.php\/2021\/12\/21\/du-nouveau-au-moulin\/communes\/mezieres-en-brenne\/840\/","title":{"rendered":"Du nouveau au Moulin"},"content":{"rendered":"<p><span style=\"font-size: large;\"><img loading=\"lazy\" decoding=\"async\" class=\"size-medium wp-image-586 alignleft\" src=\"https:\/\/www.brenne-au-coeur.com\/wp-content\/uploads\/2022\/04\/Du_nouveau_au_moulin_site-300x186.jpg\" alt=\"\" width=\"300\" height=\"186\" srcset=\"https:\/\/www.brenne-au-coeur.com\/wp-content\/uploads\/2022\/04\/Du_nouveau_au_moulin_site-300x186.jpg 300w, https:\/\/www.brenne-au-coeur.com\/wp-content\/uploads\/2022\/04\/Du_nouveau_au_moulin_site-1024x633.jpg 1024w, https:\/\/www.brenne-au-coeur.com\/wp-content\/uploads\/2022\/04\/Du_nouveau_au_moulin_site-768x475.jpg 768w, https:\/\/www.brenne-au-coeur.com\/wp-content\/uploads\/2022\/04\/Du_nouveau_au_moulin_site.jpg 1200w\" sizes=\"auto, (max-width: 300px) 100vw, 300px\" \/>Depuis le 1er juillet dernier, l\u2019association \u00ab\u00a0<a href=\"http:\/\/www.gite-moulin.fr\/\">Le Moulin<\/a>\u00a0\u00bb propose une nouvelle boutique consacr\u00e9e \u00e0 l\u2019artisanat d\u2019art. Elle occupe une partie des locaux lib\u00e9r\u00e9e apr\u00e8s le d\u00e9part des services de Destination Brenne install\u00e9e d\u00e9sormais non loin de l\u00e0, place Jean Moulin. \u00ab\u00a0 Avec cette boutique, notre volont\u00e9 est de valoriser en priorit\u00e9 la cr\u00e9ation berrichonne, et de permettre \u00e0 un maximum d\u2019artisans d\u2019art de pr\u00e9senter et de vendre leurs productions\u00bb, explique V\u00e9ronique Filion, responsable de <\/span><span style=\"font-size: large;\">direction<\/span><span style=\"font-size: large;\">. De fait, les objets sont pr\u00e9sent\u00e9s pour un trimestre afin d\u2019assurer un roulement. <\/span><span style=\"font-size: large;\">Sept <\/span><span style=\"font-size: large;\">premier<\/span><span style=\"font-size: large;\">s<\/span> <span style=\"font-size: large;\">cr\u00e9ateurs <\/span><span style=\"font-size: large;\">ont \u00e9t\u00e9<\/span> <span style=\"font-size: large;\">expos\u00e9s<\/span><span style=\"font-size: large;\"> jusque fin septembre <\/span><span style=\"font-size: large;\">2021\u00a0:<\/span><span style=\"font-size: large;\"> Chantal Poupard c\u00e9ramiste de Vicq sur Nahon, Ludovic Bertin tourneur sur bois d\u2019Ardentes, Ulrike Hauser fabricant de bijoux en r\u00e9sine et bois de Martizay, Christiane Gaimon peintres sur plumes et autres supports de Cl\u00e9r\u00e9 du bois, Bruno Lovisone cr\u00e9ateur de luminaire de M\u00e9zi\u00e8res, John Byron producteur d\u2019articles de d\u00e9co du Blanc et Ariel Esteve sculpteur sur fer de Chasseneuil. <\/span><span style=\"font-size: large;\">Diversit\u00e9 d\u2019objets comme de prix puisque les tarifs sont compris entre 3 \u20ac pour un marque-page et 400 \u20ac pour une sculpture. Autre nouveaut\u00e9 la modernisation du parc de bicyclettes avec l\u2019acquisition de huit v\u00e9los \u00e0 assistance \u00e9lectrique <\/span><span style=\"font-size: large;\">( VAE Granville, de marque fran\u00e7aise)<\/span><span style=\"font-size: large;\"> d\u2019une autonomie de 80 km. \u00ab\u00a0<\/span><span style=\"font-size: large;\">Le v\u00e9lo est le moyen id\u00e9al pour d\u00e9couvrir la Brenne. Le VAE permet <\/span><span style=\"font-size: large;\">d\u2019acc\u00e9der \u00e0 <\/span><span style=\"font-size: large;\">des circuits plus longs comme celui de 43 km qui m\u00e8ne notamment au ch\u00e2teau du Bouchet et \u00e0 la maison de parc\u00a0\u00bb pr\u00e9cise V\u00e9ronique. <\/span><span style=\"font-size: large;\">La location est de 20 \u20ac la journ\u00e9e.<\/span> <span style=\"font-size: large;\">Par ailleurs, Le Moulin propose d\u2019autres activit\u00e9s. V\u00e9ronique Filion assist\u00e9e de Katy Colin, agent d\u2019accueil, g\u00e8re \u00e9galement la location de gites, les emplacements au terrain de camping, la salle d\u2019exposition et participe \u00e0 l\u2019organisation de la randonn\u00e9e de la Brenne. <\/span><span style=\"font-size: large;\">Pour tous renseignements compl\u00e9mentaires concernant les inscriptions \u00e0 la boutique, les tarifs des v\u00e9los et toutes les autres activit\u00e9s. 02 54 38 12 24 ou <a href=\"mailto:contact@gite-moulin.fr\">contact@gite-moulin.fr<\/a>. Le moulin dispose d\u2019une page Instagram o\u00f9 sont pr\u00e9sent\u00e9s un \u00e9chantillon des objets de la boutique. <\/span><\/p>\n","protected":false},"excerpt":{"rendered":"<p>Depuis le 1er juillet dernier, l\u2019association \u00ab\u00a0Le Moulin\u00a0\u00bb propose une nouvelle boutique consacr\u00e9e \u00e0 l\u2019artisanat d\u2019art. Elle occupe une partie des locaux lib\u00e9r\u00e9e apr\u00e8s le d\u00e9part des services de Destination Brenne install\u00e9e d\u00e9sormais non loin de l\u00e0, place Jean Moulin. \u00ab\u00a0 Avec cette boutique, notre volont\u00e9 est de valoriser en priorit\u00e9 la cr\u00e9ation berrichonne, et&hellip;&nbsp;<a href=\"https:\/\/www.brenne-au-coeur.com\/index.php\/2021\/12\/21\/du-nouveau-au-moulin\/communes\/mezieres-en-brenne\/840\/\" rel=\"bookmark\">Lire la suite&nbsp;&raquo;<span class=\"screen-reader-text\">Du nouveau au Moulin<\/span><\/a><\/p>\n","protected":false},"author":1,"featured_media":586,"comment_status":"open","ping_status":"open","sticky":false,"template":"","format":"standard","meta":{"rop_custom_images_group":[],"rop_custom_messages_group":[],"rop_publish_now":"initial","rop_publish_now_accounts":[],"rop_publish_now_history":[],"rop_publish_now_status":"pending","_monsterinsights_skip_tracking":false,"_monsterinsights_sitenote_active":false,"_monsterinsights_sitenote_note":"","_monsterinsights_sitenote_category":0,"neve_meta_sidebar":"","neve_meta_container":"","neve_meta_enable_content_width":"off","neve_meta_content_width":70,"neve_meta_title_alignment":"","neve_meta_author_avatar":"","neve_post_elements_order":"","neve_meta_disable_header":"","neve_meta_disable_footer":"","neve_meta_disable_title":"","_jetpack_memberships_contains_paid_content":false,"footnotes":"","jetpack_publicize_message":"","jetpack_publicize_feature_enabled":true,"jetpack_social_post_already_shared":false,"jetpack_social_options":{"image_generator_settings":{"template":"highway","default_image_id":0,"font":"","enabled":false},"version":2}},"categories":[12],"tags":[50],"class_list":["post-840","post","type-post","status-publish","format-standard","has-post-thumbnail","hentry","category-mezieres-en-brenne","tag-artisanat"],"aioseo_notices":[],"jetpack_publicize_connections":[],"jetpack_featured_media_url":"https:\/\/www.brenne-au-coeur.com\/wp-content\/uploads\/2022\/04\/Du_nouveau_au_moulin_site.jpg","jetpack-related-posts":[],"jetpack_sharing_enabled":true,"_links":{"self":[{"href":"https:\/\/www.brenne-au-coeur.com\/index.php\/wp-json\/wp\/v2\/posts\/840","targetHints":{"allow":["GET"]}}],"collection":[{"href":"https:\/\/www.brenne-au-coeur.com\/index.php\/wp-json\/wp\/v2\/posts"}],"about":[{"href":"https:\/\/www.brenne-au-coeur.com\/index.php\/wp-json\/wp\/v2\/types\/post"}],"author":[{"embeddable":true,"href":"https:\/\/www.brenne-au-coeur.com\/index.php\/wp-json\/wp\/v2\/users\/1"}],"replies":[{"embeddable":true,"href":"https:\/\/www.brenne-au-coeur.com\/index.php\/wp-json\/wp\/v2\/comments?post=840"}],"version-history":[{"count":0,"href":"https:\/\/www.brenne-au-coeur.com\/index.php\/wp-json\/wp\/v2\/posts\/840\/revisions"}],"wp:featuredmedia":[{"embeddable":true,"href":"https:\/\/www.brenne-au-coeur.com\/index.php\/wp-json\/wp\/v2\/media\/586"}],"wp:attachment":[{"href":"https:\/\/www.brenne-au-coeur.com\/index.php\/wp-json\/wp\/v2\/media?parent=840"}],"wp:term":[{"taxonomy":"category","embeddable":true,"href":"https:\/\/www.brenne-au-coeur.com\/index.php\/wp-json\/wp\/v2\/categories?post=840"},{"taxonomy":"post_tag","embeddable":true,"href":"https:\/\/www.brenne-au-coeur.com\/index.php\/wp-json\/wp\/v2\/tags?post=840"}],"curies":[{"name":"wp","href":"https:\/\/api.w.org\/{rel}","templated":true}]}}