{"id":836,"date":"2021-12-21T17:32:19","date_gmt":"2021-12-21T16:32:19","guid":{"rendered":"https:\/\/www.brenne-au-coeur.com\/?p=836"},"modified":"2022-05-15T10:44:27","modified_gmt":"2022-05-15T08:44:27","slug":"vacances-nature-au-cpie","status":"publish","type":"post","link":"https:\/\/www.brenne-au-coeur.com\/index.php\/2021\/12\/21\/vacances-nature-au-cpie\/communes\/azay-le-ferron-communes\/836\/","title":{"rendered":"Vacances nature au CPIE"},"content":{"rendered":"<figure id=\"attachment_580\" aria-describedby=\"caption-attachment-580\" style=\"width: 300px\" class=\"wp-caption alignleft\"><a href=\"https:\/\/www.brenne-au-coeur.com\/wp-content\/uploads\/2022\/04\/CPIE_vacances_nature_site.jpg\" rel=\"lightbox[836]\"><img loading=\"lazy\" decoding=\"async\" class=\"wp-image-580 size-medium\" src=\"https:\/\/www.brenne-au-coeur.com\/wp-content\/uploads\/2022\/04\/CPIE_vacances_nature_site-300x186.jpg\" alt=\"\" width=\"300\" height=\"186\" srcset=\"https:\/\/www.brenne-au-coeur.com\/wp-content\/uploads\/2022\/04\/CPIE_vacances_nature_site-300x186.jpg 300w, https:\/\/www.brenne-au-coeur.com\/wp-content\/uploads\/2022\/04\/CPIE_vacances_nature_site-1024x633.jpg 1024w, https:\/\/www.brenne-au-coeur.com\/wp-content\/uploads\/2022\/04\/CPIE_vacances_nature_site-768x475.jpg 768w, https:\/\/www.brenne-au-coeur.com\/wp-content\/uploads\/2022\/04\/CPIE_vacances_nature_site.jpg 1200w\" sizes=\"auto, (max-width: 300px) 100vw, 300px\" \/><\/a><figcaption id=\"caption-attachment-580\" class=\"wp-caption-text\">Une journ\u00e9e au CPIE<\/figcaption><\/figure>\n<p><span style=\"font-size: large;\">Du 17 au 28 ao\u00fbt, le Centre Permanent d\u2019Initiatives pour l\u2019Environnement (CPIE) a organis\u00e9 un accueil des enfants \u00e0 la journ\u00e9e, avec un programme de d\u00e9couvertes et d\u2019activit\u00e9s nature. L\u2019ensemble des animations a eu lieu sur le parc du ch\u00e2teau d\u2019Azay-le-Ferron ou dans le jardin du <a href=\"https:\/\/www.cpiebrenne.fr\/\">CPIE<\/a>. \u00ab&nbsp;Tiens celui-l\u00e0 c\u2019est un souci, s\u2019exclame Quentin, le doigt point\u00e9 en direction d\u2019un papillon.&nbsp;\u00bb Le gar\u00e7on a appris \u00e0 le reconna\u00eetre le matin m\u00eame. Cette premi\u00e8re journ\u00e9e \u00e9tait consacr\u00e9e \u00e0 la d\u00e9couverte des petites b\u00eates. Accompagn\u00e9s par Armand, animateur au CPIE, les enfants se sont amus\u00e9s \u00e0 attraper les papillons \u00e0 l\u2019aide d\u2019un filet ou les punaises en utilisant une cuill\u00e8re et une petite boite. Le temps de la capture, Armand a invit\u00e9 les enfants \u00e0 les observer et \u00e0 chercher leur nom sur un livre, puis \u00e0 les dessiner avant de les rel\u00e2cher. \u00ab&nbsp;Combien de pattes \u00e0 la punaise, Margot&nbsp;?&nbsp;\u00bb. La gamine se concentre. Six r\u00e9pond-elle. \u00ab&nbsp;Exactement tous les insectes ont six pattes. Les petites b\u00eates \u00e0 huit pattes, ce sont des araign\u00e9es&nbsp;\u00bb. Le but du dispositif du CPIE est l\u00e0. Permettre aux enfants d\u2019apprendre en s\u2019amusant. \u00ab&nbsp;C\u2019est la premi\u00e8re ann\u00e9e que nous organisons ce type d\u2019accueil, explique Delphine Panossian, directrice de l\u2019association. Je pense que cela r\u00e9pond \u00e0 un besoin. Pour cela, nous pr\u00e9sentons un programme vari\u00e9.&nbsp;\u00bb Durant ces deux semaines, \u00e0 chaque jour, un th\u00e8me. D\u00e9couverte des oiseaux, construction de cabane, bricolage nature entre autres. Il y en avait pour tous les go\u00fbts. <\/span><\/p>\n","protected":false},"excerpt":{"rendered":"<p>Du 17 au 28 ao\u00fbt, le Centre Permanent d\u2019Initiatives pour l\u2019Environnement (CPIE) a organis\u00e9 un accueil des enfants \u00e0 la journ\u00e9e, avec un programme de d\u00e9couvertes et d\u2019activit\u00e9s nature. L\u2019ensemble des animations a eu lieu sur le parc du ch\u00e2teau d\u2019Azay-le-Ferron ou dans le jardin du CPIE. \u00ab&nbsp;Tiens celui-l\u00e0 c\u2019est un souci, s\u2019exclame Quentin, le&hellip;&nbsp;<a href=\"https:\/\/www.brenne-au-coeur.com\/index.php\/2021\/12\/21\/vacances-nature-au-cpie\/communes\/azay-le-ferron-communes\/836\/\" rel=\"bookmark\">Lire la suite&nbsp;&raquo;<span class=\"screen-reader-text\">Vacances nature au CPIE<\/span><\/a><\/p>\n","protected":false},"author":1,"featured_media":580,"comment_status":"open","ping_status":"open","sticky":false,"template":"","format":"standard","meta":{"rop_custom_images_group":[],"rop_custom_messages_group":[],"rop_publish_now":"initial","rop_publish_now_accounts":[],"rop_publish_now_history":[],"rop_publish_now_status":"pending","_monsterinsights_skip_tracking":false,"_monsterinsights_sitenote_active":false,"_monsterinsights_sitenote_note":"","_monsterinsights_sitenote_category":0,"neve_meta_sidebar":"","neve_meta_container":"","neve_meta_enable_content_width":"off","neve_meta_content_width":70,"neve_meta_title_alignment":"","neve_meta_author_avatar":"","neve_post_elements_order":"","neve_meta_disable_header":"","neve_meta_disable_footer":"","neve_meta_disable_title":"","_jetpack_memberships_contains_paid_content":false,"footnotes":"","jetpack_publicize_message":"","jetpack_publicize_feature_enabled":true,"jetpack_social_post_already_shared":false,"jetpack_social_options":{"image_generator_settings":{"template":"highway","default_image_id":0,"font":"","enabled":false},"version":2}},"categories":[10,21],"tags":[27],"class_list":["post-836","post","type-post","status-publish","format-standard","has-post-thumbnail","hentry","category-azay-le-ferron-communes","category-evenements","tag-nature"],"aioseo_notices":[],"jetpack_publicize_connections":[],"jetpack_featured_media_url":"https:\/\/www.brenne-au-coeur.com\/wp-content\/uploads\/2022\/04\/CPIE_vacances_nature_site.jpg","jetpack-related-posts":[],"jetpack_sharing_enabled":true,"_links":{"self":[{"href":"https:\/\/www.brenne-au-coeur.com\/index.php\/wp-json\/wp\/v2\/posts\/836","targetHints":{"allow":["GET"]}}],"collection":[{"href":"https:\/\/www.brenne-au-coeur.com\/index.php\/wp-json\/wp\/v2\/posts"}],"about":[{"href":"https:\/\/www.brenne-au-coeur.com\/index.php\/wp-json\/wp\/v2\/types\/post"}],"author":[{"embeddable":true,"href":"https:\/\/www.brenne-au-coeur.com\/index.php\/wp-json\/wp\/v2\/users\/1"}],"replies":[{"embeddable":true,"href":"https:\/\/www.brenne-au-coeur.com\/index.php\/wp-json\/wp\/v2\/comments?post=836"}],"version-history":[{"count":0,"href":"https:\/\/www.brenne-au-coeur.com\/index.php\/wp-json\/wp\/v2\/posts\/836\/revisions"}],"wp:featuredmedia":[{"embeddable":true,"href":"https:\/\/www.brenne-au-coeur.com\/index.php\/wp-json\/wp\/v2\/media\/580"}],"wp:attachment":[{"href":"https:\/\/www.brenne-au-coeur.com\/index.php\/wp-json\/wp\/v2\/media?parent=836"}],"wp:term":[{"taxonomy":"category","embeddable":true,"href":"https:\/\/www.brenne-au-coeur.com\/index.php\/wp-json\/wp\/v2\/categories?post=836"},{"taxonomy":"post_tag","embeddable":true,"href":"https:\/\/www.brenne-au-coeur.com\/index.php\/wp-json\/wp\/v2\/tags?post=836"}],"curies":[{"name":"wp","href":"https:\/\/api.w.org\/{rel}","templated":true}]}}