{"id":830,"date":"2021-12-17T18:16:01","date_gmt":"2021-12-17T17:16:01","guid":{"rendered":"https:\/\/www.brenne-au-coeur.com\/?p=830"},"modified":"2022-05-15T12:01:36","modified_gmt":"2022-05-15T10:01:36","slug":"les-jeunes-font-leur-cinema","status":"publish","type":"post","link":"https:\/\/www.brenne-au-coeur.com\/index.php\/2021\/12\/17\/les-jeunes-font-leur-cinema\/communaute-de-communes\/830\/","title":{"rendered":"Les jeunes font leur cin\u00e9ma"},"content":{"rendered":"<figure id=\"attachment_577\" aria-describedby=\"caption-attachment-577\" style=\"width: 300px\" class=\"wp-caption alignleft\"><a href=\"https:\/\/www.brenne-au-coeur.com\/wp-content\/uploads\/2022\/04\/Cinema_a_la_CDC_site.jpg\" rel=\"lightbox[830]\"><img loading=\"lazy\" decoding=\"async\" class=\"wp-image-577 size-medium\" src=\"https:\/\/www.brenne-au-coeur.com\/wp-content\/uploads\/2022\/04\/Cinema_a_la_CDC_site-300x186.jpg\" alt=\"\" width=\"300\" height=\"186\" srcset=\"https:\/\/www.brenne-au-coeur.com\/wp-content\/uploads\/2022\/04\/Cinema_a_la_CDC_site-300x186.jpg 300w, https:\/\/www.brenne-au-coeur.com\/wp-content\/uploads\/2022\/04\/Cinema_a_la_CDC_site-1024x633.jpg 1024w, https:\/\/www.brenne-au-coeur.com\/wp-content\/uploads\/2022\/04\/Cinema_a_la_CDC_site-768x475.jpg 768w, https:\/\/www.brenne-au-coeur.com\/wp-content\/uploads\/2022\/04\/Cinema_a_la_CDC_site.jpg 1200w\" sizes=\"auto, (max-width: 300px) 100vw, 300px\" \/><\/a><figcaption id=\"caption-attachment-577\" class=\"wp-caption-text\">Tournage au ch\u00e2teau du Bouchet<\/figcaption><\/figure>\n<p><span style=\"font-size: large;\">\u00ab\u00a0Trois jours, ce n\u2019est vraiment pas assez\u00a0\u00bb. L\u2019avis des quatre adolescents r\u00e9unis en demi-groupe autour de Pierre Trouv\u00e9 est unanime. \u00ab\u00a0Il faudrait une semaine de tournage au <a href=\"https:\/\/www.chateau-bouchet.com\/\">ch\u00e2teau du Bouchet<\/a>\u00a0\u00bb, ajoute Maxence. Au total, huit gar\u00e7ons et filles ont particip\u00e9 avec le m\u00eame entrain aux activit\u00e9s de l\u2019accueil jeunes (du 23 au 25 f\u00e9vrier) de la communaut\u00e9 de communes C\u0153ur de Brenne . Le programme \u00e9tait organis\u00e9 dans le cadre d\u2019un dispositif national initi\u00e9 par l\u2019association \u00ab\u00a0Passeurs d\u2019images\u00a0\u00bb. La semaine de vacances scolaires \u00e9tait donc consacr\u00e9e \u00e0 un atelier r\u00e9alisation cin\u00e9ma. Le th\u00e8me se d\u00e9clinait en deux parties. Une mini s\u00e9rie traitait des r\u00e9seaux sociaux, cette nouvelle forme de communication tr\u00e8s pris\u00e9e par les ados. \u00ab\u00a0Il s\u2019agit de se moquer de l\u2019utilisation par une s\u00e9rie de sketchs\u00a0\u00bb, a expliqu\u00e9 Maeva. La deuxi\u00e8me partie consistait en la r\u00e9alisation d\u2019un remake d\u2019\u00e9pisodes de la c\u00e9l\u00e8bre s\u00e9rie Kaamelott. Les deux projets \u00e9taient men\u00e9s de A \u00e0 Z par le groupe. La conception, l\u2019\u00e9criture la r\u00e9alisation,le jeu d\u2019acteurs, la prise de son, de l\u2019image, le montage. Tout. \u00ab\u00a0Cette activit\u00e9 donne \u00e0 comprendre toutes les phases d\u2019une cr\u00e9ation, la vari\u00e9t\u00e9 des t\u00e2ches et des intervenants. Elle d\u00e9veloppe le sens de l\u2019\u00e9coute dans le groupe, le respect mutuel, la confiance en soi\u00a0\u00bb a pr\u00e9cis\u00e9 Pierre Trouv\u00e9, responsable de l\u2019accueil jeunes. L\u2019\u00e9quipe encadrante comprennait Marina Davaillaud animatrice et J\u00e9r\u00f4me Dupin r\u00e9alisateur. L\u2019accueil jeune de la CDC offre ainsi un espace de cr\u00e9ation qui ouvre de nouveaux horizons aux ados en leur permettant de devenir acteur et pas seulement consommateurs des techniques de communication. Les films r\u00e9alis\u00e9s sont disponibles sur la cha\u00eene Youtube \u00ab\u00a0c\u0153ur de brenne\u00a0\u00bb. <\/span><\/p>\n<p><span style=\"font-size: large;\">https:\/\/www.youtube.com\/user\/coeurdebrenne<\/span><\/p>\n","protected":false},"excerpt":{"rendered":"<p>\u00ab\u00a0Trois jours, ce n\u2019est vraiment pas assez\u00a0\u00bb. L\u2019avis des quatre adolescents r\u00e9unis en demi-groupe autour de Pierre Trouv\u00e9 est unanime. \u00ab\u00a0Il faudrait une semaine de tournage au ch\u00e2teau du Bouchet\u00a0\u00bb, ajoute Maxence. Au total, huit gar\u00e7ons et filles ont particip\u00e9 avec le m\u00eame entrain aux activit\u00e9s de l\u2019accueil jeunes (du 23 au 25 f\u00e9vrier) de&hellip;&nbsp;<a href=\"https:\/\/www.brenne-au-coeur.com\/index.php\/2021\/12\/17\/les-jeunes-font-leur-cinema\/communaute-de-communes\/830\/\" rel=\"bookmark\">Lire la suite&nbsp;&raquo;<span class=\"screen-reader-text\">Les jeunes font leur cin\u00e9ma<\/span><\/a><\/p>\n","protected":false},"author":1,"featured_media":577,"comment_status":"open","ping_status":"open","sticky":false,"template":"","format":"standard","meta":{"rop_custom_images_group":[],"rop_custom_messages_group":[],"rop_publish_now":"initial","rop_publish_now_accounts":[],"rop_publish_now_history":[],"rop_publish_now_status":"pending","_monsterinsights_skip_tracking":false,"_monsterinsights_sitenote_active":false,"_monsterinsights_sitenote_note":"","_monsterinsights_sitenote_category":0,"neve_meta_sidebar":"","neve_meta_container":"","neve_meta_enable_content_width":"off","neve_meta_content_width":70,"neve_meta_title_alignment":"","neve_meta_author_avatar":"","neve_post_elements_order":"","neve_meta_disable_header":"","neve_meta_disable_footer":"","neve_meta_disable_title":"","_jetpack_memberships_contains_paid_content":false,"footnotes":"","jetpack_publicize_message":"","jetpack_publicize_feature_enabled":true,"jetpack_social_post_already_shared":false,"jetpack_social_options":{"image_generator_settings":{"template":"highway","default_image_id":0,"font":"","enabled":false},"version":2}},"categories":[85],"tags":[47],"class_list":["post-830","post","type-post","status-publish","format-standard","has-post-thumbnail","hentry","category-communaute-de-communes","tag-cinema"],"aioseo_notices":[],"jetpack_publicize_connections":[],"jetpack_featured_media_url":"https:\/\/www.brenne-au-coeur.com\/wp-content\/uploads\/2022\/04\/Cinema_a_la_CDC_site.jpg","jetpack-related-posts":[],"jetpack_sharing_enabled":true,"_links":{"self":[{"href":"https:\/\/www.brenne-au-coeur.com\/index.php\/wp-json\/wp\/v2\/posts\/830","targetHints":{"allow":["GET"]}}],"collection":[{"href":"https:\/\/www.brenne-au-coeur.com\/index.php\/wp-json\/wp\/v2\/posts"}],"about":[{"href":"https:\/\/www.brenne-au-coeur.com\/index.php\/wp-json\/wp\/v2\/types\/post"}],"author":[{"embeddable":true,"href":"https:\/\/www.brenne-au-coeur.com\/index.php\/wp-json\/wp\/v2\/users\/1"}],"replies":[{"embeddable":true,"href":"https:\/\/www.brenne-au-coeur.com\/index.php\/wp-json\/wp\/v2\/comments?post=830"}],"version-history":[{"count":0,"href":"https:\/\/www.brenne-au-coeur.com\/index.php\/wp-json\/wp\/v2\/posts\/830\/revisions"}],"wp:featuredmedia":[{"embeddable":true,"href":"https:\/\/www.brenne-au-coeur.com\/index.php\/wp-json\/wp\/v2\/media\/577"}],"wp:attachment":[{"href":"https:\/\/www.brenne-au-coeur.com\/index.php\/wp-json\/wp\/v2\/media?parent=830"}],"wp:term":[{"taxonomy":"category","embeddable":true,"href":"https:\/\/www.brenne-au-coeur.com\/index.php\/wp-json\/wp\/v2\/categories?post=830"},{"taxonomy":"post_tag","embeddable":true,"href":"https:\/\/www.brenne-au-coeur.com\/index.php\/wp-json\/wp\/v2\/tags?post=830"}],"curies":[{"name":"wp","href":"https:\/\/api.w.org\/{rel}","templated":true}]}}