{"id":828,"date":"2021-12-17T18:13:39","date_gmt":"2021-12-17T17:13:39","guid":{"rendered":"https:\/\/www.brenne-au-coeur.com\/?p=828"},"modified":"2022-05-15T15:30:28","modified_gmt":"2022-05-15T13:30:28","slug":"la-brenne-vue-par-chantal-lombard","status":"publish","type":"post","link":"https:\/\/www.brenne-au-coeur.com\/index.php\/2021\/12\/17\/la-brenne-vue-par-chantal-lombard\/communes\/mezieres-en-brenne\/828\/","title":{"rendered":"La Brenne vue par Chantal Lombard"},"content":{"rendered":"<figure id=\"attachment_576\" aria-describedby=\"caption-attachment-576\" style=\"width: 300px\" class=\"wp-caption alignleft\"><a href=\"https:\/\/www.brenne-au-coeur.com\/wp-content\/uploads\/2022\/04\/Chantal_Lombard_site.jpg\" rel=\"lightbox[828]\"><img loading=\"lazy\" decoding=\"async\" class=\"wp-image-576 size-medium\" src=\"https:\/\/www.brenne-au-coeur.com\/wp-content\/uploads\/2022\/04\/Chantal_Lombard_site-300x186.jpg\" alt=\"\" width=\"300\" height=\"186\" srcset=\"https:\/\/www.brenne-au-coeur.com\/wp-content\/uploads\/2022\/04\/Chantal_Lombard_site-300x186.jpg 300w, https:\/\/www.brenne-au-coeur.com\/wp-content\/uploads\/2022\/04\/Chantal_Lombard_site-1024x633.jpg 1024w, https:\/\/www.brenne-au-coeur.com\/wp-content\/uploads\/2022\/04\/Chantal_Lombard_site-768x475.jpg 768w, https:\/\/www.brenne-au-coeur.com\/wp-content\/uploads\/2022\/04\/Chantal_Lombard_site.jpg 1200w\" sizes=\"auto, (max-width: 300px) 100vw, 300px\" \/><\/a><figcaption id=\"caption-attachment-576\" class=\"wp-caption-text\">Mme Chantal Lombard<\/figcaption><\/figure>\n<p><span style=\"font-size: large;\">En juin 2021, l\u2019association <a href=\"http:\/\/www.gite-moulin.fr\/\">Le Moulin<\/a> a propos\u00e9 de d\u00e9couvrir des tableaux r\u00e9alis\u00e9s par Chantal Lombard. Une plong\u00e9e au c\u0153ur de la nature brennouse. Des paysages aux teintes nuanc\u00e9es qui instaurent une ambiance originale et authentique. Le visiteur peut en effet se laisser entra\u00eener dans cette atmosph\u00e8re m\u00e9lancolique. Au milieu de ces \u0153uvres, il est ais\u00e9 de s\u2019imaginer un soir au bord d\u2019un \u00e9tang sous un ciel nuageux et changeant. La salle du Moulin accorde \u00e9galement une place \u00e0 des natures mortes et de rares \u0153uvres repr\u00e9sentant des animaux. Pour livrer son regard sur la nature, Chantal Lombard utilise le <a href=\"https:\/\/fr.wikipedia.org\/wiki\/Pastel\">pastel<\/a>. Une technique qu\u2019elle pratique depuis vingt ans. Mais c\u2019est depuis sa plus tendre jeunesse qu\u2019elle s\u2019exprime par le dessin et la peinture. Un loisir qui se transmet de g\u00e9n\u00e9ration en g\u00e9n\u00e9ration \u00ab\u00a0Mon p\u00e8re et mon grand-p\u00e8re \u00e9taient de tr\u00e8s bons dessinateurs\u00a0\u00bb. Depuis elle se consacre \u00e0 cette activit\u00e9 artistique une partie de son temps tr\u00e8s occup\u00e9 par ailleurs. Elle g\u00e8re avec son mari g\u00eetes et tables d\u2019h\u00f4tes. La client\u00e8le peut y admirer des tableaux, pr\u00e9sent\u00e9s uniquement \u00e0 M\u00e9zi\u00e8res. En 2020, Chantal Lombard a \u00e9t\u00e9 laur\u00e9ate du salon des peintres de la Brenne. Aujourd\u2019hui, la pastelliste est attir\u00e9e par le maniement du fusain et de la sanguine avec laquelle elle aimerait cr\u00e9er des portraits d\u2019Indiens d\u2019Am\u00e9rique. Peut-\u00eatre la perspective d\u2019une future exposition. <\/span><\/p>\n<p><span style=\"font-size: large;\">\u00a0<\/span><\/p>\n","protected":false},"excerpt":{"rendered":"<p>En juin 2021, l\u2019association Le Moulin a propos\u00e9 de d\u00e9couvrir des tableaux r\u00e9alis\u00e9s par Chantal Lombard. Une plong\u00e9e au c\u0153ur de la nature brennouse. Des paysages aux teintes nuanc\u00e9es qui instaurent une ambiance originale et authentique. Le visiteur peut en effet se laisser entra\u00eener dans cette atmosph\u00e8re m\u00e9lancolique. Au milieu de ces \u0153uvres, il est&hellip;&nbsp;<a href=\"https:\/\/www.brenne-au-coeur.com\/index.php\/2021\/12\/17\/la-brenne-vue-par-chantal-lombard\/communes\/mezieres-en-brenne\/828\/\" rel=\"bookmark\">Lire la suite&nbsp;&raquo;<span class=\"screen-reader-text\">La Brenne vue par Chantal Lombard<\/span><\/a><\/p>\n","protected":false},"author":1,"featured_media":576,"comment_status":"open","ping_status":"open","sticky":false,"template":"","format":"standard","meta":{"rop_custom_images_group":[],"rop_custom_messages_group":[],"rop_publish_now":"initial","rop_publish_now_accounts":[],"rop_publish_now_history":[],"rop_publish_now_status":"pending","_monsterinsights_skip_tracking":false,"_monsterinsights_sitenote_active":false,"_monsterinsights_sitenote_note":"","_monsterinsights_sitenote_category":0,"neve_meta_sidebar":"","neve_meta_container":"","neve_meta_enable_content_width":"off","neve_meta_content_width":70,"neve_meta_title_alignment":"","neve_meta_author_avatar":"","neve_post_elements_order":"","neve_meta_disable_header":"","neve_meta_disable_footer":"","neve_meta_disable_title":"","_jetpack_memberships_contains_paid_content":false,"footnotes":"","jetpack_publicize_message":"","jetpack_publicize_feature_enabled":true,"jetpack_social_post_already_shared":false,"jetpack_social_options":{"image_generator_settings":{"template":"highway","default_image_id":0,"font":"","enabled":false},"version":2}},"categories":[12,45],"tags":[46],"class_list":["post-828","post","type-post","status-publish","format-standard","has-post-thumbnail","hentry","category-mezieres-en-brenne","category-portrait-blog","tag-peinture"],"aioseo_notices":[],"jetpack_publicize_connections":[],"jetpack_featured_media_url":"https:\/\/www.brenne-au-coeur.com\/wp-content\/uploads\/2022\/04\/Chantal_Lombard_site.jpg","jetpack-related-posts":[],"jetpack_sharing_enabled":true,"_links":{"self":[{"href":"https:\/\/www.brenne-au-coeur.com\/index.php\/wp-json\/wp\/v2\/posts\/828","targetHints":{"allow":["GET"]}}],"collection":[{"href":"https:\/\/www.brenne-au-coeur.com\/index.php\/wp-json\/wp\/v2\/posts"}],"about":[{"href":"https:\/\/www.brenne-au-coeur.com\/index.php\/wp-json\/wp\/v2\/types\/post"}],"author":[{"embeddable":true,"href":"https:\/\/www.brenne-au-coeur.com\/index.php\/wp-json\/wp\/v2\/users\/1"}],"replies":[{"embeddable":true,"href":"https:\/\/www.brenne-au-coeur.com\/index.php\/wp-json\/wp\/v2\/comments?post=828"}],"version-history":[{"count":0,"href":"https:\/\/www.brenne-au-coeur.com\/index.php\/wp-json\/wp\/v2\/posts\/828\/revisions"}],"wp:featuredmedia":[{"embeddable":true,"href":"https:\/\/www.brenne-au-coeur.com\/index.php\/wp-json\/wp\/v2\/media\/576"}],"wp:attachment":[{"href":"https:\/\/www.brenne-au-coeur.com\/index.php\/wp-json\/wp\/v2\/media?parent=828"}],"wp:term":[{"taxonomy":"category","embeddable":true,"href":"https:\/\/www.brenne-au-coeur.com\/index.php\/wp-json\/wp\/v2\/categories?post=828"},{"taxonomy":"post_tag","embeddable":true,"href":"https:\/\/www.brenne-au-coeur.com\/index.php\/wp-json\/wp\/v2\/tags?post=828"}],"curies":[{"name":"wp","href":"https:\/\/api.w.org\/{rel}","templated":true}]}}