{"id":775,"date":"2021-08-05T10:30:31","date_gmt":"2021-08-05T08:30:31","guid":{"rendered":"https:\/\/www.brenne-au-coeur.com\/?p=775"},"modified":"2022-05-15T19:34:38","modified_gmt":"2022-05-15T17:34:38","slug":"la-mediatheque-aux-couleurs-japonaises","status":"publish","type":"post","link":"https:\/\/www.brenne-au-coeur.com\/index.php\/2021\/08\/05\/la-mediatheque-aux-couleurs-japonaises\/communes\/mezieres-en-brenne\/775\/","title":{"rendered":"La m\u00e9diath\u00e8que aux couleurs japonaises"},"content":{"rendered":"<figure id=\"attachment_566\" aria-describedby=\"caption-attachment-566\" style=\"width: 300px\" class=\"wp-caption alignleft\"><a href=\"https:\/\/www.brenne-au-coeur.com\/wp-content\/uploads\/2022\/04\/Audigane_site.jpg\" rel=\"lightbox[775]\"><img loading=\"lazy\" decoding=\"async\" class=\"wp-image-566 size-medium\" src=\"https:\/\/www.brenne-au-coeur.com\/wp-content\/uploads\/2022\/04\/Audigane_site-300x186.jpg\" alt=\"\" width=\"300\" height=\"186\" srcset=\"https:\/\/www.brenne-au-coeur.com\/wp-content\/uploads\/2022\/04\/Audigane_site-300x186.jpg 300w, https:\/\/www.brenne-au-coeur.com\/wp-content\/uploads\/2022\/04\/Audigane_site-1024x633.jpg 1024w, https:\/\/www.brenne-au-coeur.com\/wp-content\/uploads\/2022\/04\/Audigane_site-768x475.jpg 768w, https:\/\/www.brenne-au-coeur.com\/wp-content\/uploads\/2022\/04\/Audigane_site.jpg 1200w\" sizes=\"auto, (max-width: 300px) 100vw, 300px\" \/><\/a><figcaption id=\"caption-attachment-566\" class=\"wp-caption-text\">Une animation sur le th\u00e8me du Japon<\/figcaption><\/figure>\n<p><span style=\"font-size: large;\">Mercredi 5 ao\u00fbt \u00e0 10h30, la m\u00e9diath\u00e8que de M\u00e9zi\u00e8res-en-Brenne a propos\u00e9 une animation sur le th\u00e8me du Japon. Plusieurs activit\u00e9s au programme\u00a0: fabrication de lanternes japonaises en papier, initiation \u00e0 l\u2019\u00e9criture japonaise et pr\u00e9sentation d\u2019un conte. Jean Audigane a anim\u00e9 cette matin\u00e9e. Le jeune homme en service civique \u00e0 la m\u00e9diath\u00e8que est un passionn\u00e9 du pays du soleil levant. Depuis janvier, il a donc mis en place un rayon <a href=\"https:\/\/fr.wikipedia.org\/wiki\/Manga\">mangas<\/a>, enregistr\u00e9 des contes pour les abonn\u00e9s, r\u00e9alis\u00e9 des points mangas deux ou trois fois par mois. \u00ab\u00a0Je concr\u00e9tise des choses que je voulais faire depuis longtemps\u00a0\u00bb, se r\u00e9jouit-il. Car sa passion pour le Japon ne date pas d\u2019hier. \u00ab\u00a0D\u00e8s l\u2019\u00e2ge de 10 ans, j\u2019ai \u00e9t\u00e9 accroch\u00e9 par les dessins anim\u00e9s \u00e0 la t\u00e9l\u00e9vision. Depuis je n\u2019ai cess\u00e9 de m\u2019int\u00e9resser \u00e0 cet univers, notamment \u00e0 travers les mangas\u00a0\u00bb, explique-t-il. Ces livres comparables aux bandes dessin\u00e9es refl\u00e8tent pleinement la vie au Japon o\u00f9 ils sont une v\u00e9ritable institution. \u00ab\u00a0Tout le monde lit des mangas parce qu\u2019il existe une grande vari\u00e9t\u00e9 de genres. Pour les ados comme pour les personnes \u00e2g\u00e9es, pour les filles comme pour les gar\u00e7ons, etc\u00a0\u00bb. Son attirance pour le Japon ne se limite pas aux mangas. Avec les ann\u00e9es, il a d\u00e9couvert et aim\u00e9 plus largement la culture et les modes de vie nippons. Intarissable sur le sujet, il d\u00e9crit avec enthousiasme ce qui l\u2019attire dans ce pays. Les paysages souvent somptueux, le respect entre les individus, le maintien des traditions, l\u2019\u00e9criture si diff\u00e9rente du monde occidental, la capacit\u00e9 des Japonais \u00e0 construire des villes malgr\u00e9 les tremblements de terre fr\u00e9quents. Avec Jean, la m\u00e9diath\u00e8que offre une ouverture sur un autre monde. <\/span><\/p>\n","protected":false},"excerpt":{"rendered":"<p>Mercredi 5 ao\u00fbt \u00e0 10h30, la m\u00e9diath\u00e8que de M\u00e9zi\u00e8res-en-Brenne a propos\u00e9 une animation sur le th\u00e8me du Japon. Plusieurs activit\u00e9s au programme\u00a0: fabrication de lanternes japonaises en papier, initiation \u00e0 l\u2019\u00e9criture japonaise et pr\u00e9sentation d\u2019un conte. Jean Audigane a anim\u00e9 cette matin\u00e9e. Le jeune homme en service civique \u00e0 la m\u00e9diath\u00e8que est un passionn\u00e9 du&hellip;&nbsp;<a href=\"https:\/\/www.brenne-au-coeur.com\/index.php\/2021\/08\/05\/la-mediatheque-aux-couleurs-japonaises\/communes\/mezieres-en-brenne\/775\/\" rel=\"bookmark\">Lire la suite&nbsp;&raquo;<span class=\"screen-reader-text\">La m\u00e9diath\u00e8que aux couleurs japonaises<\/span><\/a><\/p>\n","protected":false},"author":1,"featured_media":566,"comment_status":"open","ping_status":"open","sticky":false,"template":"","format":"standard","meta":{"rop_custom_images_group":[],"rop_custom_messages_group":[],"rop_publish_now":"initial","rop_publish_now_accounts":[],"rop_publish_now_history":[],"rop_publish_now_status":"pending","_monsterinsights_skip_tracking":false,"_monsterinsights_sitenote_active":false,"_monsterinsights_sitenote_note":"","_monsterinsights_sitenote_category":0,"neve_meta_sidebar":"","neve_meta_container":"","neve_meta_enable_content_width":"off","neve_meta_content_width":70,"neve_meta_title_alignment":"","neve_meta_author_avatar":"","neve_post_elements_order":"[\"content\",\"tags\",\"comments\"]","neve_meta_disable_header":"","neve_meta_disable_footer":"","neve_meta_disable_title":"","_jetpack_memberships_contains_paid_content":false,"footnotes":"","jetpack_publicize_message":"","jetpack_publicize_feature_enabled":true,"jetpack_social_post_already_shared":false,"jetpack_social_options":{"image_generator_settings":{"template":"highway","default_image_id":0,"font":"","enabled":false},"version":2}},"categories":[12],"tags":[34],"class_list":["post-775","post","type-post","status-publish","format-standard","has-post-thumbnail","hentry","category-mezieres-en-brenne","tag-culture"],"aioseo_notices":[],"jetpack_publicize_connections":[],"jetpack_featured_media_url":"https:\/\/www.brenne-au-coeur.com\/wp-content\/uploads\/2022\/04\/Audigane_site.jpg","jetpack-related-posts":[],"jetpack_sharing_enabled":true,"_links":{"self":[{"href":"https:\/\/www.brenne-au-coeur.com\/index.php\/wp-json\/wp\/v2\/posts\/775","targetHints":{"allow":["GET"]}}],"collection":[{"href":"https:\/\/www.brenne-au-coeur.com\/index.php\/wp-json\/wp\/v2\/posts"}],"about":[{"href":"https:\/\/www.brenne-au-coeur.com\/index.php\/wp-json\/wp\/v2\/types\/post"}],"author":[{"embeddable":true,"href":"https:\/\/www.brenne-au-coeur.com\/index.php\/wp-json\/wp\/v2\/users\/1"}],"replies":[{"embeddable":true,"href":"https:\/\/www.brenne-au-coeur.com\/index.php\/wp-json\/wp\/v2\/comments?post=775"}],"version-history":[{"count":0,"href":"https:\/\/www.brenne-au-coeur.com\/index.php\/wp-json\/wp\/v2\/posts\/775\/revisions"}],"wp:featuredmedia":[{"embeddable":true,"href":"https:\/\/www.brenne-au-coeur.com\/index.php\/wp-json\/wp\/v2\/media\/566"}],"wp:attachment":[{"href":"https:\/\/www.brenne-au-coeur.com\/index.php\/wp-json\/wp\/v2\/media?parent=775"}],"wp:term":[{"taxonomy":"category","embeddable":true,"href":"https:\/\/www.brenne-au-coeur.com\/index.php\/wp-json\/wp\/v2\/categories?post=775"},{"taxonomy":"post_tag","embeddable":true,"href":"https:\/\/www.brenne-au-coeur.com\/index.php\/wp-json\/wp\/v2\/tags?post=775"}],"curies":[{"name":"wp","href":"https:\/\/api.w.org\/{rel}","templated":true}]}}