{"id":7648,"date":"2026-04-26T11:44:17","date_gmt":"2026-04-26T09:44:17","guid":{"rendered":"https:\/\/www.brenne-au-coeur.com\/?p=7648"},"modified":"2026-04-26T11:44:17","modified_gmt":"2026-04-26T09:44:17","slug":"randonnee-de-printemps-2","status":"publish","type":"post","link":"https:\/\/www.brenne-au-coeur.com\/index.php\/2026\/04\/26\/randonnee-de-printemps-2\/communes\/sainte-gemme\/7648\/","title":{"rendered":"Randonn\u00e9e de printemps"},"content":{"rendered":"<p><a href=\"https:\/\/www.brenne-au-coeur.com\/wp-content\/uploads\/2026\/04\/randonnee-10-mai.png\" rel=\"lightbox[7648]\"><img loading=\"lazy\" decoding=\"async\" class=\"alignleft wp-image-7649\" src=\"https:\/\/www.brenne-au-coeur.com\/wp-content\/uploads\/2026\/04\/randonnee-10-mai-213x300.png\" alt=\"\" width=\"167\" height=\"235\" srcset=\"https:\/\/www.brenne-au-coeur.com\/wp-content\/uploads\/2026\/04\/randonnee-10-mai-213x300.png 213w, https:\/\/www.brenne-au-coeur.com\/wp-content\/uploads\/2026\/04\/randonnee-10-mai-106x150.png 106w, https:\/\/www.brenne-au-coeur.com\/wp-content\/uploads\/2026\/04\/randonnee-10-mai.png 619w\" sizes=\"auto, (max-width: 167px) 100vw, 167px\" \/><\/a>La 43<sup>e<\/sup> Randonn\u00e9e de Printemps de la Brenne, se d\u00e9roulera le dimanche 10 mai 2026 \u00e0 Sainte-Gemme.<\/p>\n<p>Que vous soyez marcheur, v\u00e9t\u00e9tiste ou cavalier, cette journ\u00e9e est faite pour vous&nbsp;!<\/p>\n<p>Rendez-vous \u00e0 8h Salle des f\u00eates (9 route de Vend\u0153uvres). D\u00e9part&nbsp;: 8h30<\/p>\n<p>\u00c0 pied, \u00e0 cheval, en VTT ou m\u00eame en attelage, venez vivre une exp\u00e9rience unique au c\u0153ur d\u2019un territoire naturel pr\u00e9serv\u00e9. La Brenne, destination authentique et encore confidentielle, se d\u00e9voile au fil des chemins&nbsp;: paysages sauvages et vari\u00e9s, ambiance tant\u00f4t charmante, tant\u00f4t myst\u00e9rieuse, richesse exceptionnelle de la faune et de la flore<\/p>\n<p>Chaque d\u00e9tour vous r\u00e9serve une nouvelle surprise&nbsp;!<\/p>\n<p>Que vous soyez amateur de nature, passionn\u00e9 de plein air ou simplement en qu\u00eate d\u2019\u00e9vasion, cette randonn\u00e9e est une belle occasion de partager un moment convivial dans un cadre d\u2019exception.<\/p>\n<p>Inscription aupr\u00e8s de l\u2019association Le Moulin\u00a0: 1 rue du Nord \u00e0 M\u00e9zi\u00e8res-en-Brenne. 02 54 38 12 24<\/p>\n<p><a href=\"mailto:contact@gite-moulin.fr\">contact@gite-moulin.fr<\/a> \/ www.randonnee-de-la-brenne.fr<\/p>\n","protected":false},"excerpt":{"rendered":"<p>La 43e Randonn\u00e9e de Printemps de la Brenne, se d\u00e9roulera le dimanche 10 mai 2026 \u00e0 Sainte-Gemme. Que vous soyez marcheur, v\u00e9t\u00e9tiste ou cavalier, cette journ\u00e9e est faite pour vous&nbsp;! Rendez-vous \u00e0 8h Salle des f\u00eates (9 route de Vend\u0153uvres). D\u00e9part&nbsp;: 8h30 \u00c0 pied, \u00e0 cheval, en VTT ou m\u00eame en attelage, venez vivre une&hellip;&nbsp;<a href=\"https:\/\/www.brenne-au-coeur.com\/index.php\/2026\/04\/26\/randonnee-de-printemps-2\/communes\/sainte-gemme\/7648\/\" rel=\"bookmark\">Lire la suite&nbsp;&raquo;<span class=\"screen-reader-text\">Randonn\u00e9e de printemps<\/span><\/a><\/p>\n","protected":false},"author":1,"featured_media":7649,"comment_status":"open","ping_status":"open","sticky":false,"template":"","format":"standard","meta":{"rop_custom_images_group":[],"rop_custom_messages_group":[],"rop_publish_now":"initial","rop_publish_now_accounts":[],"rop_publish_now_history":[],"rop_publish_now_status":"pending","_monsterinsights_skip_tracking":false,"_monsterinsights_sitenote_active":false,"_monsterinsights_sitenote_note":"","_monsterinsights_sitenote_category":0,"neve_meta_sidebar":"","neve_meta_container":"","neve_meta_enable_content_width":"off","neve_meta_content_width":70,"neve_meta_title_alignment":"","neve_meta_author_avatar":"","neve_post_elements_order":"","neve_meta_disable_header":"","neve_meta_disable_footer":"","neve_meta_disable_title":"","_jetpack_memberships_contains_paid_content":false,"footnotes":"","jetpack_publicize_message":"","jetpack_publicize_feature_enabled":true,"jetpack_social_post_already_shared":true,"jetpack_social_options":{"image_generator_settings":{"template":"highway","default_image_id":0,"font":"","enabled":false},"version":2}},"categories":[17],"tags":[93],"class_list":["post-7648","post","type-post","status-publish","format-standard","has-post-thumbnail","hentry","category-sainte-gemme","tag-randonnee"],"aioseo_notices":[],"jetpack_publicize_connections":[],"jetpack_featured_media_url":"https:\/\/www.brenne-au-coeur.com\/wp-content\/uploads\/2026\/04\/randonnee-10-mai.png","jetpack-related-posts":[],"jetpack_sharing_enabled":true,"_links":{"self":[{"href":"https:\/\/www.brenne-au-coeur.com\/index.php\/wp-json\/wp\/v2\/posts\/7648","targetHints":{"allow":["GET"]}}],"collection":[{"href":"https:\/\/www.brenne-au-coeur.com\/index.php\/wp-json\/wp\/v2\/posts"}],"about":[{"href":"https:\/\/www.brenne-au-coeur.com\/index.php\/wp-json\/wp\/v2\/types\/post"}],"author":[{"embeddable":true,"href":"https:\/\/www.brenne-au-coeur.com\/index.php\/wp-json\/wp\/v2\/users\/1"}],"replies":[{"embeddable":true,"href":"https:\/\/www.brenne-au-coeur.com\/index.php\/wp-json\/wp\/v2\/comments?post=7648"}],"version-history":[{"count":1,"href":"https:\/\/www.brenne-au-coeur.com\/index.php\/wp-json\/wp\/v2\/posts\/7648\/revisions"}],"predecessor-version":[{"id":7650,"href":"https:\/\/www.brenne-au-coeur.com\/index.php\/wp-json\/wp\/v2\/posts\/7648\/revisions\/7650"}],"wp:featuredmedia":[{"embeddable":true,"href":"https:\/\/www.brenne-au-coeur.com\/index.php\/wp-json\/wp\/v2\/media\/7649"}],"wp:attachment":[{"href":"https:\/\/www.brenne-au-coeur.com\/index.php\/wp-json\/wp\/v2\/media?parent=7648"}],"wp:term":[{"taxonomy":"category","embeddable":true,"href":"https:\/\/www.brenne-au-coeur.com\/index.php\/wp-json\/wp\/v2\/categories?post=7648"},{"taxonomy":"post_tag","embeddable":true,"href":"https:\/\/www.brenne-au-coeur.com\/index.php\/wp-json\/wp\/v2\/tags?post=7648"}],"curies":[{"name":"wp","href":"https:\/\/api.w.org\/{rel}","templated":true}]}}