{"id":7627,"date":"2026-04-22T18:21:03","date_gmt":"2026-04-22T16:21:03","guid":{"rendered":"https:\/\/www.brenne-au-coeur.com\/?p=7627"},"modified":"2026-04-22T18:32:16","modified_gmt":"2026-04-22T16:32:16","slug":"origine-des-noms-de-rues","status":"publish","type":"post","link":"https:\/\/www.brenne-au-coeur.com\/index.php\/2026\/04\/22\/origine-des-noms-de-rues\/communes\/mezieres-en-brenne\/7627\/","title":{"rendered":"Origine des noms de rues"},"content":{"rendered":"<p><span style=\"font-size: large;\">L\u2019\u00e9tude des noms des rues de M\u00e9zi\u00e8res-en-Brenne, r\u00e9alis\u00e9e par l\u2019Association Culturelle Mac\u00e9rienne, s\u2019ach\u00e8ve avec ce cinqui\u00e8me volet. Elle permet aux habitants de disposer d\u2019informations sur l\u2019origine des noms\u00a0 class\u00e9s par ordre alphab\u00e9tique. Pour rappel, le pr\u00e9sent article qui concerne le nom des art\u00e8res, compris entre \u00ab&nbsp;la rue de l\u2019Ouest&nbsp;\u00bb et \u00ab&nbsp;la rue de Watou&nbsp;\u00bb, prolonge la liste publi\u00e9e en quatre parties dans les colonnes de ce blog. <\/span><span style=\"font-size: large;\"><i>Ce que votre rue raconte<\/i> (3 janvier)\u00a0; <i>Le nom des rues<\/i> (2 f\u00e9vrier)\u00a0; <i>Des plaques et des histoires<\/i> (20 f\u00e9vrier)\u00a0; <i>Des noms, des rues, des histoires<\/i> (8 avril). <\/span><\/p>\n<p><span style=\"font-size: large;\"><b>Rue de l\u2019Ouest<\/b>&nbsp;: nos anc\u00eatres avaient un sens tr\u00e8s pratique pour baptiser les rues&nbsp;: Nord, Est, Ouest. Le Sud est manquant et pour cause, la Claise faisait un barrage naturel aux routes. Cette tr\u00e8s vieille art\u00e8re en arc de cercle, qui suit les contours des anciennes douves du ch\u00e2teau, n\u2019a donc eu qu\u2019une seule d\u00e9nomination. Comme pour les autres rues aux noms de points cardinaux, il n\u2019y a que le terme \u00ab&nbsp;faubourg&nbsp;\u00bb qui a disparu au fil des ann\u00e9es.<\/span><\/p>\n<figure id=\"attachment_7629\" aria-describedby=\"caption-attachment-7629\" style=\"width: 380px\" class=\"wp-caption alignleft\"><a href=\"https:\/\/www.brenne-au-coeur.com\/wp-content\/uploads\/2026\/04\/22-09-1943-source-Moury-scaled.jpg\" rel=\"lightbox[7627]\"><img loading=\"lazy\" decoding=\"async\" class=\"wp-image-7629\" src=\"https:\/\/www.brenne-au-coeur.com\/wp-content\/uploads\/2026\/04\/22-09-1943-source-Moury-300x195.jpg\" alt=\"\" width=\"380\" height=\"247\" srcset=\"https:\/\/www.brenne-au-coeur.com\/wp-content\/uploads\/2026\/04\/22-09-1943-source-Moury-300x195.jpg 300w, https:\/\/www.brenne-au-coeur.com\/wp-content\/uploads\/2026\/04\/22-09-1943-source-Moury-1024x667.jpg 1024w, https:\/\/www.brenne-au-coeur.com\/wp-content\/uploads\/2026\/04\/22-09-1943-source-Moury-150x98.jpg 150w, https:\/\/www.brenne-au-coeur.com\/wp-content\/uploads\/2026\/04\/22-09-1943-source-Moury-768x500.jpg 768w, https:\/\/www.brenne-au-coeur.com\/wp-content\/uploads\/2026\/04\/22-09-1943-source-Moury-1536x1001.jpg 1536w, https:\/\/www.brenne-au-coeur.com\/wp-content\/uploads\/2026\/04\/22-09-1943-source-Moury-2048x1334.jpg 2048w\" sizes=\"auto, (max-width: 380px) 100vw, 380px\" \/><\/a><figcaption id=\"caption-attachment-7629\" class=\"wp-caption-text\">Passagers sur le quai de la gare<\/figcaption><\/figure>\n<p><span style=\"font-size: large;\"><b>Rue de la Paroisse<\/b>&nbsp;: encore appel\u00e9e \u00ab&nbsp;de la succursale&nbsp;\u00bb dans la premi\u00e8re moiti\u00e9 au XIXe si\u00e8cle, cette impasse tient son appellation de la chapelle Sainte-Elisabeth dont il ne reste qu\u2019un morceau d\u2019escalier encore visible. Un cimeti\u00e8re jouxtait ce lieu de culte. Avant l\u2019\u00e9dification de l\u2019ancienne coll\u00e9giale \u00e0 M\u00e9zi\u00e8res en 1339, les offices religieux se tenaient \u00e0 Subtray. Pour \u00e9viter aux habitant<\/span><b><\/b><span style=\"font-size: large;\">s de parcourir la lieue qui s\u00e9parait les deux sites, une \u00ab&nbsp;succursale&nbsp;\u00bb permettait d\u2019y accomplir toutes les fonctions curiales. Au Moyen \u00c2ge, chaque lundi de Pentec\u00f4te, toute la population empruntait cette rue pour assister au jeu de la Quintaine sur la Claise (alors accessible avant les constructions actuelles). L\u2019unique occasion de se moquer des tout puissants et malhonn\u00eates meuniers et de les voir \u00ab&nbsp;sans cale\u00e7on, sans bas et sans souliers&nbsp;\u00bb\u2026<\/span><\/p>\n<p><span style=\"font-size: large;\"><b>Rue des Plaudets<\/b>&nbsp;: un chemin \u00e9ponyme appara\u00eet en 1890 du nom de monsieur Plaudet, famille omnipr\u00e9sente \u00e0 Parnac (36) et \u00e0 Saint-S\u00e9bastien (23), \u00e0 l\u2019ouest d\u2019Eguzon-Chant\u00f4me. Un nouveau quartier r\u00e9sidentiel est sorti de terre dans les ann\u00e9es 1980\/1990. Ce terme g\u00e9n\u00e9rique lui a \u00e9t\u00e9 attribu\u00e9.<\/span><\/p>\n<p><span style=\"font-size: large;\"><b>Rue du Pont Malientras<\/b>&nbsp;: la d\u00e9composition du mot est explicite&nbsp;: \u00ab&nbsp;mal y entra&nbsp;\u00bb. Les carrioles devaient effectivement \u00e9prouver quelques difficult\u00e9s vers 1566 pour aborder cette voie coud\u00e9e, sans visibilit\u00e9 et franchir le pont, avant de faire face \u00e0 l\u2019entr\u00e9e du ch\u00e2teau. Les habitants ont donc trouv\u00e9 cette d\u00e9nomination qui s\u2019est contract\u00e9e et est parvenue ainsi jusqu\u2019\u00e0 nous\u2026 Porte d\u2019entr\u00e9e \u00e0 la cit\u00e9, tr\u00e8s commer\u00e7ante jusqu\u2019au milieu du XXe si\u00e8cle, cette art\u00e8re s\u2019est aussi appel\u00e9e \u00e0 diff\u00e9rentes \u00e9poques&nbsp;: \u00ab&nbsp;grand rue&nbsp;\u00bb (1414), \u00ab&nbsp;grande rue du levant au couchant&nbsp;\u00bb (1851), \u00ab&nbsp;rue grande&nbsp;\u00bb (1911), \u00ab&nbsp;grande rue&nbsp;\u00bb et officieusement \u00ab&nbsp;rue des bouchers&nbsp;\u00bb du fait de la pr\u00e9sence de ces quatre commerces. <\/span><\/p>\n<figure id=\"attachment_7630\" aria-describedby=\"caption-attachment-7630\" style=\"width: 389px\" class=\"wp-caption alignright\"><a href=\"https:\/\/www.brenne-au-coeur.com\/wp-content\/uploads\/2026\/04\/AD36-48J-4B-6392.png\" rel=\"lightbox[7627]\"><img loading=\"lazy\" decoding=\"async\" class=\"wp-image-7630\" src=\"https:\/\/www.brenne-au-coeur.com\/wp-content\/uploads\/2026\/04\/AD36-48J-4B-6392-300x195.png\" alt=\"\" width=\"389\" height=\"253\" srcset=\"https:\/\/www.brenne-au-coeur.com\/wp-content\/uploads\/2026\/04\/AD36-48J-4B-6392-300x195.png 300w, https:\/\/www.brenne-au-coeur.com\/wp-content\/uploads\/2026\/04\/AD36-48J-4B-6392-1024x666.png 1024w, https:\/\/www.brenne-au-coeur.com\/wp-content\/uploads\/2026\/04\/AD36-48J-4B-6392-150x98.png 150w, https:\/\/www.brenne-au-coeur.com\/wp-content\/uploads\/2026\/04\/AD36-48J-4B-6392-768x499.png 768w, https:\/\/www.brenne-au-coeur.com\/wp-content\/uploads\/2026\/04\/AD36-48J-4B-6392.png 1298w\" sizes=\"auto, (max-width: 389px) 100vw, 389px\" \/><\/a><figcaption id=\"caption-attachment-7630\" class=\"wp-caption-text\">Avenue de Verdun (carte postale ancienne)<\/figcaption><\/figure>\n<p><span style=\"font-size: large;\"><b>Chemin du Pr\u00e9 de Chaume<\/b>&nbsp;: dans l\u2019Indre, le chaume est un terrain vague et d\u00e9couvert servant de pacage aux bestiaux. Prolong\u00e9 entre 2011 et 2015, cet ex droit de passage d\u00e9bouchait auparavant sur des jardins et une zone bois\u00e9e. <\/span><\/p>\n<p><span style=\"font-size: large;\"><b>Route de Saint-Michel-en-Brenne<\/b>&nbsp;: aujourd\u2019hui, cette large route m\u00e8ne simplement \u00e0 la localit\u00e9 \u00e9ponyme situ\u00e9e \u00e0 4 km. Lorsqu\u2019il n\u2019\u00e9tait qu\u2019un simple sentier de terre, bien boueux l\u2019hiver, on empruntait alors le \u00ab&nbsp;chemin de communication n\u00b02&nbsp;\u00bb en 1845 avant la \u00ab&nbsp;route d\u00e9partementale n\u00b017&nbsp;\u00bb quelques ann\u00e9es plus tard. Le 29 septembre, jour de la Saint-Michel, est traditionnellement la date d\u2019expiration des baux ruraux. S\u2019inspirant en cela de l\u2019ancienne habitude des fermiers qui devaient payer leurs fermages \u00e0 l\u2019issue des r\u00e9coltes. <\/span><\/p>\n<p><span style=\"font-size: large;\"><b>Route du Touchain<\/b>&nbsp;: d\u00e9riv\u00e9 de touche qui signifie un petit bois, un bouquet d\u2019arbres au milieu d\u2019une plaine. <\/span><\/p>\n<p><span style=\"font-size: large;\"><b>Avenue de Verdun<\/b>&nbsp;: c\u2019est \u00e0 la suite d\u2019une demande d\u2019une association nationale m\u00e9morielle que le conseil municipal a attribu\u00e9, en 1961, ce nouveau nom \u00e0 \u00ab&nbsp;l\u2019avenue ou rue de la Gare&nbsp;\u00bb. Les combattants de la Premi\u00e8re Guerre mondiale se voyaient ainsi justement c\u00e9l\u00e9br\u00e9s. A la suite de l\u2019arr\u00eat d\u00e9finitif de la ligne de train Le Blanc &#8211; Argent-sur-Sauldre fin 1953, le terme de \u00ab&nbsp;gare&nbsp;\u00bb ne se justifiait plus. Cette dr\u00f4le d\u2019avenue qui se termine en cul de sac a \u00e9t\u00e9 perc\u00e9e au tout d\u00e9but du XIXe si\u00e8cle pour desservir la nouvelle gare ouverte le 17 novembre 1902. Faute d\u2019argent pour la construire, la compagnie ferroviaire Faug\u00e8re et Chatelin a avanc\u00e9 les fonds \u00e0 la commune qui s\u2019est acquise de sa dette cinq ans apr\u00e8s. Pour l\u2019anecdote, il fallait 14 heures pour parcourir les 191 km de cette ligne qui a permis le d\u00e9senclavement de la Brenne. <\/span><\/p>\n<p><span style=\"font-size: large;\"><b>Rue de la Vieille \u00e9glise<\/b>&nbsp;: avec beaucoup d\u2019imagination, on peut encore deviner le contour au sol de cette seconde \u00e9glise \u00e9difi\u00e9e \u00e0 Subtray au XIe si\u00e8cle, peut-\u00eatre \u00e0 l\u2019initiative de Jeanne de Brenne. Prenant le nom de Saint-Martin, elle a succ\u00e9d\u00e9 \u00e0 celle de Saint-Pierre-aux-Liens, tomb\u00e9e en ruines sur la rive gauche de la Claise. Il semble qu\u2019Alix, la petite-fille de Jeanne l\u2019ait faite reconstruire vers 1334. N\u2019oublions pas que, faute de lieu de culte avant 1339, les paroissiens de M\u00e9zi\u00e8res devaient parcourir 6 km aller-retour pour assister \u00e0 la messe et aux autres \u00e9v\u00e8nements religieux dont le centre \u00e9tait Subtray. <\/span><\/p>\n<p><span style=\"font-size: large;\"><b>Chemin des Vignes<\/b>&nbsp;: cette rue a conserv\u00e9 son nom d\u2019ancien chemin qui menait aux vignes localis\u00e9es dans l\u2019actuel quartier construit des Plaudets. Les parcelles, cultiv\u00e9es pour une consommation familiale, produisaient un breuvage tr\u00e8s ordinaire \u00e0 base entre autres de noah(3), ce c\u00e9page hybride am\u00e9ricain apparu en 1896 pour contrer le phyllox\u00e9ra. R\u00e9put\u00e9 rendre fou, il fut officiellement interdit en 1934 mais perdura\u2026 sous les feuilles des ceps. <\/span><\/p>\n<figure id=\"attachment_7628\" aria-describedby=\"caption-attachment-7628\" style=\"width: 453px\" class=\"wp-caption alignleft\"><a href=\"https:\/\/www.brenne-au-coeur.com\/wp-content\/uploads\/2026\/04\/Source-comite-de-jumelage.jpg\" rel=\"lightbox[7627]\"><img loading=\"lazy\" decoding=\"async\" class=\"wp-image-7628\" src=\"https:\/\/www.brenne-au-coeur.com\/wp-content\/uploads\/2026\/04\/Source-comite-de-jumelage-300x176.jpg\" alt=\"\" width=\"453\" height=\"266\" srcset=\"https:\/\/www.brenne-au-coeur.com\/wp-content\/uploads\/2026\/04\/Source-comite-de-jumelage-300x176.jpg 300w, https:\/\/www.brenne-au-coeur.com\/wp-content\/uploads\/2026\/04\/Source-comite-de-jumelage-1024x600.jpg 1024w, https:\/\/www.brenne-au-coeur.com\/wp-content\/uploads\/2026\/04\/Source-comite-de-jumelage-150x88.jpg 150w, https:\/\/www.brenne-au-coeur.com\/wp-content\/uploads\/2026\/04\/Source-comite-de-jumelage-768x450.jpg 768w, https:\/\/www.brenne-au-coeur.com\/wp-content\/uploads\/2026\/04\/Source-comite-de-jumelage.jpg 1078w\" sizes=\"auto, (max-width: 453px) 100vw, 453px\" \/><\/a><figcaption id=\"caption-attachment-7628\" class=\"wp-caption-text\">Inauguration de la rue de Watou<\/figcaption><\/figure>\n<p><span style=\"font-size: large;\"><b>Rue de Watou<\/b>&nbsp;: jumel\u00e9 depuis 1986 avec M\u00e9zi\u00e8res, Watou est une charmante bourgade de 1900 r\u00e9sidents situ\u00e9 \u00e0 moins d\u2019un kilom\u00e8tre de la fronti\u00e8re fran\u00e7aise en Flandre occidentale belge. Aujourd\u2019hui, il est administrativement rattach\u00e9 \u00e0 l\u2019agglom\u00e9ration de Poperinge, capitale du houblon. Sa brasserie locale a permis aux Mac\u00e9riens de d\u00e9couvrir l\u2019excellence de la boisson nationale. Il existe une cuv\u00e9e exclusive&nbsp;: \u00ab&nbsp;la bi\u00e8re de la bonde&nbsp;\u00bb(3). Les profonds liens d\u2019amiti\u00e9 unissant de nombreux habitants des deux communes ont \u00e9t\u00e9 initi\u00e9s par le dynamique comit\u00e9 de jumelage qui f\u00eatera bient\u00f4t ses 40 ans d\u2019existence. La rue a \u00e9t\u00e9 inaugur\u00e9e l\u2019ann\u00e9e m\u00eame de la cr\u00e9ation de cette association. <\/span><\/p>\n<p><span style=\"font-size: large;\">3-L\u2019abus d\u2019alcool est dangereux pour la sant\u00e9. A consommer avec mod\u00e9ration. <\/span><\/p>\n<p><span style=\"font-size: large;\">Vous vous souvenez, votre adresse&nbsp;? Celle tant de fois \u00e9crite manuellement ou num\u00e9riquement\u2026 Elle refl\u00e8te un petit bout de la m\u00e9moire de M\u00e9zi\u00e8res, au travers de plantations r\u00e9alis\u00e9es par les g\u00e9n\u00e9rations pr\u00e9c\u00e9dentes, au travers d\u2019anciennes activit\u00e9s rurales, au travers de l\u2019Histoire quelle soit nationale ou locale. Parfois, elle met en valeur des personnalit\u00e9s qui ont agi pour le bien commun ou qui ont combattu pour notre libert\u00e9. Le lieu, choisi avec soin &#8211; une voie de communication ou un b\u00e2timent public &#8211; est souvent symbolique&nbsp;: il associe la valeur de l\u2019individu \u00e0 ses qualit\u00e9s humaines.<\/span><\/p>\n","protected":false},"excerpt":{"rendered":"<p>L\u2019\u00e9tude des noms des rues de M\u00e9zi\u00e8res-en-Brenne, r\u00e9alis\u00e9e par l\u2019Association Culturelle Mac\u00e9rienne, s\u2019ach\u00e8ve avec ce cinqui\u00e8me volet. Elle permet aux habitants de disposer d\u2019informations sur l\u2019origine des noms\u00a0 class\u00e9s par ordre alphab\u00e9tique. Pour rappel, le pr\u00e9sent article qui concerne le nom des art\u00e8res, compris entre \u00ab&nbsp;la rue de l\u2019Ouest&nbsp;\u00bb et \u00ab&nbsp;la rue de Watou&nbsp;\u00bb, prolonge&hellip;&nbsp;<a href=\"https:\/\/www.brenne-au-coeur.com\/index.php\/2026\/04\/22\/origine-des-noms-de-rues\/communes\/mezieres-en-brenne\/7627\/\" rel=\"bookmark\">Lire la suite&nbsp;&raquo;<span class=\"screen-reader-text\">Origine des noms de rues<\/span><\/a><\/p>\n","protected":false},"author":2,"featured_media":7628,"comment_status":"open","ping_status":"open","sticky":false,"template":"","format":"standard","meta":{"rop_custom_images_group":[],"rop_custom_messages_group":[],"rop_publish_now":"initial","rop_publish_now_accounts":[],"rop_publish_now_history":[],"rop_publish_now_status":"pending","_monsterinsights_skip_tracking":false,"_monsterinsights_sitenote_active":false,"_monsterinsights_sitenote_note":"","_monsterinsights_sitenote_category":0,"neve_meta_sidebar":"","neve_meta_container":"","neve_meta_enable_content_width":"off","neve_meta_content_width":70,"neve_meta_title_alignment":"","neve_meta_author_avatar":"","neve_post_elements_order":"","neve_meta_disable_header":"","neve_meta_disable_footer":"","neve_meta_disable_title":"","_jetpack_memberships_contains_paid_content":false,"footnotes":"","jetpack_publicize_message":"","jetpack_publicize_feature_enabled":true,"jetpack_social_post_already_shared":true,"jetpack_social_options":{"image_generator_settings":{"template":"highway","default_image_id":0,"font":"","enabled":false},"version":2}},"categories":[12],"tags":[31,49],"class_list":["post-7627","post","type-post","status-publish","format-standard","has-post-thumbnail","hentry","category-mezieres-en-brenne","tag-associations","tag-histoire"],"aioseo_notices":[],"jetpack_publicize_connections":[],"jetpack_featured_media_url":"https:\/\/www.brenne-au-coeur.com\/wp-content\/uploads\/2026\/04\/Source-comite-de-jumelage.jpg","jetpack-related-posts":[],"jetpack_sharing_enabled":true,"_links":{"self":[{"href":"https:\/\/www.brenne-au-coeur.com\/index.php\/wp-json\/wp\/v2\/posts\/7627","targetHints":{"allow":["GET"]}}],"collection":[{"href":"https:\/\/www.brenne-au-coeur.com\/index.php\/wp-json\/wp\/v2\/posts"}],"about":[{"href":"https:\/\/www.brenne-au-coeur.com\/index.php\/wp-json\/wp\/v2\/types\/post"}],"author":[{"embeddable":true,"href":"https:\/\/www.brenne-au-coeur.com\/index.php\/wp-json\/wp\/v2\/users\/2"}],"replies":[{"embeddable":true,"href":"https:\/\/www.brenne-au-coeur.com\/index.php\/wp-json\/wp\/v2\/comments?post=7627"}],"version-history":[{"count":2,"href":"https:\/\/www.brenne-au-coeur.com\/index.php\/wp-json\/wp\/v2\/posts\/7627\/revisions"}],"predecessor-version":[{"id":7634,"href":"https:\/\/www.brenne-au-coeur.com\/index.php\/wp-json\/wp\/v2\/posts\/7627\/revisions\/7634"}],"wp:featuredmedia":[{"embeddable":true,"href":"https:\/\/www.brenne-au-coeur.com\/index.php\/wp-json\/wp\/v2\/media\/7628"}],"wp:attachment":[{"href":"https:\/\/www.brenne-au-coeur.com\/index.php\/wp-json\/wp\/v2\/media?parent=7627"}],"wp:term":[{"taxonomy":"category","embeddable":true,"href":"https:\/\/www.brenne-au-coeur.com\/index.php\/wp-json\/wp\/v2\/categories?post=7627"},{"taxonomy":"post_tag","embeddable":true,"href":"https:\/\/www.brenne-au-coeur.com\/index.php\/wp-json\/wp\/v2\/tags?post=7627"}],"curies":[{"name":"wp","href":"https:\/\/api.w.org\/{rel}","templated":true}]}}