{"id":7625,"date":"2026-04-22T12:09:16","date_gmt":"2026-04-22T10:09:16","guid":{"rendered":"https:\/\/www.brenne-au-coeur.com\/?p=7625"},"modified":"2026-04-22T12:09:16","modified_gmt":"2026-04-22T10:09:16","slug":"festival-daccordeon","status":"publish","type":"post","link":"https:\/\/www.brenne-au-coeur.com\/index.php\/2026\/04\/22\/festival-daccordeon\/breves\/7625\/","title":{"rendered":"Festival d&rsquo;accord\u00e9on"},"content":{"rendered":"<p><span style=\"font-size: large;\">Vendredi 08 mai 2026 \u00e0 12h00. Aire du champ de foire \u00e0 Pouligny-Saint-Pierre. Organisateur&nbsp;: Fontgombault en f\u00eate. Pr\u00e9sence de 3 groupes: l&rsquo;orchestre Quentin Laroche, Manu Blanchet et S\u00e9bastien Perrin. Repas dansant \u00e0 partir de midi et assiette anglaise le soir.<\/span><\/p>\n<p><span style=\"font-size: large;\">R\u00e9servation pour les repas. Possibilit\u00e9 de venir \u00e0 partir de 14h30 pour l&rsquo;apr\u00e8s-midi seulement.<\/span><\/p>\n<p><span style=\"font-size: large;\">Adulte plein tarif apr\u00e8s-midi + collation&nbsp;: 15 \u20ac<\/span><\/p>\n<p><span style=\"font-size: large;\">Adulte plein tarif d\u00e9jeuner +bal&nbsp;: 30 \u20ac<\/span><\/p>\n<p><span style=\"font-size: large;\">Adulte plein tarif journ\u00e9e compl\u00e8te (dej, bal , soir)&nbsp;: 40 \u20ac<\/span><\/p>\n<p><span style=\"font-size: large;\">Autre tarif assiette anglaise du soir&nbsp;: 12 \u20ac<\/span><\/p>\n<p><span style=\"font-size: large;\">Renseignements \/ R\u00e9servation\u00a0: 06 79 39 33 22 \/ 06 71 66 79 85<\/span><\/p>\n<p><span style=\"font-size: large;\">fontgombaultenfete@gmail.com<\/span><\/p>\n","protected":false},"excerpt":{"rendered":"<p>Vendredi 08 mai 2026 \u00e0 12h00. Aire du champ de foire \u00e0 Pouligny-Saint-Pierre. Organisateur&nbsp;: Fontgombault en f\u00eate. Pr\u00e9sence de 3 groupes: l&rsquo;orchestre Quentin Laroche, Manu Blanchet et S\u00e9bastien Perrin. Repas dansant \u00e0 partir de midi et assiette anglaise le soir. R\u00e9servation pour les repas. Possibilit\u00e9 de venir \u00e0 partir de 14h30 pour l&rsquo;apr\u00e8s-midi seulement. Adulte&hellip;&nbsp;<a href=\"https:\/\/www.brenne-au-coeur.com\/index.php\/2026\/04\/22\/festival-daccordeon\/breves\/7625\/\" rel=\"bookmark\">Lire la suite&nbsp;&raquo;<span class=\"screen-reader-text\">Festival d&rsquo;accord\u00e9on<\/span><\/a><\/p>\n","protected":false},"author":1,"featured_media":0,"comment_status":"open","ping_status":"open","sticky":false,"template":"","format":"standard","meta":{"rop_custom_images_group":[],"rop_custom_messages_group":[],"rop_publish_now":"initial","rop_publish_now_accounts":[],"rop_publish_now_history":[],"rop_publish_now_status":"pending","_monsterinsights_skip_tracking":false,"_monsterinsights_sitenote_active":false,"_monsterinsights_sitenote_note":"","_monsterinsights_sitenote_category":0,"neve_meta_sidebar":"","neve_meta_container":"","neve_meta_enable_content_width":"off","neve_meta_content_width":70,"neve_meta_title_alignment":"","neve_meta_author_avatar":"","neve_post_elements_order":"","neve_meta_disable_header":"","neve_meta_disable_footer":"","neve_meta_disable_title":"","_jetpack_memberships_contains_paid_content":false,"footnotes":"","jetpack_publicize_message":"","jetpack_publicize_feature_enabled":true,"jetpack_social_post_already_shared":true,"jetpack_social_options":{"image_generator_settings":{"template":"highway","default_image_id":0,"font":"","enabled":false},"version":2}},"categories":[124],"tags":[],"class_list":["post-7625","post","type-post","status-publish","format-standard","hentry","category-breves"],"aioseo_notices":[],"jetpack_publicize_connections":[],"jetpack_featured_media_url":"","jetpack-related-posts":[],"jetpack_sharing_enabled":true,"_links":{"self":[{"href":"https:\/\/www.brenne-au-coeur.com\/index.php\/wp-json\/wp\/v2\/posts\/7625","targetHints":{"allow":["GET"]}}],"collection":[{"href":"https:\/\/www.brenne-au-coeur.com\/index.php\/wp-json\/wp\/v2\/posts"}],"about":[{"href":"https:\/\/www.brenne-au-coeur.com\/index.php\/wp-json\/wp\/v2\/types\/post"}],"author":[{"embeddable":true,"href":"https:\/\/www.brenne-au-coeur.com\/index.php\/wp-json\/wp\/v2\/users\/1"}],"replies":[{"embeddable":true,"href":"https:\/\/www.brenne-au-coeur.com\/index.php\/wp-json\/wp\/v2\/comments?post=7625"}],"version-history":[{"count":1,"href":"https:\/\/www.brenne-au-coeur.com\/index.php\/wp-json\/wp\/v2\/posts\/7625\/revisions"}],"predecessor-version":[{"id":7626,"href":"https:\/\/www.brenne-au-coeur.com\/index.php\/wp-json\/wp\/v2\/posts\/7625\/revisions\/7626"}],"wp:attachment":[{"href":"https:\/\/www.brenne-au-coeur.com\/index.php\/wp-json\/wp\/v2\/media?parent=7625"}],"wp:term":[{"taxonomy":"category","embeddable":true,"href":"https:\/\/www.brenne-au-coeur.com\/index.php\/wp-json\/wp\/v2\/categories?post=7625"},{"taxonomy":"post_tag","embeddable":true,"href":"https:\/\/www.brenne-au-coeur.com\/index.php\/wp-json\/wp\/v2\/tags?post=7625"}],"curies":[{"name":"wp","href":"https:\/\/api.w.org\/{rel}","templated":true}]}}