{"id":7623,"date":"2026-04-20T10:26:06","date_gmt":"2026-04-20T08:26:06","guid":{"rendered":"https:\/\/www.brenne-au-coeur.com\/?p=7623"},"modified":"2026-04-20T10:26:06","modified_gmt":"2026-04-20T08:26:06","slug":"concerts-au-jardin","status":"publish","type":"post","link":"https:\/\/www.brenne-au-coeur.com\/index.php\/2026\/04\/20\/concerts-au-jardin\/breves\/7623\/","title":{"rendered":"Concerts au jardin"},"content":{"rendered":"<p><span style=\"font-size: large;\">Samedi 02 mai 2026 \u00e0 15h00, au Jardin du Beau,1 Le Beau \u00e0 Chaillac. Organisateur&nbsp;:<\/span><\/p>\n<p><span style=\"font-size: large;\">Recherche \u00c9ducative L\u00e9gumi\u00e8re par l &lsquo;Action, l&rsquo;Insertion et le Social. (R.E.L.A.I.S). Fid\u00e8le \u00e0 ses valeurs sociales, le jardin agit depuis un quart de si\u00e8cle pour offrir des moments hors du temps et loin des villes tentaculaires. Afin de c\u00e9l\u00e9brer cette long\u00e9vit\u00e9 R.E.L.A.I.S. vous concocte une soir\u00e9e tr\u00e8s sp\u00e9ciale&nbsp;: kermesse et go\u00fbter \u00e0 partager d\u00e8s 15h puis des concerts&nbsp;: Sambataclan \u00e0 16h30 et 18h30 puis Morte Swamp \u00e0 19h. Ap\u00e9ro surprise.<\/span><\/p>\n<p><span style=\"font-size: large;\">R\u00e9servation souhait\u00e9e. <\/span><\/p>\n<p><span style=\"font-size: large;\">Adulte plein tarif&nbsp;: 5 \u20ac<\/span><\/p>\n<p><span style=\"font-size: large;\">Renseignements \/ R\u00e9servation\u00a0: 02 54 25 70 41 yoyo@asso-relais.com<\/span><\/p>\n","protected":false},"excerpt":{"rendered":"<p>Samedi 02 mai 2026 \u00e0 15h00, au Jardin du Beau,1 Le Beau \u00e0 Chaillac. Organisateur&nbsp;: Recherche \u00c9ducative L\u00e9gumi\u00e8re par l &lsquo;Action, l&rsquo;Insertion et le Social. (R.E.L.A.I.S). Fid\u00e8le \u00e0 ses valeurs sociales, le jardin agit depuis un quart de si\u00e8cle pour offrir des moments hors du temps et loin des villes tentaculaires. Afin de c\u00e9l\u00e9brer cette&hellip;&nbsp;<a href=\"https:\/\/www.brenne-au-coeur.com\/index.php\/2026\/04\/20\/concerts-au-jardin\/breves\/7623\/\" rel=\"bookmark\">Lire la suite&nbsp;&raquo;<span class=\"screen-reader-text\">Concerts au jardin<\/span><\/a><\/p>\n","protected":false},"author":1,"featured_media":0,"comment_status":"open","ping_status":"open","sticky":false,"template":"","format":"standard","meta":{"rop_custom_images_group":[],"rop_custom_messages_group":[],"rop_publish_now":"initial","rop_publish_now_accounts":[],"rop_publish_now_history":[],"rop_publish_now_status":"pending","_monsterinsights_skip_tracking":false,"_monsterinsights_sitenote_active":false,"_monsterinsights_sitenote_note":"","_monsterinsights_sitenote_category":0,"neve_meta_sidebar":"","neve_meta_container":"","neve_meta_enable_content_width":"off","neve_meta_content_width":70,"neve_meta_title_alignment":"","neve_meta_author_avatar":"","neve_post_elements_order":"","neve_meta_disable_header":"","neve_meta_disable_footer":"","neve_meta_disable_title":"","_jetpack_memberships_contains_paid_content":false,"footnotes":"","jetpack_publicize_message":"","jetpack_publicize_feature_enabled":true,"jetpack_social_post_already_shared":true,"jetpack_social_options":{"image_generator_settings":{"template":"highway","default_image_id":0,"font":"","enabled":false},"version":2}},"categories":[124],"tags":[],"class_list":["post-7623","post","type-post","status-publish","format-standard","hentry","category-breves"],"aioseo_notices":[],"jetpack_publicize_connections":[],"jetpack_featured_media_url":"","jetpack-related-posts":[],"jetpack_sharing_enabled":true,"_links":{"self":[{"href":"https:\/\/www.brenne-au-coeur.com\/index.php\/wp-json\/wp\/v2\/posts\/7623","targetHints":{"allow":["GET"]}}],"collection":[{"href":"https:\/\/www.brenne-au-coeur.com\/index.php\/wp-json\/wp\/v2\/posts"}],"about":[{"href":"https:\/\/www.brenne-au-coeur.com\/index.php\/wp-json\/wp\/v2\/types\/post"}],"author":[{"embeddable":true,"href":"https:\/\/www.brenne-au-coeur.com\/index.php\/wp-json\/wp\/v2\/users\/1"}],"replies":[{"embeddable":true,"href":"https:\/\/www.brenne-au-coeur.com\/index.php\/wp-json\/wp\/v2\/comments?post=7623"}],"version-history":[{"count":1,"href":"https:\/\/www.brenne-au-coeur.com\/index.php\/wp-json\/wp\/v2\/posts\/7623\/revisions"}],"predecessor-version":[{"id":7624,"href":"https:\/\/www.brenne-au-coeur.com\/index.php\/wp-json\/wp\/v2\/posts\/7623\/revisions\/7624"}],"wp:attachment":[{"href":"https:\/\/www.brenne-au-coeur.com\/index.php\/wp-json\/wp\/v2\/media?parent=7623"}],"wp:term":[{"taxonomy":"category","embeddable":true,"href":"https:\/\/www.brenne-au-coeur.com\/index.php\/wp-json\/wp\/v2\/categories?post=7623"},{"taxonomy":"post_tag","embeddable":true,"href":"https:\/\/www.brenne-au-coeur.com\/index.php\/wp-json\/wp\/v2\/tags?post=7623"}],"curies":[{"name":"wp","href":"https:\/\/api.w.org\/{rel}","templated":true}]}}