{"id":7608,"date":"2026-04-09T17:38:44","date_gmt":"2026-04-09T15:38:44","guid":{"rendered":"https:\/\/www.brenne-au-coeur.com\/?p=7608"},"modified":"2026-04-09T17:48:36","modified_gmt":"2026-04-09T15:48:36","slug":"le-monde-dana-delaperriere","status":"publish","type":"post","link":"https:\/\/www.brenne-au-coeur.com\/index.php\/2026\/04\/09\/le-monde-dana-delaperriere\/le-blanc\/7608\/","title":{"rendered":"Le monde d\u2019Ana Delaperri\u00e8re"},"content":{"rendered":"<p>&nbsp;<\/p>\n<p><span style=\"font-size: large;\"><a href=\"https:\/\/www.brenne-au-coeur.com\/wp-content\/uploads\/2026\/04\/Ana-delaperriere.png\" rel=\"lightbox[7608]\"><img loading=\"lazy\" decoding=\"async\" class=\"alignleft wp-image-7609 size-full\" src=\"https:\/\/www.brenne-au-coeur.com\/wp-content\/uploads\/2026\/04\/Ana-delaperriere.png\" alt=\"\" width=\"284\" height=\"213\" srcset=\"https:\/\/www.brenne-au-coeur.com\/wp-content\/uploads\/2026\/04\/Ana-delaperriere.png 284w, https:\/\/www.brenne-au-coeur.com\/wp-content\/uploads\/2026\/04\/Ana-delaperriere-150x113.png 150w\" sizes=\"auto, (max-width: 284px) 100vw, 284px\" \/><\/a>Vendredi 24 avril \u00e0 20h30, 81 rue de la R\u00e9publique, au Blanc, concert piano-voix de Ana Delaperri\u00e8re. A travers son piano, les chansons, les po\u00e8mes et les slams, Ana raconte les histoires de personnes qu&rsquo;elle a rencontr\u00e9es et qui l\u2019ont marqu\u00e9es, des histoires de tous les \u00e2ges et de tous les temps. Des histoires dans lesquelles on se reconnait, des qui nous font r\u00eaver et d\u2019autres qui nous ram\u00e8nent \u00e0 l\u2019instant pr\u00e9sent, comme une m\u00e9ditation. A travers ses chansons, elle propose une balade de \u00ab&nbsp;moments de vie&nbsp;\u00bb sur lesquels elle pose son regard le temps d\u2019un instant, au coin d\u2019une rue, dans l\u2019antre d\u2019un bar ou encore dans un jardin en fleurs un jour d\u2019\u00e9t\u00e9. Comme une exposition de tableaux sonores qui parle de tout et de rien, qui transporte dans l\u2019imaginaire.<\/span><\/p>\n<p><span style=\"font-size: large;\">Ouverture \u00e0 partir de 18h. Petite restauration possible. D\u00e9but du concert 20h30. C&rsquo;est juste \u00e0 c\u00f4t\u00e9 de la coop\u00e9rative bio Gaya&#8230; Les meilleures places aux premiers arriv\u00e9s.<\/span><\/p>\n<p><span style=\"font-size: large;\">Acc\u00e8s gratuit<\/span><\/p>\n<p><span style=\"font-size: large;\">Renseignements 06 31 06 84 78 lesilo@biogaya.fr Facebook<\/span><\/p>\n","protected":false},"excerpt":{"rendered":"<p>&nbsp; Vendredi 24 avril \u00e0 20h30, 81 rue de la R\u00e9publique, au Blanc, concert piano-voix de Ana Delaperri\u00e8re. A travers son piano, les chansons, les po\u00e8mes et les slams, Ana raconte les histoires de personnes qu&rsquo;elle a rencontr\u00e9es et qui l\u2019ont marqu\u00e9es, des histoires de tous les \u00e2ges et de tous les temps. Des histoires&hellip;&nbsp;<a href=\"https:\/\/www.brenne-au-coeur.com\/index.php\/2026\/04\/09\/le-monde-dana-delaperriere\/le-blanc\/7608\/\" rel=\"bookmark\">Lire la suite&nbsp;&raquo;<span class=\"screen-reader-text\">Le monde d\u2019Ana Delaperri\u00e8re<\/span><\/a><\/p>\n","protected":false},"author":1,"featured_media":7609,"comment_status":"open","ping_status":"open","sticky":false,"template":"","format":"standard","meta":{"rop_custom_images_group":[],"rop_custom_messages_group":[],"rop_publish_now":"initial","rop_publish_now_accounts":[],"rop_publish_now_history":[],"rop_publish_now_status":"pending","_monsterinsights_skip_tracking":false,"_monsterinsights_sitenote_active":false,"_monsterinsights_sitenote_note":"","_monsterinsights_sitenote_category":0,"neve_meta_sidebar":"","neve_meta_container":"","neve_meta_enable_content_width":"off","neve_meta_content_width":70,"neve_meta_title_alignment":"","neve_meta_author_avatar":"","neve_post_elements_order":"","neve_meta_disable_header":"","neve_meta_disable_footer":"","neve_meta_disable_title":"","_jetpack_memberships_contains_paid_content":false,"footnotes":"","jetpack_publicize_message":"","jetpack_publicize_feature_enabled":true,"jetpack_social_post_already_shared":true,"jetpack_social_options":{"image_generator_settings":{"template":"highway","default_image_id":0,"font":"","enabled":false},"version":2}},"categories":[101],"tags":[104,64],"class_list":["post-7608","post","type-post","status-publish","format-standard","has-post-thumbnail","hentry","category-le-blanc","tag-chansons","tag-concert"],"aioseo_notices":[],"jetpack_publicize_connections":[],"jetpack_featured_media_url":"https:\/\/www.brenne-au-coeur.com\/wp-content\/uploads\/2026\/04\/Ana-delaperriere.png","jetpack-related-posts":[],"jetpack_sharing_enabled":true,"_links":{"self":[{"href":"https:\/\/www.brenne-au-coeur.com\/index.php\/wp-json\/wp\/v2\/posts\/7608","targetHints":{"allow":["GET"]}}],"collection":[{"href":"https:\/\/www.brenne-au-coeur.com\/index.php\/wp-json\/wp\/v2\/posts"}],"about":[{"href":"https:\/\/www.brenne-au-coeur.com\/index.php\/wp-json\/wp\/v2\/types\/post"}],"author":[{"embeddable":true,"href":"https:\/\/www.brenne-au-coeur.com\/index.php\/wp-json\/wp\/v2\/users\/1"}],"replies":[{"embeddable":true,"href":"https:\/\/www.brenne-au-coeur.com\/index.php\/wp-json\/wp\/v2\/comments?post=7608"}],"version-history":[{"count":4,"href":"https:\/\/www.brenne-au-coeur.com\/index.php\/wp-json\/wp\/v2\/posts\/7608\/revisions"}],"predecessor-version":[{"id":7613,"href":"https:\/\/www.brenne-au-coeur.com\/index.php\/wp-json\/wp\/v2\/posts\/7608\/revisions\/7613"}],"wp:featuredmedia":[{"embeddable":true,"href":"https:\/\/www.brenne-au-coeur.com\/index.php\/wp-json\/wp\/v2\/media\/7609"}],"wp:attachment":[{"href":"https:\/\/www.brenne-au-coeur.com\/index.php\/wp-json\/wp\/v2\/media?parent=7608"}],"wp:term":[{"taxonomy":"category","embeddable":true,"href":"https:\/\/www.brenne-au-coeur.com\/index.php\/wp-json\/wp\/v2\/categories?post=7608"},{"taxonomy":"post_tag","embeddable":true,"href":"https:\/\/www.brenne-au-coeur.com\/index.php\/wp-json\/wp\/v2\/tags?post=7608"}],"curies":[{"name":"wp","href":"https:\/\/api.w.org\/{rel}","templated":true}]}}