{"id":7603,"date":"2026-04-09T17:14:25","date_gmt":"2026-04-09T15:14:25","guid":{"rendered":"https:\/\/www.brenne-au-coeur.com\/?p=7603"},"modified":"2026-04-09T17:14:25","modified_gmt":"2026-04-09T15:14:25","slug":"les-arbres-en-rimes","status":"publish","type":"post","link":"https:\/\/www.brenne-au-coeur.com\/index.php\/2026\/04\/09\/les-arbres-en-rimes\/communes\/azay-le-ferron-communes\/7603\/","title":{"rendered":"Les arbres en rimes"},"content":{"rendered":"<figure id=\"attachment_7605\" aria-describedby=\"caption-attachment-7605\" style=\"width: 145px\" class=\"wp-caption alignleft\"><a href=\"https:\/\/www.brenne-au-coeur.com\/wp-content\/uploads\/2026\/04\/IMASANGO_Editions_Bruno_Doucey.webp\"><img loading=\"lazy\" decoding=\"async\" class=\"wp-image-7605\" src=\"https:\/\/www.brenne-au-coeur.com\/wp-content\/uploads\/2026\/04\/IMASANGO_Editions_Bruno_Doucey-199x300.webp\" alt=\"\" width=\"145\" height=\"219\" srcset=\"https:\/\/www.brenne-au-coeur.com\/wp-content\/uploads\/2026\/04\/IMASANGO_Editions_Bruno_Doucey-199x300.webp 199w, https:\/\/www.brenne-au-coeur.com\/wp-content\/uploads\/2026\/04\/IMASANGO_Editions_Bruno_Doucey-100x150.webp 100w, https:\/\/www.brenne-au-coeur.com\/wp-content\/uploads\/2026\/04\/IMASANGO_Editions_Bruno_Doucey.webp 420w\" sizes=\"auto, (max-width: 145px) 100vw, 145px\" \/><\/a><figcaption id=\"caption-attachment-7605\" class=\"wp-caption-text\">Imasango, po\u00e9tesse de Nouvelle-Cal\u00e9donie<\/figcaption><\/figure>\n<p><span style=\"font-size: large;\">Vendredi 24 avril \u00e0 17 h 30, la m\u00e9diath\u00e8que d\u2019Azay-le-Ferron rendra un bel hommage aux arbres, c\u00e9l\u00e9br\u00e9s en po\u00e9sie. Roger Houlet y dira plusieurs dizaines de textes, dont certains mis en musique par ses soins.<\/span><\/p>\n<p><span style=\"font-size: large;\">\u00ab&nbsp;Je constate que je fais partie de la g\u00e9n\u00e9ration qui a beaucoup ab\u00eem\u00e9 la nature&nbsp;\u00bb, regrette-t-il. Il a donc d\u00e9cid\u00e9 d\u2019agir \u00e0 sa mani\u00e8re pour rappeler l\u2019importance de sa pr\u00e9servation. Amoureux de po\u00e9sie, il a choisi d\u2019interpr\u00e9ter des \u0153uvres consacr\u00e9es \u00e0 ce th\u00e8me, m\u00ealant auteurs connus et moins connus.<\/span><\/p>\n<p><span style=\"font-size: large;\">Le public pourra ainsi entendre Le Grand Ch\u00eane de Brassens, mais aussi Les Sapins d\u2019Apollinaire ou L\u2019Heure exquise de Verlaine, ainsi que des po\u00e8mes de la po\u00e9tesse Imasango ou du castelroussin Gabriel Nigond.<\/span><\/p>\n<figure id=\"attachment_7604\" aria-describedby=\"caption-attachment-7604\" style=\"width: 193px\" class=\"wp-caption alignright\"><a href=\"https:\/\/www.brenne-au-coeur.com\/wp-content\/uploads\/2026\/04\/appolinaire.jpeg\" rel=\"lightbox[7603]\"><img loading=\"lazy\" decoding=\"async\" class=\"wp-image-7604 size-full\" src=\"https:\/\/www.brenne-au-coeur.com\/wp-content\/uploads\/2026\/04\/appolinaire.jpeg\" alt=\"\" width=\"193\" height=\"261\" srcset=\"https:\/\/www.brenne-au-coeur.com\/wp-content\/uploads\/2026\/04\/appolinaire.jpeg 193w, https:\/\/www.brenne-au-coeur.com\/wp-content\/uploads\/2026\/04\/appolinaire-111x150.jpeg 111w\" sizes=\"auto, (max-width: 193px) 100vw, 193px\" \/><\/a><figcaption id=\"caption-attachment-7604\" class=\"wp-caption-text\">Guillaume Appolinaire<\/figcaption><\/figure>\n<p><span style=\"font-size: large;\">Ce rendez-vous po\u00e9tique sera \u00e9galement l\u2019occasion pour Roger Houlet de remettre \u00e0 la commune d\u2019Azay une centaine de livres issus de sa collection personnelle. Les po\u00e8tes \u00e9trangers y occuperont une place importante. \u00ab&nbsp;J\u2019ai pris l\u2019habitude de me procurer des ouvrages de po\u00e8tes dans les pays que je visitais. Cela me semblait \u00eatre une bonne mani\u00e8re de d\u00e9couvrir leur culture&nbsp;\u00bb, explique-t-il.<\/span><\/p>\n<p><span style=\"font-size: large;\">Une belle soir\u00e9e en perspective pour c\u00e9l\u00e9brer un \u00e9l\u00e9ment essentiel de la vie sur Terre.<\/span><\/p>\n","protected":false},"excerpt":{"rendered":"<p>Vendredi 24 avril \u00e0 17 h 30, la m\u00e9diath\u00e8que d\u2019Azay-le-Ferron rendra un bel hommage aux arbres, c\u00e9l\u00e9br\u00e9s en po\u00e9sie. Roger Houlet y dira plusieurs dizaines de textes, dont certains mis en musique par ses soins. \u00ab&nbsp;Je constate que je fais partie de la g\u00e9n\u00e9ration qui a beaucoup ab\u00eem\u00e9 la nature&nbsp;\u00bb, regrette-t-il. Il a donc d\u00e9cid\u00e9&hellip;&nbsp;<a href=\"https:\/\/www.brenne-au-coeur.com\/index.php\/2026\/04\/09\/les-arbres-en-rimes\/communes\/azay-le-ferron-communes\/7603\/\" rel=\"bookmark\">Lire la suite&nbsp;&raquo;<span class=\"screen-reader-text\">Les arbres en rimes<\/span><\/a><\/p>\n","protected":false},"author":1,"featured_media":7606,"comment_status":"open","ping_status":"open","sticky":false,"template":"","format":"standard","meta":{"rop_custom_images_group":[],"rop_custom_messages_group":[],"rop_publish_now":"initial","rop_publish_now_accounts":[],"rop_publish_now_history":[],"rop_publish_now_status":"pending","_monsterinsights_skip_tracking":false,"_monsterinsights_sitenote_active":false,"_monsterinsights_sitenote_note":"","_monsterinsights_sitenote_category":0,"neve_meta_sidebar":"","neve_meta_container":"","neve_meta_enable_content_width":"off","neve_meta_content_width":70,"neve_meta_title_alignment":"","neve_meta_author_avatar":"","neve_post_elements_order":"","neve_meta_disable_header":"","neve_meta_disable_footer":"","neve_meta_disable_title":"","_jetpack_memberships_contains_paid_content":false,"footnotes":"","jetpack_publicize_message":"","jetpack_publicize_feature_enabled":true,"jetpack_social_post_already_shared":true,"jetpack_social_options":{"image_generator_settings":{"template":"highway","default_image_id":0,"font":"","enabled":false},"version":2}},"categories":[10,59],"tags":[61],"class_list":["post-7603","post","type-post","status-publish","format-standard","has-post-thumbnail","hentry","category-azay-le-ferron-communes","category-mediatheque","tag-poesie"],"aioseo_notices":[],"jetpack_publicize_connections":[],"jetpack_featured_media_url":"https:\/\/www.brenne-au-coeur.com\/wp-content\/uploads\/2026\/04\/les-arbres.jpeg","jetpack-related-posts":[],"jetpack_sharing_enabled":true,"_links":{"self":[{"href":"https:\/\/www.brenne-au-coeur.com\/index.php\/wp-json\/wp\/v2\/posts\/7603","targetHints":{"allow":["GET"]}}],"collection":[{"href":"https:\/\/www.brenne-au-coeur.com\/index.php\/wp-json\/wp\/v2\/posts"}],"about":[{"href":"https:\/\/www.brenne-au-coeur.com\/index.php\/wp-json\/wp\/v2\/types\/post"}],"author":[{"embeddable":true,"href":"https:\/\/www.brenne-au-coeur.com\/index.php\/wp-json\/wp\/v2\/users\/1"}],"replies":[{"embeddable":true,"href":"https:\/\/www.brenne-au-coeur.com\/index.php\/wp-json\/wp\/v2\/comments?post=7603"}],"version-history":[{"count":1,"href":"https:\/\/www.brenne-au-coeur.com\/index.php\/wp-json\/wp\/v2\/posts\/7603\/revisions"}],"predecessor-version":[{"id":7607,"href":"https:\/\/www.brenne-au-coeur.com\/index.php\/wp-json\/wp\/v2\/posts\/7603\/revisions\/7607"}],"wp:featuredmedia":[{"embeddable":true,"href":"https:\/\/www.brenne-au-coeur.com\/index.php\/wp-json\/wp\/v2\/media\/7606"}],"wp:attachment":[{"href":"https:\/\/www.brenne-au-coeur.com\/index.php\/wp-json\/wp\/v2\/media?parent=7603"}],"wp:term":[{"taxonomy":"category","embeddable":true,"href":"https:\/\/www.brenne-au-coeur.com\/index.php\/wp-json\/wp\/v2\/categories?post=7603"},{"taxonomy":"post_tag","embeddable":true,"href":"https:\/\/www.brenne-au-coeur.com\/index.php\/wp-json\/wp\/v2\/tags?post=7603"}],"curies":[{"name":"wp","href":"https:\/\/api.w.org\/{rel}","templated":true}]}}