{"id":7594,"date":"2026-04-08T18:21:59","date_gmt":"2026-04-08T16:21:59","guid":{"rendered":"https:\/\/www.brenne-au-coeur.com\/?p=7594"},"modified":"2026-04-08T18:21:59","modified_gmt":"2026-04-08T16:21:59","slug":"des-noms-des-rues-des-histoires","status":"publish","type":"post","link":"https:\/\/www.brenne-au-coeur.com\/index.php\/2026\/04\/08\/des-noms-des-rues-des-histoires\/communes\/mezieres-en-brenne\/7594\/","title":{"rendered":"Des noms, des rues, des histoires"},"content":{"rendered":"<p><span style=\"font-size: large;\">Quatri\u00e8me chapitre consacr\u00e9 \u00e0 la toponymie des rues de M\u00e9zi\u00e8res. Propos\u00e9 par l&rsquo;Association Culturelle Mac\u00e9rienne, le voyage au c\u0153ur du bourg se poursuit.<\/span><\/p>\n<figure id=\"attachment_7601\" aria-describedby=\"caption-attachment-7601\" style=\"width: 224px\" class=\"wp-caption alignright\"><a href=\"https:\/\/www.brenne-au-coeur.com\/wp-content\/uploads\/2026\/04\/Leon-Boussard-Indre-actualite-n\u00b0-21-03-1982-P-45-Copie.jpg\" rel=\"lightbox[7594]\"><img loading=\"lazy\" decoding=\"async\" class=\"wp-image-7601\" src=\"https:\/\/www.brenne-au-coeur.com\/wp-content\/uploads\/2026\/04\/Leon-Boussard-Indre-actualite-n\u00b0-21-03-1982-P-45-Copie-264x300.jpg\" alt=\"\" width=\"224\" height=\"255\" srcset=\"https:\/\/www.brenne-au-coeur.com\/wp-content\/uploads\/2026\/04\/Leon-Boussard-Indre-actualite-n\u00b0-21-03-1982-P-45-Copie-264x300.jpg 264w, https:\/\/www.brenne-au-coeur.com\/wp-content\/uploads\/2026\/04\/Leon-Boussard-Indre-actualite-n\u00b0-21-03-1982-P-45-Copie-902x1024.jpg 902w, https:\/\/www.brenne-au-coeur.com\/wp-content\/uploads\/2026\/04\/Leon-Boussard-Indre-actualite-n\u00b0-21-03-1982-P-45-Copie-132x150.jpg 132w, https:\/\/www.brenne-au-coeur.com\/wp-content\/uploads\/2026\/04\/Leon-Boussard-Indre-actualite-n\u00b0-21-03-1982-P-45-Copie-768x872.jpg 768w, https:\/\/www.brenne-au-coeur.com\/wp-content\/uploads\/2026\/04\/Leon-Boussard-Indre-actualite-n\u00b0-21-03-1982-P-45-Copie.jpg 1275w\" sizes=\"auto, (max-width: 224px) 100vw, 224px\" \/><\/a><figcaption id=\"caption-attachment-7601\" class=\"wp-caption-text\">L\u00e9on Boussard.Indre actualit\u00e9<\/figcaption><\/figure>\n<p><span style=\"font-size: large;\"><b>Rue de la Lanterne<\/b>&nbsp;: peut-\u00eatre appel\u00e9e \u00ab&nbsp;rue de l\u2019\u00e9glise au moulin banal&nbsp;\u00bb vers 1598, le cadastre napol\u00e9onien la d\u00e9signe d\u00e9j\u00e0 ainsi en 1836. A notre connaissance, il n\u2019y a jamais eu de lanterne des morts (fanal fun\u00e9raire signalant un d\u00e9c\u00e8s en allumant une bougie port\u00e9e \u00e0 son sommet) \u00e0 M\u00e9zi\u00e8res, m\u00eame si ces \u00e9difices \u00e9taient majoritairement concentr\u00e9s dans le centre-ouest. La d\u00e9couverte d\u2019un document de r\u00e9f\u00e9rence r\u00e9soudra-elle un jour le myst\u00e8re&nbsp;?<\/span><\/p>\n<p><span style=\"font-size: large;\"><b>L\u00e9on Boussard <\/b>(1908-1984)&nbsp;: journaliste en presse \u00e9crite (Le Matin, Paris-Soir, l\u2019Intransigeant, \u2026) puis radiophonique sur la jeune Radio Monte-Carlo, il acquiert en 1962 le domaine des Chaumes, apr\u00e8s quelques ann\u00e9es pass\u00e9es \u00e0 Montr\u00e9al (Canada) comme chef du service de presse de l\u2019Organisation de l\u2019aviation civile internationale (OACI). Occup\u00e9 entre l\u2019\u00e9levage de moutons et l\u2019\u00e9criture de plusieurs romans, L\u00e9on Boussard s\u2019installe dans le fauteuil de maire du mois de mars 1971 \u00e0 1983, se partageant entre ses domiciles parisien et brennou. L\u2019attribution de son patronyme \u00e0 la biblioth\u00e8que municipale cr\u00e9\u00e9e en 1987 semblait \u00e9vidente, eu \u00e9gard aux qualit\u00e9s d\u2019homme de lettres de cet ancien premier \u00e9dile.<\/span><\/p>\n<figure id=\"attachment_7600\" aria-describedby=\"caption-attachment-7600\" style=\"width: 246px\" class=\"wp-caption alignleft\"><a href=\"https:\/\/www.brenne-au-coeur.com\/wp-content\/uploads\/2026\/04\/1936-15-03-Joseph-Boureau-augmente-IA.png\" rel=\"lightbox[7594]\"><img loading=\"lazy\" decoding=\"async\" class=\"wp-image-7600\" src=\"https:\/\/www.brenne-au-coeur.com\/wp-content\/uploads\/2026\/04\/1936-15-03-Joseph-Boureau-augmente-IA-300x300.png\" alt=\"\" width=\"246\" height=\"246\" srcset=\"https:\/\/www.brenne-au-coeur.com\/wp-content\/uploads\/2026\/04\/1936-15-03-Joseph-Boureau-augmente-IA-300x300.png 300w, https:\/\/www.brenne-au-coeur.com\/wp-content\/uploads\/2026\/04\/1936-15-03-Joseph-Boureau-augmente-IA-150x150.png 150w, https:\/\/www.brenne-au-coeur.com\/wp-content\/uploads\/2026\/04\/1936-15-03-Joseph-Boureau-augmente-IA-768x768.png 768w, https:\/\/www.brenne-au-coeur.com\/wp-content\/uploads\/2026\/04\/1936-15-03-Joseph-Boureau-augmente-IA-45x45.png 45w, https:\/\/www.brenne-au-coeur.com\/wp-content\/uploads\/2026\/04\/1936-15-03-Joseph-Boureau-augmente-IA.png 1024w\" sizes=\"auto, (max-width: 246px) 100vw, 246px\" \/><\/a><figcaption id=\"caption-attachment-7600\" class=\"wp-caption-text\">Joseph Bourreau. Augment\u00e9 IA<\/figcaption><\/figure>\n<p><span style=\"font-size: large;\"><b>Rue L\u00e9on-Joseph Bourreau<\/b>&nbsp;: ce bourrelier n\u00e9 en 1881 a \u00e9t\u00e9 \u00e9lu au conseil municipal le 5 mai 1912, \u00e0 l\u2019\u00e2ge de 31 ans. Il y demeurera jusqu\u2019\u00e0 son d\u00e9c\u00e8s en 1965, comme deuxi\u00e8me adjoint en 1944 puis premier en 1959 en ayant fait preuve d\u2019un d\u00e9vouement constant et exemplaire pour l\u2019administration de la commune. A la demande du docteur Daniel Pilorg\u00e9 en 1970, l\u2019ancienne \u00ab&nbsp;rue des Ecoles&nbsp;\u00bb changera alors de nom.<\/span><\/p>\n<p><span style=\"font-size: large;\"><b>Sentier de la Longueraie<\/b>&nbsp;: \u00e0 peine visible derri\u00e8re l\u2019\u00e9glise, ce passage pi\u00e9tonnier m\u00e8ne au canal de d\u00e9rivation de la Claise. Son intitul\u00e9, attest\u00e9 en 1939, correspond parfaitement au lieu, une r\u00e8ge ou raige ou encore raise pouvant servir de limite aux jardins ou aux vignes. On peut aussi \u00e9voquer un sentier entre les treilles.<\/span><\/p>\n<figure id=\"attachment_7597\" aria-describedby=\"caption-attachment-7597\" style=\"width: 221px\" class=\"wp-caption alignright\"><a href=\"https:\/\/www.brenne-au-coeur.com\/wp-content\/uploads\/2026\/04\/Marie-Joseph-Chartier-Copie.jpg\" rel=\"lightbox[7594]\"><img loading=\"lazy\" decoding=\"async\" class=\"wp-image-7597 size-medium\" src=\"https:\/\/www.brenne-au-coeur.com\/wp-content\/uploads\/2026\/04\/Marie-Joseph-Chartier-Copie-221x300.jpg\" alt=\"\" width=\"221\" height=\"300\" srcset=\"https:\/\/www.brenne-au-coeur.com\/wp-content\/uploads\/2026\/04\/Marie-Joseph-Chartier-Copie-221x300.jpg 221w, https:\/\/www.brenne-au-coeur.com\/wp-content\/uploads\/2026\/04\/Marie-Joseph-Chartier-Copie-110x150.jpg 110w, https:\/\/www.brenne-au-coeur.com\/wp-content\/uploads\/2026\/04\/Marie-Joseph-Chartier-Copie.jpg 587w\" sizes=\"auto, (max-width: 221px) 100vw, 221px\" \/><\/a><figcaption id=\"caption-attachment-7597\" class=\"wp-caption-text\">Marie-Joseph Chartier<\/figcaption><\/figure>\n<p><span style=\"font-size: large;\"><b>Rue de la Mairie<\/b>&nbsp;: ce chemin rural de 130 m\u00e8tres a pris le nom de la maison commune en 1946. L\u2019ancien corps de logis du ch\u00e2teau, qui a aussi h\u00e9berg\u00e9 la justice de paix, la gendarmerie et des classes d\u2019\u00e9cole de filles, a \u00e9t\u00e9 d\u00e9truit en 1928. Lors de la construction de l\u2019actuel h\u00f4tel de ville, les \u00e9lus en place ont scell\u00e9, dans le bas d\u2019un pilier, une bo\u00eete en fer contenant une photo et un proc\u00e8s-verbal. En 1899, l\u2019architecte d\u00e9partemental Henry Dauvergne avait envisag\u00e9 l\u2019\u00e9dification d\u2019un imposant b\u00e2timent qui aurait regroup\u00e9 la mairie et le groupe scolaire, ce, pour faire face \u00e0 l\u2019augmentation du nombre d\u2019\u00e9l\u00e8ves. Le projet a \u00e9t\u00e9 abandonn\u00e9 faute de moyens.<\/span><\/p>\n<p><span style=\"font-size: large;\"><b>Rue des Malfaiteurs<\/b>&nbsp;: cette ancienne impasse dans les ann\u00e9es 1950 est d\u00e9j\u00e0 identifi\u00e9e en 1840 avec cette d\u00e9nomination qui demeure une \u00e9nigme. En effet, les quelques malfaiteurs (personne qui commet des actes criminels) possiblement appr\u00e9hend\u00e9s devaient \u00eatre enferm\u00e9s dans la prison situ\u00e9e au sous-sol de l\u2019une des tours de l\u2019ancien ch\u00e2teau avant d\u2019\u00eatre transf\u00e9r\u00e9s \u00e0 la maison d\u2019arr\u00eat du Blanc. A l\u2019arri\u00e8re de cette voie, il n\u2019y avait alors que des pr\u00e9s \u2026<\/span><\/p>\n<p><span style=\"font-size: large;\"><b>Impasse Malientras<\/b>&nbsp;: ex impasse \u00ab&nbsp;de l\u2019abreuvoir&nbsp;\u00bb, ce dernier \u00e9tait situ\u00e9 derri\u00e8re l\u2019actuelle maison du 8 rue du Pont Malientras. Les animaux buvaient l\u2019eau du canal qui traverse l\u2019agglom\u00e9ration. Voir \u00e0 \u00ab&nbsp;rue du Pont Malientras&nbsp;\u00bb pour les explications compl\u00e9mentaires.<\/span><\/p>\n<p><span style=\"font-size: large;\"><b>Rue de la Mar\u00e9chalerie<\/b>&nbsp;: cette voie a \u00e9t\u00e9 perc\u00e9e \u00e0 la fin du XIXe si\u00e8cle pour mener \u00e0 la nouvelle \u00e9cole publique ouverte en 1908. Initialement \u00ab&nbsp;rue Centrale ou du Centre&nbsp;\u00bb, elle adopta la profession de Louis Doucet lorsque celui-ci s\u2019installa au n\u00b0 5. Daniel Viard, le dernier mar\u00e9chal-ferrant, y travailla jusqu\u2019en 1978 faisant r\u00e9sonner son marteau haut et fort dans la rue.<\/span><\/p>\n<figure id=\"attachment_7596\" aria-describedby=\"caption-attachment-7596\" style=\"width: 146px\" class=\"wp-caption alignleft\"><a href=\"https:\/\/www.brenne-au-coeur.com\/wp-content\/uploads\/2026\/04\/Mario-Alvarado.jpg\" rel=\"lightbox[7594]\"><img loading=\"lazy\" decoding=\"async\" class=\"wp-image-7596 size-medium\" src=\"https:\/\/www.brenne-au-coeur.com\/wp-content\/uploads\/2026\/04\/Mario-Alvarado-146x300.jpg\" alt=\"\" width=\"146\" height=\"300\" srcset=\"https:\/\/www.brenne-au-coeur.com\/wp-content\/uploads\/2026\/04\/Mario-Alvarado-146x300.jpg 146w, https:\/\/www.brenne-au-coeur.com\/wp-content\/uploads\/2026\/04\/Mario-Alvarado-497x1024.jpg 497w, https:\/\/www.brenne-au-coeur.com\/wp-content\/uploads\/2026\/04\/Mario-Alvarado-73x150.jpg 73w, https:\/\/www.brenne-au-coeur.com\/wp-content\/uploads\/2026\/04\/Mario-Alvarado.jpg 707w\" sizes=\"auto, (max-width: 146px) 100vw, 146px\" \/><\/a><figcaption id=\"caption-attachment-7596\" class=\"wp-caption-text\">Mario Alvarado<\/figcaption><\/figure>\n<p><span style=\"font-size: large;\"><b>Rue Marie-Joseph Chartier<\/b>&nbsp;: n\u00e9 en 1913, cet enfant du pays est incorpor\u00e9 fin 1939 au bataillon de l\u2019air n\u00b0 132 \u00e0 Ch\u00e2teauroux. Affect\u00e9 comme \u00ab&nbsp;monteur hangars&nbsp;\u00bb, il sera d\u00e9mobilis\u00e9 quelques mois plus tard. Entr\u00e9 dans la R\u00e9sistance le 15 mars 1944, il participa \u00e0 un sabotage dans le secteur de Clion-sur-Indre et r\u00e9ceptionna des parachutages alli\u00e9s. Ayant rejoint le maquis Carol, l\u2019adjudant-chef Chartier sera nomm\u00e9 chef de section du groupe dit \u00ab&nbsp;des caves&nbsp;\u00bb. Mortellement bless\u00e9 au cours d\u2019un affrontement, il d\u00e9c\u00e8de le 13 ao\u00fbt 1944 \u00e0 l\u2019h\u00f4pital de Ch\u00e2tillon-sur-Indre, peu apr\u00e8s son arriv\u00e9e. C\u2019est en reconnaissance \u00e0 ce r\u00e9sistant \u00ab&nbsp;Mort pour la France&nbsp;\u00bb que la municipalit\u00e9 lui attribuera le nom de cette rue.<\/span><\/p>\n<p><span style=\"font-size: large;\"><b>Espace Mario Alvarado<\/b>&nbsp;: ne pouvant rentrer dans son Chili natal apr\u00e8s le coup d\u2019Etat militaire du 11\/09\/1973, Mario parcourt l\u2019Europe avant de s\u2019installer en Brenne en 1984 au lieu-dit les P\u00e9rini\u00e8res. Artiste peintre, il fait d\u00e9couvrir l\u2019art contemporain aux habitants de la r\u00e9gion et il initie les enfants de l\u2019\u00e9cole \u00e0 sa technique picturale sur une fresque de plus de 30 m\u00e8tres de long qui sera expos\u00e9e \u00e0 l\u2019a\u00e9roport d\u2019Orly. Avec son dynamisme, sa gentillesse et sa d\u00e9termination, il cr\u00e9e le MEBAC (M\u00e9zi\u00e8res-en-Brenne Art Contemporain) au Moulin. La personnalit\u00e9 de Mario, trop t\u00f4t disparu en 1994 \u00e0 44 ans, a profond\u00e9ment marqu\u00e9 les Mac\u00e9riens. Pour ne pas l\u2019oublier, cet espace qui donne acc\u00e8s \u00e0 la m\u00e9diath\u00e8que porte son patronyme.<\/span><\/p>\n<p><span style=\"font-size: large;\"><b>Rue Neuve<\/b>&nbsp;: d\u00e8s 1977, la naissance de cette rue est sugg\u00e9r\u00e9e. Il faudra attendre 2009 pour qu\u2019elle soit viabilis\u00e9e. Peut-\u00eatre sera-t-elle gratifi\u00e9e un jour d\u2019un autre nom, plus en rapport avec la vie locale&nbsp;?<\/span><\/p>\n<figure id=\"attachment_7595\" aria-describedby=\"caption-attachment-7595\" style=\"width: 300px\" class=\"wp-caption alignright\"><a href=\"https:\/\/www.brenne-au-coeur.com\/wp-content\/uploads\/2026\/04\/cour-de-lancien-hospice-date-inconnue-Source-Moury-scaled.jpg\" rel=\"lightbox[7594]\"><img loading=\"lazy\" decoding=\"async\" class=\"wp-image-7595 size-medium\" src=\"https:\/\/www.brenne-au-coeur.com\/wp-content\/uploads\/2026\/04\/cour-de-lancien-hospice-date-inconnue-Source-Moury-300x203.jpg\" alt=\"\" width=\"300\" height=\"203\" srcset=\"https:\/\/www.brenne-au-coeur.com\/wp-content\/uploads\/2026\/04\/cour-de-lancien-hospice-date-inconnue-Source-Moury-300x203.jpg 300w, https:\/\/www.brenne-au-coeur.com\/wp-content\/uploads\/2026\/04\/cour-de-lancien-hospice-date-inconnue-Source-Moury-1024x693.jpg 1024w, https:\/\/www.brenne-au-coeur.com\/wp-content\/uploads\/2026\/04\/cour-de-lancien-hospice-date-inconnue-Source-Moury-150x102.jpg 150w, https:\/\/www.brenne-au-coeur.com\/wp-content\/uploads\/2026\/04\/cour-de-lancien-hospice-date-inconnue-Source-Moury-768x520.jpg 768w, https:\/\/www.brenne-au-coeur.com\/wp-content\/uploads\/2026\/04\/cour-de-lancien-hospice-date-inconnue-Source-Moury-1536x1040.jpg 1536w, https:\/\/www.brenne-au-coeur.com\/wp-content\/uploads\/2026\/04\/cour-de-lancien-hospice-date-inconnue-Source-Moury-2048x1387.jpg 2048w\" sizes=\"auto, (max-width: 300px) 100vw, 300px\" \/><\/a><figcaption id=\"caption-attachment-7595\" class=\"wp-caption-text\">Cour de l&rsquo;ancien hospice. Source&nbsp;: Moury.<\/figcaption><\/figure>\n<p><span style=\"font-size: large;\"><b>Rue du Nord<\/b>&nbsp;: que d\u2019appellations avant de parvenir \u00e0 ce point cardinal&nbsp;! \u00ab&nbsp;R\u00e9publique&nbsp;\u00bb, \u00ab&nbsp;Journeau&nbsp;\u00bb du nom de propri\u00e9taire de l\u2019h\u00f4tel sis au n\u00b0 14, \u00ab&nbsp;de la Poste&nbsp;\u00bb en 1906 pour terminer comme rue du \u00ab&nbsp;faubourg du Nord&nbsp;\u00bb. La petite portion situ\u00e9e devant le Moulin jusqu\u2019\u00e0 la rue de la Lanterne s\u2019est appel\u00e9e sur le relev\u00e9 cadastral de 1840, rue du \u00ab&nbsp;moulin des br\u00e9m\u00e2lons&nbsp;\u00bb, ces derniers \u00e9tant de la bruy\u00e8re \u00e0 balai, tr\u00e8s pr\u00e9sente en Brenne.<\/span><\/p>\n<p><span style=\"font-size: large;\"><b>Rue et place des Orchid\u00e9es<\/b>&nbsp;: install\u00e9es l\u00e0 depuis 1824, les religieuses de l\u2019Ordre des S\u0153urs de la Croix prirent en charge deux classes de jeunes filles avant qu\u2019un hospice ne soit construit, \u00e0 la suite d\u2019un legs des \u00e9poux Fran\u00e7ois au milieu du XIXe si\u00e8cle. Spontan\u00e9ment, la population a qualifi\u00e9 cette rue \u00ab&nbsp;des S\u0153urs&nbsp;\u00bb et \u00ab&nbsp;de l\u2019hospice&nbsp;\u00bb. Pour r\u00e9pondre aux besoins, le lieu se transforma en dispensaire, maternit\u00e9 et m\u00eame h\u00f4pital avant d\u2019\u00eatre remplac\u00e9, par une loi organisant la fili\u00e8re sociale et m\u00e9dico-sociale, en maison de retraite en 1976 puis en EHPAD \u00e0 partir de 2009. C\u2019est \u00e0 cette occasion qu\u2019elle endossa son nom actuel. <\/span><\/p>\n","protected":false},"excerpt":{"rendered":"<p>Quatri\u00e8me chapitre consacr\u00e9 \u00e0 la toponymie des rues de M\u00e9zi\u00e8res. Propos\u00e9 par l&rsquo;Association Culturelle Mac\u00e9rienne, le voyage au c\u0153ur du bourg se poursuit. Rue de la Lanterne&nbsp;: peut-\u00eatre appel\u00e9e \u00ab&nbsp;rue de l\u2019\u00e9glise au moulin banal&nbsp;\u00bb vers 1598, le cadastre napol\u00e9onien la d\u00e9signe d\u00e9j\u00e0 ainsi en 1836. A notre connaissance, il n\u2019y a jamais eu de&hellip;&nbsp;<a href=\"https:\/\/www.brenne-au-coeur.com\/index.php\/2026\/04\/08\/des-noms-des-rues-des-histoires\/communes\/mezieres-en-brenne\/7594\/\" rel=\"bookmark\">Lire la suite&nbsp;&raquo;<span class=\"screen-reader-text\">Des noms, des rues, des histoires<\/span><\/a><\/p>\n","protected":false},"author":1,"featured_media":7595,"comment_status":"open","ping_status":"open","sticky":false,"template":"","format":"standard","meta":{"rop_custom_images_group":[],"rop_custom_messages_group":[],"rop_publish_now":"initial","rop_publish_now_accounts":[],"rop_publish_now_history":[],"rop_publish_now_status":"pending","_monsterinsights_skip_tracking":false,"_monsterinsights_sitenote_active":false,"_monsterinsights_sitenote_note":"","_monsterinsights_sitenote_category":0,"neve_meta_sidebar":"","neve_meta_container":"","neve_meta_enable_content_width":"off","neve_meta_content_width":70,"neve_meta_title_alignment":"","neve_meta_author_avatar":"","neve_post_elements_order":"","neve_meta_disable_header":"","neve_meta_disable_footer":"","neve_meta_disable_title":"","_jetpack_memberships_contains_paid_content":false,"footnotes":"","jetpack_publicize_message":"","jetpack_publicize_feature_enabled":true,"jetpack_social_post_already_shared":true,"jetpack_social_options":{"image_generator_settings":{"template":"highway","default_image_id":0,"font":"","enabled":false},"version":2}},"categories":[12],"tags":[49],"class_list":["post-7594","post","type-post","status-publish","format-standard","has-post-thumbnail","hentry","category-mezieres-en-brenne","tag-histoire"],"aioseo_notices":[],"jetpack_publicize_connections":[],"jetpack_featured_media_url":"https:\/\/www.brenne-au-coeur.com\/wp-content\/uploads\/2026\/04\/cour-de-lancien-hospice-date-inconnue-Source-Moury-scaled.jpg","jetpack-related-posts":[],"jetpack_sharing_enabled":true,"_links":{"self":[{"href":"https:\/\/www.brenne-au-coeur.com\/index.php\/wp-json\/wp\/v2\/posts\/7594","targetHints":{"allow":["GET"]}}],"collection":[{"href":"https:\/\/www.brenne-au-coeur.com\/index.php\/wp-json\/wp\/v2\/posts"}],"about":[{"href":"https:\/\/www.brenne-au-coeur.com\/index.php\/wp-json\/wp\/v2\/types\/post"}],"author":[{"embeddable":true,"href":"https:\/\/www.brenne-au-coeur.com\/index.php\/wp-json\/wp\/v2\/users\/1"}],"replies":[{"embeddable":true,"href":"https:\/\/www.brenne-au-coeur.com\/index.php\/wp-json\/wp\/v2\/comments?post=7594"}],"version-history":[{"count":1,"href":"https:\/\/www.brenne-au-coeur.com\/index.php\/wp-json\/wp\/v2\/posts\/7594\/revisions"}],"predecessor-version":[{"id":7602,"href":"https:\/\/www.brenne-au-coeur.com\/index.php\/wp-json\/wp\/v2\/posts\/7594\/revisions\/7602"}],"wp:featuredmedia":[{"embeddable":true,"href":"https:\/\/www.brenne-au-coeur.com\/index.php\/wp-json\/wp\/v2\/media\/7595"}],"wp:attachment":[{"href":"https:\/\/www.brenne-au-coeur.com\/index.php\/wp-json\/wp\/v2\/media?parent=7594"}],"wp:term":[{"taxonomy":"category","embeddable":true,"href":"https:\/\/www.brenne-au-coeur.com\/index.php\/wp-json\/wp\/v2\/categories?post=7594"},{"taxonomy":"post_tag","embeddable":true,"href":"https:\/\/www.brenne-au-coeur.com\/index.php\/wp-json\/wp\/v2\/tags?post=7594"}],"curies":[{"name":"wp","href":"https:\/\/api.w.org\/{rel}","templated":true}]}}