{"id":7588,"date":"2026-04-08T16:09:06","date_gmt":"2026-04-08T14:09:06","guid":{"rendered":"https:\/\/www.brenne-au-coeur.com\/?p=7588"},"modified":"2026-04-08T16:09:06","modified_gmt":"2026-04-08T14:09:06","slug":"errance-et-nature-a-jaugette","status":"publish","type":"post","link":"https:\/\/www.brenne-au-coeur.com\/index.php\/2026\/04\/08\/errance-et-nature-a-jaugette\/communes\/obterre\/7588\/","title":{"rendered":"Errance et nature \u00e0 Jaugette"},"content":{"rendered":"<p><span style=\"font-size: large;\">Samedi 25 avril, la saison 2026 de Jaugette d\u00e9bute avec un concert de printemps tout en po\u00e9sie intitul\u00e9 \u00ab&nbsp;Errance et nature&nbsp;\u00bb.<\/span><\/p>\n<figure id=\"attachment_7589\" aria-describedby=\"caption-attachment-7589\" style=\"width: 175px\" class=\"wp-caption alignleft\"><a href=\"https:\/\/www.brenne-au-coeur.com\/wp-content\/uploads\/2026\/04\/L1000027-photo-JENNY-FAUGERAT_DxO.jpg\" rel=\"lightbox[7588]\"><img loading=\"lazy\" decoding=\"async\" class=\"wp-image-7589\" src=\"https:\/\/www.brenne-au-coeur.com\/wp-content\/uploads\/2026\/04\/L1000027-photo-JENNY-FAUGERAT_DxO-300x300.jpg\" alt=\"\" width=\"175\" height=\"175\" srcset=\"https:\/\/www.brenne-au-coeur.com\/wp-content\/uploads\/2026\/04\/L1000027-photo-JENNY-FAUGERAT_DxO-300x300.jpg 300w, https:\/\/www.brenne-au-coeur.com\/wp-content\/uploads\/2026\/04\/L1000027-photo-JENNY-FAUGERAT_DxO-150x150.jpg 150w, https:\/\/www.brenne-au-coeur.com\/wp-content\/uploads\/2026\/04\/L1000027-photo-JENNY-FAUGERAT_DxO-45x45.jpg 45w, https:\/\/www.brenne-au-coeur.com\/wp-content\/uploads\/2026\/04\/L1000027-photo-JENNY-FAUGERAT_DxO.jpg 567w\" sizes=\"auto, (max-width: 175px) 100vw, 175px\" \/><\/a><figcaption id=\"caption-attachment-7589\" class=\"wp-caption-text\">Delphine Bardin<\/figcaption><\/figure>\n<p><span style=\"font-size: large;\">La pianiste Delphine Bardin viendra interpr\u00e9ter \u00e0 Jaugette des \u0153uvres d\u2019Emmanuel Chabrier, D\u00e9odat de S\u00e9verac, Edit Lejet et Schubert.<\/span><\/p>\n<p><span style=\"font-size: large;\">Ce programme s&rsquo;inspire de l&rsquo;enregistrement r\u00e9alis\u00e9 par Delphine Bardin pour la collection \u00ab&nbsp;Cabinet de curiosit\u00e9s&nbsp;\u00bb, soutenue par le Fonds de Dotation Galaxie-Y. Il rassemble deux cycles \u00abDix Pi\u00e8ces pittoresques\u00bb d&rsquo;Emmanuel Chabrier (4 pi\u00e8ces seront interpr\u00e9t\u00e9es \u00e0 l\u2019occasion du r\u00e9cital) et \u00abEn Languedoc\u00bb de D\u00e9odat de S\u00e9verac.<\/span><\/p>\n<p><span style=\"font-size: large;\">Si le fil rouge de ces \u0153uvres ici est bien le lien avec la nature, elles tissent aussi des affinit\u00e9s plus profondes les unes avec les autres. Tout en \u00e9tant tr\u00e8s diff\u00e9rentes, ces musiques manifestent leurs singularit\u00e9s, chacune \u00e0 leur mani\u00e8re secr\u00e8te et pudique autant qu&rsquo;exub\u00e9rante et g\u00e9n\u00e9reuse. S\u00e9verac admirait Chabrier, comme nombre de compositeurs parmi lesquels Ravel et Debussy, qui doivent tant \u00e0 leur g\u00e9nial pr\u00e9d\u00e9cesseur. Ces filiations et ces diff\u00e9rences montrent l&rsquo;immense richesse du piano fran\u00e7ais de cette \u00e9poque.<\/span><\/p>\n<figure id=\"attachment_7592\" aria-describedby=\"caption-attachment-7592\" style=\"width: 240px\" class=\"wp-caption alignright\"><a href=\"https:\/\/www.brenne-au-coeur.com\/wp-content\/uploads\/2026\/04\/chabrier.jpeg\" rel=\"lightbox[7588]\"><img loading=\"lazy\" decoding=\"async\" class=\"wp-image-7592 size-full\" src=\"https:\/\/www.brenne-au-coeur.com\/wp-content\/uploads\/2026\/04\/chabrier.jpeg\" alt=\"\" width=\"240\" height=\"210\" srcset=\"https:\/\/www.brenne-au-coeur.com\/wp-content\/uploads\/2026\/04\/chabrier.jpeg 240w, https:\/\/www.brenne-au-coeur.com\/wp-content\/uploads\/2026\/04\/chabrier-150x131.jpeg 150w\" sizes=\"auto, (max-width: 240px) 100vw, 240px\" \/><\/a><figcaption id=\"caption-attachment-7592\" class=\"wp-caption-text\">Emmanuel Chabrier<\/figcaption><\/figure>\n<p><span style=\"font-size: large;\">Pour compl\u00e9ter ce floril\u00e8ge Delphine Bardin a tenu \u00e0 rendre hommage \u00e0 une autre grande compositrice fran\u00e7aise, Edith Lejet, disparue en 2024. Ses \u00abTrois Eaux-fortes\u00bb, par leur intensit\u00e9, leur myst\u00e8re et leur beaut\u00e9 pianistiques, s&rsquo;inscrivent tout naturellement dans la lign\u00e9e des peintres sonores pr\u00e9cit\u00e9s.<\/span><\/p>\n<p><span style=\"font-size: large;\">Enfin le r\u00e9cital pr\u00e9sent\u00e9 \u00e0 Jaugette se conclura par le cycle de 6 courtes pi\u00e8ces de Schubert, \u00ab&nbsp;les moments musicaux&nbsp;\u00bb pour mieux constituer un lien naturel avec le festival d\u2019\u00e9t\u00e9 dont le th\u00e8me cette ann\u00e9e est \u00ab&nbsp;Musique et contemplation en Brenne&nbsp;\u00bb et qui fera place belle \u00e0 l\u2019artiste.<\/span><\/p>\n<p>&nbsp;<\/p>\n<figure id=\"attachment_7590\" aria-describedby=\"caption-attachment-7590\" style=\"width: 193px\" class=\"wp-caption alignleft\"><a href=\"https:\/\/www.brenne-au-coeur.com\/wp-content\/uploads\/2026\/04\/lejet.jpeg\" rel=\"lightbox[7588]\"><img loading=\"lazy\" decoding=\"async\" class=\"wp-image-7590 size-full\" src=\"https:\/\/www.brenne-au-coeur.com\/wp-content\/uploads\/2026\/04\/lejet.jpeg\" alt=\"\" width=\"193\" height=\"261\" srcset=\"https:\/\/www.brenne-au-coeur.com\/wp-content\/uploads\/2026\/04\/lejet.jpeg 193w, https:\/\/www.brenne-au-coeur.com\/wp-content\/uploads\/2026\/04\/lejet-111x150.jpeg 111w\" sizes=\"auto, (max-width: 193px) 100vw, 193px\" \/><\/a><figcaption id=\"caption-attachment-7590\" class=\"wp-caption-text\">Edith Lejet<\/figcaption><\/figure>\n<p><span style=\"font-size: large;\">Progra<\/span><span style=\"font-size: large;\">mme<\/span><\/p>\n<p><span style=\"font-size: large;\">Emmanuel Chabrier (1841-1894) &#8211; 4 pi\u00e8ces pittoresques<\/span><\/p>\n<p><span style=\"font-size: large;\">Sous-bois, Mauresque, Idylle, Danse villageoise<\/span><\/p>\n<p><span style=\"font-size: large;\">D\u00e9odat de S\u00e9verac (1872-1921) &#8211; En Languedoc<\/span><\/p>\n<p><span style=\"font-size: large;\">A cheval dans la prairie, Coin de cimeti\u00e8re au printemps,<\/span><\/p>\n<p><span style=\"font-size: large;\">Le jour de la foire, au mas<\/span><\/p>\n<p><span style=\"font-size: large;\">Edith Lejet (1941-2024) &#8211; Trois eaux-fortes<\/span><\/p>\n<p><span style=\"font-size: large;\">\u00a0 \u00a0 \u00a0 \u00a0 \u00a0 \u00a0 \u00a0 \u00a0 \u00a0 \u00a0 \u00a0 \u00a0 \u00a0 \u00a0 \u00a0 \u00a0 \u00a0 \u00a0 \u00a0 \u00a0 \u00a0 \u00a0 \u00a0 Schubert &#8211; Les Moments musicaux D. 780, op. 94<\/span><\/p>\n<p>&nbsp;<\/p>\n<p><span style=\"font-size: large;\">Possibilit\u00e9 de r\u00e9server et de payer en ligne sur HelloAsso ou via le QR code pr\u00e9sent\u00e9 sur l\u2019affiche jointe \u00e0 ce message. Sont accepet\u00e9s les r\u00e9servations par mail (jaugette@gmail.com) jusqu\u2019\u00e0 la veille, ou r\u00e9gler sur place (esp\u00e8ces, ch\u00e8que, carte bancaire).<\/span><\/p>\n<p><span style=\"font-size: large;\">Tarif 20 \u20ac, r\u00e9duit 16 \u20ac<\/span><\/p>\n","protected":false},"excerpt":{"rendered":"<p>Samedi 25 avril, la saison 2026 de Jaugette d\u00e9bute avec un concert de printemps tout en po\u00e9sie intitul\u00e9 \u00ab&nbsp;Errance et nature&nbsp;\u00bb. La pianiste Delphine Bardin viendra interpr\u00e9ter \u00e0 Jaugette des \u0153uvres d\u2019Emmanuel Chabrier, D\u00e9odat de S\u00e9verac, Edit Lejet et Schubert. Ce programme s&rsquo;inspire de l&rsquo;enregistrement r\u00e9alis\u00e9 par Delphine Bardin pour la collection \u00ab&nbsp;Cabinet de curiosit\u00e9s&nbsp;\u00bb,&hellip;&nbsp;<a href=\"https:\/\/www.brenne-au-coeur.com\/index.php\/2026\/04\/08\/errance-et-nature-a-jaugette\/communes\/obterre\/7588\/\" rel=\"bookmark\">Lire la suite&nbsp;&raquo;<span class=\"screen-reader-text\">Errance et nature \u00e0 Jaugette<\/span><\/a><\/p>\n","protected":false},"author":1,"featured_media":7591,"comment_status":"open","ping_status":"open","sticky":false,"template":"","format":"standard","meta":{"rop_custom_images_group":[],"rop_custom_messages_group":[],"rop_publish_now":"initial","rop_publish_now_accounts":[],"rop_publish_now_history":[],"rop_publish_now_status":"pending","_monsterinsights_skip_tracking":false,"_monsterinsights_sitenote_active":false,"_monsterinsights_sitenote_note":"","_monsterinsights_sitenote_category":0,"neve_meta_sidebar":"","neve_meta_container":"","neve_meta_enable_content_width":"off","neve_meta_content_width":70,"neve_meta_title_alignment":"","neve_meta_author_avatar":"","neve_post_elements_order":"","neve_meta_disable_header":"","neve_meta_disable_footer":"","neve_meta_disable_title":"","_jetpack_memberships_contains_paid_content":false,"footnotes":"","jetpack_publicize_message":"","jetpack_publicize_feature_enabled":true,"jetpack_social_post_already_shared":true,"jetpack_social_options":{"image_generator_settings":{"template":"highway","default_image_id":0,"font":"","enabled":false},"version":2}},"categories":[63,14],"tags":[64,40],"class_list":["post-7588","post","type-post","status-publish","format-standard","has-post-thumbnail","hentry","category-jaugette","category-obterre","tag-concert","tag-musique"],"aioseo_notices":[],"jetpack_publicize_connections":[],"jetpack_featured_media_url":"https:\/\/www.brenne-au-coeur.com\/wp-content\/uploads\/2026\/04\/nature-jaugette-scaled.jpg","jetpack-related-posts":[],"jetpack_sharing_enabled":true,"_links":{"self":[{"href":"https:\/\/www.brenne-au-coeur.com\/index.php\/wp-json\/wp\/v2\/posts\/7588","targetHints":{"allow":["GET"]}}],"collection":[{"href":"https:\/\/www.brenne-au-coeur.com\/index.php\/wp-json\/wp\/v2\/posts"}],"about":[{"href":"https:\/\/www.brenne-au-coeur.com\/index.php\/wp-json\/wp\/v2\/types\/post"}],"author":[{"embeddable":true,"href":"https:\/\/www.brenne-au-coeur.com\/index.php\/wp-json\/wp\/v2\/users\/1"}],"replies":[{"embeddable":true,"href":"https:\/\/www.brenne-au-coeur.com\/index.php\/wp-json\/wp\/v2\/comments?post=7588"}],"version-history":[{"count":1,"href":"https:\/\/www.brenne-au-coeur.com\/index.php\/wp-json\/wp\/v2\/posts\/7588\/revisions"}],"predecessor-version":[{"id":7593,"href":"https:\/\/www.brenne-au-coeur.com\/index.php\/wp-json\/wp\/v2\/posts\/7588\/revisions\/7593"}],"wp:featuredmedia":[{"embeddable":true,"href":"https:\/\/www.brenne-au-coeur.com\/index.php\/wp-json\/wp\/v2\/media\/7591"}],"wp:attachment":[{"href":"https:\/\/www.brenne-au-coeur.com\/index.php\/wp-json\/wp\/v2\/media?parent=7588"}],"wp:term":[{"taxonomy":"category","embeddable":true,"href":"https:\/\/www.brenne-au-coeur.com\/index.php\/wp-json\/wp\/v2\/categories?post=7588"},{"taxonomy":"post_tag","embeddable":true,"href":"https:\/\/www.brenne-au-coeur.com\/index.php\/wp-json\/wp\/v2\/tags?post=7588"}],"curies":[{"name":"wp","href":"https:\/\/api.w.org\/{rel}","templated":true}]}}