{"id":7569,"date":"2026-03-28T14:58:15","date_gmt":"2026-03-28T13:58:15","guid":{"rendered":"https:\/\/www.brenne-au-coeur.com\/?p=7569"},"modified":"2026-03-28T14:58:15","modified_gmt":"2026-03-28T13:58:15","slug":"marche-fermier-delices-paysans","status":"publish","type":"post","link":"https:\/\/www.brenne-au-coeur.com\/index.php\/2026\/03\/28\/marche-fermier-delices-paysans\/communes\/obterre\/7569\/","title":{"rendered":"March\u00e9 fermier D\u00e9lices paysans"},"content":{"rendered":"<p><span style=\"font-size: large;\"><a href=\"https:\/\/www.brenne-au-coeur.com\/wp-content\/uploads\/2026\/03\/IMG-49882Grande-2.jpeg\" rel=\"lightbox[7569]\"><img loading=\"lazy\" decoding=\"async\" class=\"alignleft wp-image-7571 size-full\" src=\"https:\/\/www.brenne-au-coeur.com\/wp-content\/uploads\/2026\/03\/IMG-49882Grande-2.jpeg\" alt=\"\" width=\"284\" height=\"213\" srcset=\"https:\/\/www.brenne-au-coeur.com\/wp-content\/uploads\/2026\/03\/IMG-49882Grande-2.jpeg 284w, https:\/\/www.brenne-au-coeur.com\/wp-content\/uploads\/2026\/03\/IMG-49882Grande-2-150x113.jpeg 150w\" sizes=\"auto, (max-width: 284px) 100vw, 284px\" \/><\/a>Vendredi 10 avril 2026, de 16h00 \u00e0 19h30, les volailles d&rsquo;Olivier &#8211; Ferme de Montgarny, \u00e0 Obterre, invitent \u00e0 retrouver ou d\u00e9couvrir le collectif des D\u00e9lices paysans \u00e0 l&rsquo;occasion de son March\u00e9 fermier du printemps! Une douzaine de fermes du Berry et du Sud Touraine s&rsquo;unissent pour vous proposer une large gamme de produits bio, locaux et artisanaux: fromages, l\u00e9gumes, pains, viandes, volailles, produits d&rsquo;\u00e9picerie, bi\u00e8res, liqueurs, mais aussi fleurs, cosm\u00e9tiques, etc. On vous attend sur la ferme de Montgarny \u00e0 Obterre pour un moment convivial et gourmand. Vente de plants maraichers, ornementaux et aromatiques. Cr\u00eapes et ap\u00e9ro sur place, ambiance conviviale assur\u00e9e&nbsp;!<\/span><\/p>\n<p><span style=\"font-size: large;\">Acc\u00e8s gratuit<\/span><\/p>\n<p><span style=\"font-size: large;\">Renseignements\u00a0: 07 86 48 13 36 delices.paysans@emailasso.net Facebook<\/span><\/p>\n","protected":false},"excerpt":{"rendered":"<p>Vendredi 10 avril 2026, de 16h00 \u00e0 19h30, les volailles d&rsquo;Olivier &#8211; Ferme de Montgarny, \u00e0 Obterre, invitent \u00e0 retrouver ou d\u00e9couvrir le collectif des D\u00e9lices paysans \u00e0 l&rsquo;occasion de son March\u00e9 fermier du printemps! Une douzaine de fermes du Berry et du Sud Touraine s&rsquo;unissent pour vous proposer une large gamme de produits bio,&hellip;&nbsp;<a href=\"https:\/\/www.brenne-au-coeur.com\/index.php\/2026\/03\/28\/marche-fermier-delices-paysans\/communes\/obterre\/7569\/\" rel=\"bookmark\">Lire la suite&nbsp;&raquo;<span class=\"screen-reader-text\">March\u00e9 fermier D\u00e9lices paysans<\/span><\/a><\/p>\n","protected":false},"author":1,"featured_media":7570,"comment_status":"open","ping_status":"open","sticky":false,"template":"","format":"standard","meta":{"rop_custom_images_group":[],"rop_custom_messages_group":[],"rop_publish_now":"initial","rop_publish_now_accounts":[],"rop_publish_now_history":[],"rop_publish_now_status":"pending","_monsterinsights_skip_tracking":false,"_monsterinsights_sitenote_active":false,"_monsterinsights_sitenote_note":"","_monsterinsights_sitenote_category":0,"neve_meta_sidebar":"","neve_meta_container":"","neve_meta_enable_content_width":"off","neve_meta_content_width":70,"neve_meta_title_alignment":"","neve_meta_author_avatar":"","neve_post_elements_order":"","neve_meta_disable_header":"","neve_meta_disable_footer":"","neve_meta_disable_title":"","_jetpack_memberships_contains_paid_content":false,"footnotes":"","jetpack_publicize_message":"","jetpack_publicize_feature_enabled":true,"jetpack_social_post_already_shared":true,"jetpack_social_options":{"image_generator_settings":{"template":"highway","default_image_id":0,"font":"","enabled":false},"version":2}},"categories":[14],"tags":[50,33],"class_list":["post-7569","post","type-post","status-publish","format-standard","has-post-thumbnail","hentry","category-obterre","tag-artisanat","tag-rencontres"],"aioseo_notices":[],"jetpack_publicize_connections":[],"jetpack_featured_media_url":"https:\/\/www.brenne-au-coeur.com\/wp-content\/uploads\/2026\/03\/Affiche-Marche-avril-2026-2.jpg","jetpack-related-posts":[],"jetpack_sharing_enabled":true,"_links":{"self":[{"href":"https:\/\/www.brenne-au-coeur.com\/index.php\/wp-json\/wp\/v2\/posts\/7569","targetHints":{"allow":["GET"]}}],"collection":[{"href":"https:\/\/www.brenne-au-coeur.com\/index.php\/wp-json\/wp\/v2\/posts"}],"about":[{"href":"https:\/\/www.brenne-au-coeur.com\/index.php\/wp-json\/wp\/v2\/types\/post"}],"author":[{"embeddable":true,"href":"https:\/\/www.brenne-au-coeur.com\/index.php\/wp-json\/wp\/v2\/users\/1"}],"replies":[{"embeddable":true,"href":"https:\/\/www.brenne-au-coeur.com\/index.php\/wp-json\/wp\/v2\/comments?post=7569"}],"version-history":[{"count":1,"href":"https:\/\/www.brenne-au-coeur.com\/index.php\/wp-json\/wp\/v2\/posts\/7569\/revisions"}],"predecessor-version":[{"id":7572,"href":"https:\/\/www.brenne-au-coeur.com\/index.php\/wp-json\/wp\/v2\/posts\/7569\/revisions\/7572"}],"wp:featuredmedia":[{"embeddable":true,"href":"https:\/\/www.brenne-au-coeur.com\/index.php\/wp-json\/wp\/v2\/media\/7570"}],"wp:attachment":[{"href":"https:\/\/www.brenne-au-coeur.com\/index.php\/wp-json\/wp\/v2\/media?parent=7569"}],"wp:term":[{"taxonomy":"category","embeddable":true,"href":"https:\/\/www.brenne-au-coeur.com\/index.php\/wp-json\/wp\/v2\/categories?post=7569"},{"taxonomy":"post_tag","embeddable":true,"href":"https:\/\/www.brenne-au-coeur.com\/index.php\/wp-json\/wp\/v2\/tags?post=7569"}],"curies":[{"name":"wp","href":"https:\/\/api.w.org\/{rel}","templated":true}]}}