{"id":7559,"date":"2026-03-25T12:11:11","date_gmt":"2026-03-25T11:11:11","guid":{"rendered":"https:\/\/www.brenne-au-coeur.com\/?p=7559"},"modified":"2026-03-25T12:11:11","modified_gmt":"2026-03-25T11:11:11","slug":"alexandre-se-presente-a-martizay","status":"publish","type":"post","link":"https:\/\/www.brenne-au-coeur.com\/index.php\/2026\/03\/25\/alexandre-se-presente-a-martizay\/communes\/martizay\/7559\/","title":{"rendered":"Alexandre se pr\u00e9sente \u00e0 Martizay"},"content":{"rendered":"<p><span style=\"font-size: large;\"><strong><a href=\"https:\/\/www.brenne-au-coeur.com\/wp-content\/uploads\/2026\/03\/Sans-titre.jpeg\" rel=\"lightbox[7559]\"><img loading=\"lazy\" decoding=\"async\" class=\"alignleft wp-image-7562\" src=\"https:\/\/www.brenne-au-coeur.com\/wp-content\/uploads\/2026\/03\/Sans-titre-189x300.jpeg\" alt=\"\" width=\"207\" height=\"329\" srcset=\"https:\/\/www.brenne-au-coeur.com\/wp-content\/uploads\/2026\/03\/Sans-titre-189x300.jpeg 189w, https:\/\/www.brenne-au-coeur.com\/wp-content\/uploads\/2026\/03\/Sans-titre-645x1024.jpeg 645w, https:\/\/www.brenne-au-coeur.com\/wp-content\/uploads\/2026\/03\/Sans-titre-95x150.jpeg 95w, https:\/\/www.brenne-au-coeur.com\/wp-content\/uploads\/2026\/03\/Sans-titre-768x1219.jpeg 768w, https:\/\/www.brenne-au-coeur.com\/wp-content\/uploads\/2026\/03\/Sans-titre-968x1536.jpeg 968w, https:\/\/www.brenne-au-coeur.com\/wp-content\/uploads\/2026\/03\/Sans-titre.jpeg 1203w\" sizes=\"auto, (max-width: 207px) 100vw, 207px\" \/><\/a>Le vendredi <\/strong><strong>3 avril \u00e0 18<\/strong><strong>h, <\/strong><strong>Philippe Gitton pr\u00e9sentera <\/strong><strong>\u00e0 la m\u00e9diath\u00e8que de <\/strong><strong>Martizay, son livre <\/strong> <em>Alexandre<\/em><strong>, paru aux \u00e9ditions Ma\u00efa. L\u2019auteur en lira quelques extraits. Il \u00e9changera avec le public sur ses motivations d\u2019\u00e9criture et le sens qu\u2019il donne \u00e0 cette histoire. <\/strong><strong>Yonnel li\u00e9geois, r\u00e9dacteur en chef du blog <a href=\"https:\/\/chantiersdeculture.com\/\">Chantiers de culture<\/a>, a consacr\u00e9 un article \u00e0 l\u2019occasion de cette parution.<\/strong><\/span><\/p>\n<p>&nbsp;<\/p>\n<p><span style=\"font-size: large;\">Alexandre vit chez ses parents, quartier de La Chapelle, dans le 18\u00e8me arrondissement de Paris. Incapable de se projeter dans l\u2019avenir, <strong>le gar\u00e7on poursuit des \u00e9tudes d\u2019histoire \u00e0 la fac sans grand enthousiasme<\/strong>. D\u2019autant qu\u2019il fait preuve d\u2019un r\u00e9el talent dans la musique et la photographie, deux passions qui occupent ses loisirs. <strong>Il laisse ainsi filer sa vie,\u00a0quelque peu d\u00e9sabus\u00e9<\/strong>, au hasard des rencontres amoureuses ou amicales. Alors qu\u2019il est si doux de ne rien faire quand tout le monde s\u2019agite autour de vous, c\u2019est bien connu, l\u2019effervescence cerne Alexandre&nbsp;!<\/span><\/p>\n<p><span style=\"font-size: large;\"><em>De Paris \u00e0 l\u2019\u00eele de La R\u00e9union\u2026<\/em><\/span><\/p>\n<p><span style=\"font-size: large;\">En ce d\u00e9but d\u2019ann\u00e9e 2011, deux \u00e9v\u00e9nements majeurs, <strong>prochaines \u00e9lections pr\u00e9sidentielles et actualit\u00e9 des printemps arabes<\/strong>, r\u00e9veillent des espoirs de\u00a0changement. Impliqu\u00e9e dans les luttes sociale et politique, Magalie s\u2019agace fortement du\u00a0cynisme de son fr\u00e8re.\u00a0Abandonnant la facult\u00e9, le jeune homme d\u00e9cide alors de se\u00a0consacrer \u00e0 la musique. Pour subvenir \u00e0 ses besoins, il d\u00e9croche un job d\u2019\u00e9t\u00e9 comme facteur. Hasard ou destin, l\u2019un et l\u2019autre r\u00e9servent parfois bien des surprises, <strong>une rencontre bouleverse durablement son existence<\/strong>. Une tranche de vie \u00e0 rebondissements, un r\u00e9cit qui conduit Alexandre de Paris \u00e0 l\u2019\u00eele de la R\u00e9union, en passant par le parc de la Brenne. <strong>Yonnel Li\u00e9geois<\/strong><\/span><\/p>\n<p><span style=\"font-size: large;\"><em>Disponible en ligne chez l\u2019\u00e9diteur. En vitrine \u00e0 la librairie Cousin Perrin au Blanc, \u00e0 la librairie C\u0153ur de Brenne \u00e0 M\u00e9zi\u00e8res-en-Brenne, \u00e0 la librairie Arcanes de Ch\u00e2teauroux. Disponible aussi chez l\u2019auteur (soletphil@hotmail.fr).<\/em><\/span><\/p>\n<h2 class=\"western\"><span style=\"font-size: large;\"><strong>Entre chemin de jeunesse et parcours de vie<\/strong><\/span><\/h2>\n<p><span style=\"font-size: large;\"><em><a href=\"https:\/\/www.brenne-au-coeur.com\/wp-content\/uploads\/2026\/03\/image.png\" rel=\"lightbox[7559]\"><img loading=\"lazy\" decoding=\"async\" class=\"alignright wp-image-7561\" src=\"https:\/\/www.brenne-au-coeur.com\/wp-content\/uploads\/2026\/03\/image-188x300.png\" alt=\"\" width=\"206\" height=\"329\" srcset=\"https:\/\/www.brenne-au-coeur.com\/wp-content\/uploads\/2026\/03\/image-188x300.png 188w, https:\/\/www.brenne-au-coeur.com\/wp-content\/uploads\/2026\/03\/image-643x1024.png 643w, https:\/\/www.brenne-au-coeur.com\/wp-content\/uploads\/2026\/03\/image-94x150.png 94w, https:\/\/www.brenne-au-coeur.com\/wp-content\/uploads\/2026\/03\/image-768x1224.png 768w, https:\/\/www.brenne-au-coeur.com\/wp-content\/uploads\/2026\/03\/image.png 797w\" sizes=\"auto, (max-width: 206px) 100vw, 206px\" \/><\/a>Auteur d\u00e9j\u00e0 d\u2019un recueil de tr\u00e8s inspir\u00e9, Philippe Gitton r\u00e9cidive sur les chemins d\u2019\u00e9criture. Pour nous offrir, en cette nouvelle ann\u00e9e, aux \u00e9ditions Ma\u00efa\u2026 Un ouvrage de belle facture, hors les gaucheries coutumi\u00e8res d\u2019un romancier n\u00e9ophyte&nbsp;! Anciennement journaliste \u00e0 <\/em><strong>La Vie Ouvri\u00e8re <\/strong><em>et correspondant au quotidien , l\u2019\u00e9crivain a puis\u00e9 dans les arcanes de son p\u00e9riple personnel pour pimenter son r\u00e9cit&nbsp;: facteur puis guichetier durant de longues ann\u00e9es, militant syndical et associatif, musicien et chanteur \u00e9pris des immortels Brassens et Brel, fid\u00e8le amoureux d\u2019une gracieuse compagne r\u00e9unionnaise, tous les deux retrait\u00e9s \u00e9panouis en c\u0153ur de Brenne.<\/em><\/span><\/p>\n<p>&nbsp;<\/p>\n<p><span style=\"font-size: large;\"><em>De chapitre en chapitre, le parcours d\u2019Alexandre et les traces de vie qu\u2019il grave d\u2019une qu\u00eate l\u2019autre nous \u00e9tonnent, nous surprennent, nous interpellent. Une trajectoire fort singuli\u00e8re, tant humaine que sentimentale, qui ressemble beaucoup \u00e0 celle de la jeunesse du temps pr\u00e9sent, tout \u00e0 la fois nourrie de fols espoirs et meurtrie par une soci\u00e9t\u00e9 en d\u00e9liquescence&nbsp;: comment se construire durablement, lorsque tout s\u2019\u00e9croule autour de vous&nbsp;? Philippe Gitton use d\u2019une plume cavali\u00e8re pour nous conter les m\u00e9andres d\u2019un chemin de traverse, entre questions identitaires et interrogations sur le devenir de la plan\u00e8te.<\/em><\/span><\/p>\n<p><span style=\"font-size: large;\"><em>Malgr\u00e9 quelques digressions qui s\u2019apparentent \u00e0 de belles feuilles touristiques, la langue distille sa petite musique, ludique et chatoyante, des faubourgs parisiens \u00e0 la Brenne verdoyante, de la salle de tri postal aux senteurs insulaires. D\u2019un bonheur \u00e0 port\u00e9e de souffle \u00e0 la trag\u00e9die qui gomme tout avenir, l\u2019\u00e9vidence s\u2019impose&nbsp;: l\u2019existence n\u2019est jamais un long fleuve tranquille&nbsp;! Une histoire marquante, riche d\u2019un final o\u00f9 la qualit\u00e9 d\u2019\u00e9criture emporte le lecteur dans un puissant flot d\u2019\u00e9motions.<\/em><strong> Y.L<\/strong>.<\/span><\/p>\n<p>&nbsp;<\/p>\n","protected":false},"excerpt":{"rendered":"<p>Le vendredi 3 avril \u00e0 18h, Philippe Gitton pr\u00e9sentera \u00e0 la m\u00e9diath\u00e8que de Martizay, son livre Alexandre, paru aux \u00e9ditions Ma\u00efa. L\u2019auteur en lira quelques extraits. Il \u00e9changera avec le public sur ses motivations d\u2019\u00e9criture et le sens qu\u2019il donne \u00e0 cette histoire. Yonnel li\u00e9geois, r\u00e9dacteur en chef du blog Chantiers de culture, a consacr\u00e9&hellip;&nbsp;<a href=\"https:\/\/www.brenne-au-coeur.com\/index.php\/2026\/03\/25\/alexandre-se-presente-a-martizay\/communes\/martizay\/7559\/\" rel=\"bookmark\">Lire la suite&nbsp;&raquo;<span class=\"screen-reader-text\">Alexandre se pr\u00e9sente \u00e0 Martizay<\/span><\/a><\/p>\n","protected":false},"author":1,"featured_media":7560,"comment_status":"open","ping_status":"open","sticky":false,"template":"","format":"standard","meta":{"rop_custom_images_group":[],"rop_custom_messages_group":[],"rop_publish_now":"initial","rop_publish_now_accounts":[],"rop_publish_now_history":[],"rop_publish_now_status":"pending","_monsterinsights_skip_tracking":false,"_monsterinsights_sitenote_active":false,"_monsterinsights_sitenote_note":"","_monsterinsights_sitenote_category":0,"neve_meta_sidebar":"","neve_meta_container":"","neve_meta_enable_content_width":"off","neve_meta_content_width":70,"neve_meta_title_alignment":"","neve_meta_author_avatar":"","neve_post_elements_order":"","neve_meta_disable_header":"","neve_meta_disable_footer":"","neve_meta_disable_title":"","_jetpack_memberships_contains_paid_content":false,"footnotes":"","jetpack_publicize_message":"","jetpack_publicize_feature_enabled":true,"jetpack_social_post_already_shared":true,"jetpack_social_options":{"image_generator_settings":{"template":"highway","default_image_id":0,"font":"","enabled":false},"version":2}},"categories":[11,59],"tags":[39],"class_list":["post-7559","post","type-post","status-publish","format-standard","has-post-thumbnail","hentry","category-martizay","category-mediatheque","tag-litterature"],"aioseo_notices":[],"jetpack_publicize_connections":[],"jetpack_featured_media_url":"https:\/\/www.brenne-au-coeur.com\/wp-content\/uploads\/2026\/03\/dedicace_PG-724x1024-1.jpg","jetpack-related-posts":[],"jetpack_sharing_enabled":true,"_links":{"self":[{"href":"https:\/\/www.brenne-au-coeur.com\/index.php\/wp-json\/wp\/v2\/posts\/7559","targetHints":{"allow":["GET"]}}],"collection":[{"href":"https:\/\/www.brenne-au-coeur.com\/index.php\/wp-json\/wp\/v2\/posts"}],"about":[{"href":"https:\/\/www.brenne-au-coeur.com\/index.php\/wp-json\/wp\/v2\/types\/post"}],"author":[{"embeddable":true,"href":"https:\/\/www.brenne-au-coeur.com\/index.php\/wp-json\/wp\/v2\/users\/1"}],"replies":[{"embeddable":true,"href":"https:\/\/www.brenne-au-coeur.com\/index.php\/wp-json\/wp\/v2\/comments?post=7559"}],"version-history":[{"count":1,"href":"https:\/\/www.brenne-au-coeur.com\/index.php\/wp-json\/wp\/v2\/posts\/7559\/revisions"}],"predecessor-version":[{"id":7563,"href":"https:\/\/www.brenne-au-coeur.com\/index.php\/wp-json\/wp\/v2\/posts\/7559\/revisions\/7563"}],"wp:featuredmedia":[{"embeddable":true,"href":"https:\/\/www.brenne-au-coeur.com\/index.php\/wp-json\/wp\/v2\/media\/7560"}],"wp:attachment":[{"href":"https:\/\/www.brenne-au-coeur.com\/index.php\/wp-json\/wp\/v2\/media?parent=7559"}],"wp:term":[{"taxonomy":"category","embeddable":true,"href":"https:\/\/www.brenne-au-coeur.com\/index.php\/wp-json\/wp\/v2\/categories?post=7559"},{"taxonomy":"post_tag","embeddable":true,"href":"https:\/\/www.brenne-au-coeur.com\/index.php\/wp-json\/wp\/v2\/tags?post=7559"}],"curies":[{"name":"wp","href":"https:\/\/api.w.org\/{rel}","templated":true}]}}