{"id":7553,"date":"2026-03-25T11:38:20","date_gmt":"2026-03-25T10:38:20","guid":{"rendered":"https:\/\/www.brenne-au-coeur.com\/?p=7553"},"modified":"2026-03-25T11:39:41","modified_gmt":"2026-03-25T10:39:41","slug":"ballade-des-perdus","status":"publish","type":"post","link":"https:\/\/www.brenne-au-coeur.com\/index.php\/2026\/03\/25\/ballade-des-perdus\/communes\/7553\/","title":{"rendered":"Ballade des perdus"},"content":{"rendered":"<p><span style=\"font-size: large;\">Vendredi 10 avril 2026 \u00e0 19h30, spectacle \u00e0 La Crapaudine,13 rue Saint Andr\u00e9 <\/span><span style=\"font-size: large;\">\u00e0 Rosnay. Organis\u00e9 par Les Amis de la Crapaudine.<\/span><\/p>\n<p><span style=\"font-size: large;\">\u00ab&nbsp;Ballade des perdus&nbsp;\u00bb est un spectacle \u00e9crit par <a href=\"https:\/\/christine-payeux.e-monsite.com\/\">Christine Payeux<\/a>. Elle s\u2019accompagne \u00e0 la viole de gambe. <\/span><\/p>\n<p><span style=\"font-size: large;\"><a href=\"https:\/\/www.brenne-au-coeur.com\/wp-content\/uploads\/2026\/03\/payeux.jpeg\" rel=\"lightbox[7553]\"><img loading=\"lazy\" decoding=\"async\" class=\"alignleft wp-image-7556 size-full\" src=\"https:\/\/www.brenne-au-coeur.com\/wp-content\/uploads\/2026\/03\/payeux.jpeg\" alt=\"\" width=\"259\" height=\"194\" srcset=\"https:\/\/www.brenne-au-coeur.com\/wp-content\/uploads\/2026\/03\/payeux.jpeg 259w, https:\/\/www.brenne-au-coeur.com\/wp-content\/uploads\/2026\/03\/payeux-150x112.jpeg 150w\" sizes=\"auto, (max-width: 259px) 100vw, 259px\" \/><\/a>Christine Payeux lance un Cri \u00e9perdu, hurlant depuis les profondeurs du corps, celui des autres, le n\u00f4tre, le sien. S&rsquo;accompagnant \u00e0 la viole de gambe, l&rsquo;autrice musicienne m\u00eale dans son spectacle le r\u00e9alisme gla\u00e7ant de la barbarie \u00e0 des moments de gr\u00e2ce et de tendresse humaine. Et voil\u00e0 qu&rsquo;au d\u00e9tour de l&rsquo;exode, surgit une sc\u00e8ne d&rsquo;une impossible beaut\u00e9, comme si l&rsquo;imaginaire tra\u00e7ait une voie de survie. La puissance de l&rsquo;\u00e9criture, de l&rsquo;archet, et de la vid\u00e9o poignante de Rami Abou Jamous depuis Gaza, nous impose son rythme de fragments d\u00e9chiquet\u00e9s \u00e0 la bombe.<\/span><\/p>\n<p><span style=\"font-size: large;\"><i>Christine Payeux a poursuivi ses \u00e9tudes musicales au conservatoire de Lille puis au conservatoire sup\u00e9rieur de Bruxelles, dans la classe de Wieland Kuijken, o\u00f9 elle a obtenu le premier prix de viole de gambe.<\/i><\/span><\/p>\n<p><span style=\"font-size: large;\"><i>Elle a enseign\u00e9 la viole au Conservatoire National de R\u00e9gion de Lille pendant neuf ans.<\/i><\/span><\/p>\n<p><span style=\"font-size: large;\"><i>Elle a particip\u00e9 \u00e0 l\u2019enregistrement d\u2019une trentaine de CD notamment avec \u00ab&nbsp;La grande Ecurie et la Chambre du Roy&nbsp;\u00bb (Jean-Claude Malgoire), \u00ab&nbsp;Cl\u00e9ment Jannequin&nbsp;\u00bb (Dominique Visse), \u00ab&nbsp;Continuum&nbsp;\u00bb, \u00ab&nbsp;Le Parlement de Musique&nbsp;\u00bb (Martin Gester), \u00ab&nbsp;In Ore Mel&nbsp;\u00bb (Olivier Vernet) et joue en concerts avec d\u2019autres formations comme \u00ab&nbsp;les Sacqueboutiers de Toulouse&nbsp;\u00bb, \u00ab&nbsp;Philidor&nbsp;\u00bb (Fran\u00e7ois Bazola), \u00ab&nbsp;Accentus&nbsp;\u00bb (Laurence Equilbey), \u00ab&nbsp;Il seminario musicale&nbsp;\u00bb (G\u00e9rard Lesne), \u00ab&nbsp;Le Concert d\u2019Astr\u00e9e&nbsp;\u00bb (Emmanuelle Ha\u00efm), \u00ab&nbsp;La Tempesta&nbsp;\u00bb (Patrick Bismuth), \u00ab&nbsp;L\u2019Ensemble Jacques Moderne (Jo\u00ebl Suhubiette)\u2026<\/i><\/span><\/p>\n<p><span style=\"font-size: large;\"><i>Titulaire d\u2019une ma\u00eetrise de Lettres Modernes, sa double formation, litt\u00e9raire et musicale, la conduit \u00e0 collaborer \u00e0 la cr\u00e9ation de spectacles o\u00f9 se conjuguent textes et conception musicale, (\u00ab&nbsp;Vision des couleurs&nbsp;\u00bb, ALIAS, forum des Sciences, La m\u00e9moire des pierres&nbsp;\u00bb,<\/i><\/span><\/p>\n<p><span style=\"font-size: large;\"><i><a href=\"https:\/\/www.brenne-au-coeur.com\/wp-content\/uploads\/2026\/03\/cp-image-fixe.jpg\" rel=\"lightbox[7553]\"><img loading=\"lazy\" decoding=\"async\" class=\"alignright wp-image-7554 \" src=\"https:\/\/www.brenne-au-coeur.com\/wp-content\/uploads\/2026\/03\/cp-image-fixe-238x300.jpg\" alt=\"\" width=\"211\" height=\"266\" srcset=\"https:\/\/www.brenne-au-coeur.com\/wp-content\/uploads\/2026\/03\/cp-image-fixe-238x300.jpg 238w, https:\/\/www.brenne-au-coeur.com\/wp-content\/uploads\/2026\/03\/cp-image-fixe-119x150.jpg 119w, https:\/\/www.brenne-au-coeur.com\/wp-content\/uploads\/2026\/03\/cp-image-fixe.jpg 266w\" sizes=\"auto, (max-width: 211px) 100vw, 211px\" \/><\/a>Mus\u00e9e de l&rsquo;Hospice Comtesse de Lille, \u00ab&nbsp;Les Math\u00e9matiques \u00e0 l&rsquo;\u00e2ge baroque&nbsp;\u00bb, IREM de Lille\u2026)<\/i><\/span><\/p>\n<p><span style=\"font-size: large;\"><i>En 1995, elle fonde \u00e0 Lille son ensemble de musique baroque \u00ab&nbsp;Les Voix Humaines&nbsp;\u00bb avec lequel elle enregistre des cantates et sonates d\u2019Elisabeth Jacquet de la Guerre&nbsp;: Le Sommeil d&rsquo;Ulysse (alpha 1999) qui a re\u00e7u les \u00e9loges de la presse.<\/i><\/span><\/p>\n<p><span style=\"font-size: large;\"><i>En 2004, elle cr\u00e9e \u00e0 Tours la \u00ab&nbsp;Compagnie Les Voix Humaines&nbsp;\u00bb au sein de laquelle elle pratique la musique improvis\u00e9e.<\/i><\/span><\/p>\n<p><span style=\"font-size: large;\"><i>Elle participe \u00e9galement \u00e0 des cr\u00e9ations contemporaines (D. Vasseur, G. Dazzi \u2026) et \u00e0 des concerts rock (avec sa viole amplifi\u00e9e) aux c\u00f4t\u00e9s de la chanteuse Claire Diterzi. <\/i><\/span><\/p>\n<p><span style=\"font-size: large;\"><i>(Texte Wikip\u00e9dia)<\/i><\/span><\/p>\n<p><span style=\"font-size: large;\">R\u00e9servation obligatoire. Prix libre<\/span><\/p>\n<p><span style=\"font-size: large;\">Renseignements \/ R\u00e9servation 02 54 37 77 12 (R\u00e9servation)<\/span><\/p>\n<p><span style=\"font-size: large;\">Apporter un plat sal\u00e9 ou sucr\u00e9 \u00e0 partager.<\/span><\/p>\n<p><em><span style=\"font-size: large;\">La photo o\u00f9 Christine Payeux joue de la viole de Gambe est issue du site \u00ab\u00a0Le parlement des \u00e9crivaines francophones\u00a0\u00bb. La seconde provient du site de l&rsquo;artiste.<\/span><\/em><\/p>\n","protected":false},"excerpt":{"rendered":"<p>Vendredi 10 avril 2026 \u00e0 19h30, spectacle \u00e0 La Crapaudine,13 rue Saint Andr\u00e9 \u00e0 Rosnay. Organis\u00e9 par Les Amis de la Crapaudine. \u00ab&nbsp;Ballade des perdus&nbsp;\u00bb est un spectacle \u00e9crit par Christine Payeux. Elle s\u2019accompagne \u00e0 la viole de gambe. Christine Payeux lance un Cri \u00e9perdu, hurlant depuis les profondeurs du corps, celui des autres, le&hellip;&nbsp;<a href=\"https:\/\/www.brenne-au-coeur.com\/index.php\/2026\/03\/25\/ballade-des-perdus\/communes\/7553\/\" rel=\"bookmark\">Lire la suite&nbsp;&raquo;<span class=\"screen-reader-text\">Ballade des perdus<\/span><\/a><\/p>\n","protected":false},"author":1,"featured_media":7555,"comment_status":"open","ping_status":"open","sticky":false,"template":"","format":"standard","meta":{"rop_custom_images_group":[],"rop_custom_messages_group":[],"rop_publish_now":"initial","rop_publish_now_accounts":[],"rop_publish_now_history":[],"rop_publish_now_status":"pending","_monsterinsights_skip_tracking":false,"_monsterinsights_sitenote_active":false,"_monsterinsights_sitenote_note":"","_monsterinsights_sitenote_category":0,"neve_meta_sidebar":"","neve_meta_container":"","neve_meta_enable_content_width":"off","neve_meta_content_width":70,"neve_meta_title_alignment":"","neve_meta_author_avatar":"","neve_post_elements_order":"","neve_meta_disable_header":"","neve_meta_disable_footer":"","neve_meta_disable_title":"","_jetpack_memberships_contains_paid_content":false,"footnotes":"","jetpack_publicize_message":"","jetpack_publicize_feature_enabled":true,"jetpack_social_post_already_shared":true,"jetpack_social_options":{"image_generator_settings":{"template":"highway","default_image_id":0,"font":"","enabled":false},"version":2}},"categories":[8,153],"tags":[64],"class_list":["post-7553","post","type-post","status-publish","format-standard","has-post-thumbnail","hentry","category-communes","category-rosnay","tag-concert"],"aioseo_notices":[],"jetpack_publicize_connections":[],"jetpack_featured_media_url":"https:\/\/www.brenne-au-coeur.com\/wp-content\/uploads\/2026\/03\/10-04-Concert-Crapaudine-Rosnay-2.jpg","jetpack-related-posts":[],"jetpack_sharing_enabled":true,"_links":{"self":[{"href":"https:\/\/www.brenne-au-coeur.com\/index.php\/wp-json\/wp\/v2\/posts\/7553","targetHints":{"allow":["GET"]}}],"collection":[{"href":"https:\/\/www.brenne-au-coeur.com\/index.php\/wp-json\/wp\/v2\/posts"}],"about":[{"href":"https:\/\/www.brenne-au-coeur.com\/index.php\/wp-json\/wp\/v2\/types\/post"}],"author":[{"embeddable":true,"href":"https:\/\/www.brenne-au-coeur.com\/index.php\/wp-json\/wp\/v2\/users\/1"}],"replies":[{"embeddable":true,"href":"https:\/\/www.brenne-au-coeur.com\/index.php\/wp-json\/wp\/v2\/comments?post=7553"}],"version-history":[{"count":1,"href":"https:\/\/www.brenne-au-coeur.com\/index.php\/wp-json\/wp\/v2\/posts\/7553\/revisions"}],"predecessor-version":[{"id":7557,"href":"https:\/\/www.brenne-au-coeur.com\/index.php\/wp-json\/wp\/v2\/posts\/7553\/revisions\/7557"}],"wp:featuredmedia":[{"embeddable":true,"href":"https:\/\/www.brenne-au-coeur.com\/index.php\/wp-json\/wp\/v2\/media\/7555"}],"wp:attachment":[{"href":"https:\/\/www.brenne-au-coeur.com\/index.php\/wp-json\/wp\/v2\/media?parent=7553"}],"wp:term":[{"taxonomy":"category","embeddable":true,"href":"https:\/\/www.brenne-au-coeur.com\/index.php\/wp-json\/wp\/v2\/categories?post=7553"},{"taxonomy":"post_tag","embeddable":true,"href":"https:\/\/www.brenne-au-coeur.com\/index.php\/wp-json\/wp\/v2\/tags?post=7553"}],"curies":[{"name":"wp","href":"https:\/\/api.w.org\/{rel}","templated":true}]}}