{"id":7548,"date":"2026-03-25T10:38:44","date_gmt":"2026-03-25T09:38:44","guid":{"rendered":"https:\/\/www.brenne-au-coeur.com\/?p=7548"},"modified":"2026-03-25T10:42:08","modified_gmt":"2026-03-25T09:42:08","slug":"une-conference-pour-un-prince","status":"publish","type":"post","link":"https:\/\/www.brenne-au-coeur.com\/index.php\/2026\/03\/25\/une-conference-pour-un-prince\/le-blanc\/7548\/","title":{"rendered":"Une conf\u00e9rence pour un Prince"},"content":{"rendered":"<p><span style=\"font-size: large;\">Jeudi 09 avril 2026 \u00e0 18h00, salle Carnot, rue Pasteur au Blanc, Chantal Kroliczak pr\u00e9sentera une conf\u00e9rence \u00e0 propos du Prince Murat, organis\u00e9e par l\u2019Universit\u00e9 Interg\u00e9n\u00e9ration Populaire Blancoise (UIPB).<\/span><\/p>\n<figure id=\"attachment_7549\" aria-describedby=\"caption-attachment-7549\" style=\"width: 225px\" class=\"wp-caption alignleft\"><a href=\"https:\/\/www.brenne-au-coeur.com\/wp-content\/uploads\/2026\/03\/murat-01.resized-225x300-1.webp\"><img loading=\"lazy\" decoding=\"async\" class=\"wp-image-7549 size-full\" src=\"https:\/\/www.brenne-au-coeur.com\/wp-content\/uploads\/2026\/03\/murat-01.resized-225x300-1.webp\" alt=\"\" width=\"225\" height=\"300\" srcset=\"https:\/\/www.brenne-au-coeur.com\/wp-content\/uploads\/2026\/03\/murat-01.resized-225x300-1.webp 225w, https:\/\/www.brenne-au-coeur.com\/wp-content\/uploads\/2026\/03\/murat-01.resized-225x300-1-113x150.webp 113w\" sizes=\"auto, (max-width: 225px) 100vw, 225px\" \/><\/a><figcaption id=\"caption-attachment-7549\" class=\"wp-caption-text\">Photo Chantal Kroliczak<\/figcaption><\/figure>\n<p><span style=\"font-size: large;\">Une st\u00e8le \u00e9rig\u00e9e pr\u00e8s de La Gabri\u00e8re, \u00e0 Ling\u00e9, rappelle que la vie de Joachim Murat s\u2019est arr\u00eat\u00e9e \u00e0 cet endroit, le 20 juillet 1944. Qui \u00e9tait ce prince napol\u00e9onien, et que faisait-il en Brenne&nbsp;? Nous l\u00e8verons le voile au cours de cette conf\u00e9rence, en partenariat avec l\u2019Association des Amis du Blanc et de sa R\u00e9gion.<\/span><\/p>\n<p><span style=\"font-size: large;\">Chantal a consacr\u00e9 \u00e0 ce sujet, un article publi\u00e9 sur ce blog. En voici un extrait.<\/span><\/p>\n<p><span style=\"font-size: large;\">\u00ab\u00a0Le 16 janvier 1920, \u00e0 Neuilly-sur-Seine, na\u00eet sous le nom de Louis Joachim Planti\u00e9 cet enfant, reconnu par son p\u00e8re quelques mois plus tard. Ce dernier n\u2019est autre que Joachim, Napol\u00e9on, Michel Murat, prince de Pontecorvo, l\u2019arri\u00e8re-petit-neveu de Napol\u00e9on 1er. Cette lign\u00e9e familiale a d\u00e9but\u00e9 en 1800 par le mariage du g\u00e9n\u00e9ral Joachim Murat (1767-1815) avec Caroline Bonaparte (1782-1839), la s\u0153ur cadette du futur empereur des Fran\u00e7ais. Le couple sera promu roi et reine du royaume de Naples, entre 1808 et 1815, en remplacement de Joseph Bonaparte, fr\u00e8re a\u00een\u00e9 du \u00ab&nbsp;petit caporal&nbsp;\u00bb. <\/span><\/p>\n<p><span style=\"font-size: large;\">(\u2026) A l\u2019\u00e2ge de 20 ans, il \u00e9pouse \u00e0 Marseille Nicole Pastr\u00e9, issue d\u2019une famille de comtes romains (ancienne noblesse pontificale) implant\u00e9e dans la cit\u00e9 phoc\u00e9enne. Le jeune couple demeure \u00e0 Neuilly-sur-Seine. Joachim, soldat \u00ab&nbsp;classe 1940&nbsp;\u00bb dans le d\u00e9partement de la Seine, est alors \u00e9l\u00e8ve pilote aviateur.<\/span><\/p>\n<p><span style=\"font-size: large;\">De cette union, trois enfants na\u00eetront rapidement&nbsp;: Caroline en 1941, Madeleine l\u2019ann\u00e9e suivante et Joachim, n\u00e9 posthume le 26 novembre 1944. Ils sont <a href=\"https:\/\/www.brenne-au-coeur.com\/wp-content\/uploads\/2026\/03\/murat-2-247x300-1.webp\"><img loading=\"lazy\" decoding=\"async\" class=\"alignright wp-image-7551 size-full\" src=\"https:\/\/www.brenne-au-coeur.com\/wp-content\/uploads\/2026\/03\/murat-2-247x300-1.webp\" alt=\"\" width=\"247\" height=\"300\" srcset=\"https:\/\/www.brenne-au-coeur.com\/wp-content\/uploads\/2026\/03\/murat-2-247x300-1.webp 247w, https:\/\/www.brenne-au-coeur.com\/wp-content\/uploads\/2026\/03\/murat-2-247x300-1-124x150.webp 124w\" sizes=\"auto, (max-width: 247px) 100vw, 247px\" \/><\/a>tous Pupilles de la Nation et n\u2019ont eu gu\u00e8re le temps de conna\u00eetre leur p\u00e8re.<\/span><\/p>\n<p><span style=\"font-size: large;\">Le cadet de cette fratrie, seul descendant masculin, 8e prince Murat est l\u2019actuel chef de la famille Murat. Pr\u00e9sident d\u2019honneur du Souvenir napol\u00e9onien, Joachim Louis Napol\u00e9on s\u2019investit beaucoup aupr\u00e8s des cercles bonapartistes et repr\u00e9sente fr\u00e9quemment sa famille dans les manifestations li\u00e9es \u00e0 son illustre anc\u00eatre.\u00a0\u00bb <\/span><\/p>\n<p><span style=\"font-size: large;\">L\u2019ensemble du texte est disponible, rubrique histoire, sous le titre\u00a0: <i>Joachim Murat, un prince en Brenne<\/i><\/span><\/p>\n","protected":false},"excerpt":{"rendered":"<p>Jeudi 09 avril 2026 \u00e0 18h00, salle Carnot, rue Pasteur au Blanc, Chantal Kroliczak pr\u00e9sentera une conf\u00e9rence \u00e0 propos du Prince Murat, organis\u00e9e par l\u2019Universit\u00e9 Interg\u00e9n\u00e9ration Populaire Blancoise (UIPB). Une st\u00e8le \u00e9rig\u00e9e pr\u00e8s de La Gabri\u00e8re, \u00e0 Ling\u00e9, rappelle que la vie de Joachim Murat s\u2019est arr\u00eat\u00e9e \u00e0 cet endroit, le 20 juillet 1944. Qui&hellip;&nbsp;<a href=\"https:\/\/www.brenne-au-coeur.com\/index.php\/2026\/03\/25\/une-conference-pour-un-prince\/le-blanc\/7548\/\" rel=\"bookmark\">Lire la suite&nbsp;&raquo;<span class=\"screen-reader-text\">Une conf\u00e9rence pour un Prince<\/span><\/a><\/p>\n","protected":false},"author":1,"featured_media":7550,"comment_status":"open","ping_status":"open","sticky":false,"template":"","format":"standard","meta":{"rop_custom_images_group":[],"rop_custom_messages_group":[],"rop_publish_now":"initial","rop_publish_now_accounts":[],"rop_publish_now_history":[],"rop_publish_now_status":"pending","_monsterinsights_skip_tracking":false,"_monsterinsights_sitenote_active":false,"_monsterinsights_sitenote_note":"","_monsterinsights_sitenote_category":0,"neve_meta_sidebar":"","neve_meta_container":"","neve_meta_enable_content_width":"off","neve_meta_content_width":70,"neve_meta_title_alignment":"","neve_meta_author_avatar":"","neve_post_elements_order":"","neve_meta_disable_header":"","neve_meta_disable_footer":"","neve_meta_disable_title":"","_jetpack_memberships_contains_paid_content":false,"footnotes":"","jetpack_publicize_message":"","jetpack_publicize_feature_enabled":true,"jetpack_social_post_already_shared":true,"jetpack_social_options":{"image_generator_settings":{"template":"highway","default_image_id":0,"font":"","enabled":false},"version":2}},"categories":[101],"tags":[49],"class_list":["post-7548","post","type-post","status-publish","format-standard","has-post-thumbnail","hentry","category-le-blanc","tag-histoire"],"aioseo_notices":[],"jetpack_publicize_connections":[],"jetpack_featured_media_url":"https:\/\/www.brenne-au-coeur.com\/wp-content\/uploads\/2026\/03\/murat-1-198x300-1.webp","jetpack-related-posts":[],"jetpack_sharing_enabled":true,"_links":{"self":[{"href":"https:\/\/www.brenne-au-coeur.com\/index.php\/wp-json\/wp\/v2\/posts\/7548","targetHints":{"allow":["GET"]}}],"collection":[{"href":"https:\/\/www.brenne-au-coeur.com\/index.php\/wp-json\/wp\/v2\/posts"}],"about":[{"href":"https:\/\/www.brenne-au-coeur.com\/index.php\/wp-json\/wp\/v2\/types\/post"}],"author":[{"embeddable":true,"href":"https:\/\/www.brenne-au-coeur.com\/index.php\/wp-json\/wp\/v2\/users\/1"}],"replies":[{"embeddable":true,"href":"https:\/\/www.brenne-au-coeur.com\/index.php\/wp-json\/wp\/v2\/comments?post=7548"}],"version-history":[{"count":1,"href":"https:\/\/www.brenne-au-coeur.com\/index.php\/wp-json\/wp\/v2\/posts\/7548\/revisions"}],"predecessor-version":[{"id":7552,"href":"https:\/\/www.brenne-au-coeur.com\/index.php\/wp-json\/wp\/v2\/posts\/7548\/revisions\/7552"}],"wp:featuredmedia":[{"embeddable":true,"href":"https:\/\/www.brenne-au-coeur.com\/index.php\/wp-json\/wp\/v2\/media\/7550"}],"wp:attachment":[{"href":"https:\/\/www.brenne-au-coeur.com\/index.php\/wp-json\/wp\/v2\/media?parent=7548"}],"wp:term":[{"taxonomy":"category","embeddable":true,"href":"https:\/\/www.brenne-au-coeur.com\/index.php\/wp-json\/wp\/v2\/categories?post=7548"},{"taxonomy":"post_tag","embeddable":true,"href":"https:\/\/www.brenne-au-coeur.com\/index.php\/wp-json\/wp\/v2\/tags?post=7548"}],"curies":[{"name":"wp","href":"https:\/\/api.w.org\/{rel}","templated":true}]}}