{"id":7528,"date":"2026-03-12T10:01:48","date_gmt":"2026-03-12T09:01:48","guid":{"rendered":"https:\/\/www.brenne-au-coeur.com\/?p=7528"},"modified":"2026-03-12T10:04:34","modified_gmt":"2026-03-12T09:04:34","slug":"la-sabotee-bernouse-en-quete-de-releve","status":"publish","type":"post","link":"https:\/\/www.brenne-au-coeur.com\/index.php\/2026\/03\/12\/la-sabotee-bernouse-en-quete-de-releve\/communes\/saint-michel-en-brenne\/7528\/","title":{"rendered":"La Sabot\u00e9e Bernouse en qu\u00eate de rel\u00e8ve"},"content":{"rendered":"<p><span style=\"font-size: large;\"><a href=\"https:\/\/www.brenne-au-coeur.com\/wp-content\/uploads\/2026\/03\/IMG_20251128_194111.jpg\" rel=\"lightbox[7528]\"><img loading=\"lazy\" decoding=\"async\" class=\"alignleft wp-image-7532\" src=\"https:\/\/www.brenne-au-coeur.com\/wp-content\/uploads\/2026\/03\/IMG_20251128_194111-300x169.jpg\" alt=\"\" width=\"362\" height=\"204\" srcset=\"https:\/\/www.brenne-au-coeur.com\/wp-content\/uploads\/2026\/03\/IMG_20251128_194111-300x169.jpg 300w, https:\/\/www.brenne-au-coeur.com\/wp-content\/uploads\/2026\/03\/IMG_20251128_194111-1024x576.jpg 1024w, https:\/\/www.brenne-au-coeur.com\/wp-content\/uploads\/2026\/03\/IMG_20251128_194111-150x84.jpg 150w, https:\/\/www.brenne-au-coeur.com\/wp-content\/uploads\/2026\/03\/IMG_20251128_194111-768x432.jpg 768w, https:\/\/www.brenne-au-coeur.com\/wp-content\/uploads\/2026\/03\/IMG_20251128_194111-1536x864.jpg 1536w, https:\/\/www.brenne-au-coeur.com\/wp-content\/uploads\/2026\/03\/IMG_20251128_194111.jpg 1920w\" sizes=\"auto, (max-width: 362px) 100vw, 362px\" \/><\/a>Depuis 20 ans, le groupe folklorique La Sabot\u00e9e Bernouse anime des \u00e9v\u00e9nements festifs. Elle cultive ainsi le patrimoine local. Les danses ex\u00e9cut\u00e9es entretiennent un r\u00e9pertoire puis\u00e9 dans l\u2019histoire du Berry. Bourr\u00e9es et branles constituant l\u2019essentiel des chor\u00e9graphies. Mais si la demande de tels spectacles demeure, la rel\u00e8ve peine \u00e0 se manifester. <\/span><\/p>\n<p><span style=\"font-size: large;\">En effet, l\u2019\u00e2ge de la plupart des danseuses et danseurs, les incitent \u00e0 penser au passage de t\u00e9moin. Ce qui n\u2019entame pas leur enthousiasme et l\u2019envie d\u2019ex\u00e9cuter les pas de danse avec la plus grande rigueur. D\u2019ailleurs la dirigeante du groupe, Yolande Truffier, le pr\u00e9cise. \u00ab\u00a0<em>Pour int\u00e9grer l\u2019\u00e9quipe, il est n\u00e9cessaire d\u2019avoir un minimum de sens de la musique et du rythme.\u00a0<\/em>\u00bb<\/span><\/p>\n<p><span style=\"font-size: large;\">Ils sont aujourd\u2019hui 25 \u00e0 \u00e9voluer sous les consignes de Pascal Garivet, le ma\u00eetre de danse.<\/span><\/p>\n<p><span style=\"font-size: large;\">C\u00f4t\u00e9 orchestre, cinq instruments. Accord\u00e9on, cornemuse, vielles et violon. <\/span><\/p>\n<p><span style=\"font-size: large;\">C\u2019est en 2006, que Yolande a cr\u00e9\u00e9e le groupe. La passion de la danse la tient depuis de tr\u00e8s nombreuses ann\u00e9es. Dans les ann\u00e9es 1980, elle \u00e9voluait au sein de la F\u00e9d\u00e9ration Fran\u00e7aise des \u0153uvres la\u00efques de Ch\u00e2teauroux. Elle constitue ensuite un premier groupe \u00e0 Azay-le-Ferron et organise des spectacles avec de la musique enregistr\u00e9e sur CD. Et puis progressivement un ensemble de musiciens est constitu\u00e9. Yolande y prend activement part. Elle apprend \u00e0 jouer de la vielle en 2014. <\/span><\/p>\n<figure id=\"attachment_7530\" aria-describedby=\"caption-attachment-7530\" style=\"width: 300px\" class=\"wp-caption alignright\"><a href=\"https:\/\/www.brenne-au-coeur.com\/wp-content\/uploads\/2026\/03\/20260311_145252-scaled.jpg\" rel=\"lightbox[7528]\"><img loading=\"lazy\" decoding=\"async\" class=\"wp-image-7530 size-medium\" src=\"https:\/\/www.brenne-au-coeur.com\/wp-content\/uploads\/2026\/03\/20260311_145252-300x225.jpg\" alt=\"\" width=\"300\" height=\"225\" srcset=\"https:\/\/www.brenne-au-coeur.com\/wp-content\/uploads\/2026\/03\/20260311_145252-300x225.jpg 300w, https:\/\/www.brenne-au-coeur.com\/wp-content\/uploads\/2026\/03\/20260311_145252-1024x768.jpg 1024w, https:\/\/www.brenne-au-coeur.com\/wp-content\/uploads\/2026\/03\/20260311_145252-150x113.jpg 150w, https:\/\/www.brenne-au-coeur.com\/wp-content\/uploads\/2026\/03\/20260311_145252-768x576.jpg 768w, https:\/\/www.brenne-au-coeur.com\/wp-content\/uploads\/2026\/03\/20260311_145252-1536x1152.jpg 1536w, https:\/\/www.brenne-au-coeur.com\/wp-content\/uploads\/2026\/03\/20260311_145252-2048x1536.jpg 2048w\" sizes=\"auto, (max-width: 300px) 100vw, 300px\" \/><\/a><figcaption id=\"caption-attachment-7530\" class=\"wp-caption-text\">R\u00e9p\u00e9tition salle des f\u00eates de Saint-Michel-en-Brenne<\/figcaption><\/figure>\n<p><span style=\"font-size: large;\">D\u00e8s lors, la Sabot\u00e9e Bernouse multiplie les spectacles. Des prestations costum\u00e9es d\u2019environ deux heures. La plus grande attention est accord\u00e9e aux tenues des danseurs et des musiciens. Des costumes adapt\u00e9s pour chaque individu. \u00ab\u00a0<em>Il faut souvent retailler les pantalons, les gilets, refaire des jupons les robes et les coiffes explique Yolande. Pour les chapeaux, par contre, il a fallu faire appel \u00e0 un fournisseur dans le sud du pays. \u00c0 Caussade, pr\u00e9cis\u00e9ment<\/em>&nbsp;\u00bb. Tout cet apparat donne une belle allure aux spectacles. De fait, chaque ann\u00e9e les repr\u00e9sentations se succ\u00e8dent. Le groupe est sollicit\u00e9 notamment pour la f\u00eate du marron, par la commune de M\u00e2ron, la f\u00eate de l\u2019entrec\u00f4te \u00e0 Saint-Michel (aujourd\u2019hui arr\u00eat\u00e9), la cavalcade de Heugnes, des s\u00e9minaires sur le site de Bellebouche, les f\u00eates de la musique etc. <\/span><\/p>\n<p><span style=\"font-size: large;\">La crise du COVID a malheureusement freiner les initiatives publiques festives. La Sabot\u00e9e Bernouse comme d\u2019autres, en subit, encore les cons\u00e9quences. En 2025, seulement quatre spectacles.<\/span><\/p>\n<p><span style=\"font-size: large;\">Pour 2026, des rendez-vous sont n\u00e9anmoins fix\u00e9s. Le 12 avril, le groupe se produira \u00e0 Pouligny-Saint-Pierre pour la f\u00eate des anciens \u00e9coliers, le 30 mai il sera pr\u00e9sent \u00e0 la f\u00eate annuelle de l\u2019EHPAD de M\u00e9zi\u00e8res-en-Brenne, du 5 au 11 ao\u00fbt, il participera \u00e0 un voyage en Allemagne, dans le cadre du comit\u00e9 de jumelage entre les villes d\u2019Azay-le-Ferron et Gars Am Inn. De retour en France il sera pr\u00e9sent \u00e0 Villeloin Courang\u00e9. <\/span><\/p>\n<p><span style=\"font-size: large;\">Alors toutes celles et tous ceux qui aiment la danse et la musique traditionnelles peuvent rejoindre la Sabot\u00e9e Bernouse. Le groupe fait preuve d\u2019un beau dynamisme et permet \u00e0 qui le souhaite de participer \u00e0 un projet collectif de qualit\u00e9. <\/span><\/p>\n<p><span style=\"font-size: large;\">Les r\u00e9p\u00e9titions ont lieu \u00e0 la salle des f\u00eates de Saint-Michel-en-Brenne, tous les 2<sup>e<\/sup> et 4<sup>e<\/sup> mercredi apr\u00e8s-midi du mois, \u00e0 partir de 14h00.<\/span><\/p>\n","protected":false},"excerpt":{"rendered":"<p>Depuis 20 ans, le groupe folklorique La Sabot\u00e9e Bernouse anime des \u00e9v\u00e9nements festifs. Elle cultive ainsi le patrimoine local. Les danses ex\u00e9cut\u00e9es entretiennent un r\u00e9pertoire puis\u00e9 dans l\u2019histoire du Berry. Bourr\u00e9es et branles constituant l\u2019essentiel des chor\u00e9graphies. Mais si la demande de tels spectacles demeure, la rel\u00e8ve peine \u00e0 se manifester. En effet, l\u2019\u00e2ge de&hellip;&nbsp;<a href=\"https:\/\/www.brenne-au-coeur.com\/index.php\/2026\/03\/12\/la-sabotee-bernouse-en-quete-de-releve\/communes\/saint-michel-en-brenne\/7528\/\" rel=\"bookmark\">Lire la suite&nbsp;&raquo;<span class=\"screen-reader-text\">La Sabot\u00e9e Bernouse en qu\u00eate de rel\u00e8ve<\/span><\/a><\/p>\n","protected":false},"author":1,"featured_media":7531,"comment_status":"open","ping_status":"open","sticky":false,"template":"","format":"standard","meta":{"rop_custom_images_group":[],"rop_custom_messages_group":[],"rop_publish_now":"initial","rop_publish_now_accounts":[],"rop_publish_now_history":[],"rop_publish_now_status":"pending","_monsterinsights_skip_tracking":false,"_monsterinsights_sitenote_active":false,"_monsterinsights_sitenote_note":"","_monsterinsights_sitenote_category":0,"neve_meta_sidebar":"","neve_meta_container":"","neve_meta_enable_content_width":"off","neve_meta_content_width":70,"neve_meta_title_alignment":"","neve_meta_author_avatar":"","neve_post_elements_order":"","neve_meta_disable_header":"","neve_meta_disable_footer":"","neve_meta_disable_title":"","_jetpack_memberships_contains_paid_content":false,"footnotes":"","jetpack_publicize_message":"","jetpack_publicize_feature_enabled":true,"jetpack_social_post_already_shared":true,"jetpack_social_options":{"image_generator_settings":{"template":"highway","default_image_id":0,"font":"","enabled":false},"version":2}},"categories":[16],"tags":[96,40,73],"class_list":["post-7528","post","type-post","status-publish","format-standard","has-post-thumbnail","hentry","category-saint-michel-en-brenne","tag-danse","tag-musique","tag-tradition"],"aioseo_notices":[],"jetpack_publicize_connections":[],"jetpack_featured_media_url":"https:\/\/www.brenne-au-coeur.com\/wp-content\/uploads\/2026\/03\/IMG_20251128_175235-scaled.jpg","jetpack-related-posts":[],"jetpack_sharing_enabled":true,"_links":{"self":[{"href":"https:\/\/www.brenne-au-coeur.com\/index.php\/wp-json\/wp\/v2\/posts\/7528","targetHints":{"allow":["GET"]}}],"collection":[{"href":"https:\/\/www.brenne-au-coeur.com\/index.php\/wp-json\/wp\/v2\/posts"}],"about":[{"href":"https:\/\/www.brenne-au-coeur.com\/index.php\/wp-json\/wp\/v2\/types\/post"}],"author":[{"embeddable":true,"href":"https:\/\/www.brenne-au-coeur.com\/index.php\/wp-json\/wp\/v2\/users\/1"}],"replies":[{"embeddable":true,"href":"https:\/\/www.brenne-au-coeur.com\/index.php\/wp-json\/wp\/v2\/comments?post=7528"}],"version-history":[{"count":3,"href":"https:\/\/www.brenne-au-coeur.com\/index.php\/wp-json\/wp\/v2\/posts\/7528\/revisions"}],"predecessor-version":[{"id":7535,"href":"https:\/\/www.brenne-au-coeur.com\/index.php\/wp-json\/wp\/v2\/posts\/7528\/revisions\/7535"}],"wp:featuredmedia":[{"embeddable":true,"href":"https:\/\/www.brenne-au-coeur.com\/index.php\/wp-json\/wp\/v2\/media\/7531"}],"wp:attachment":[{"href":"https:\/\/www.brenne-au-coeur.com\/index.php\/wp-json\/wp\/v2\/media?parent=7528"}],"wp:term":[{"taxonomy":"category","embeddable":true,"href":"https:\/\/www.brenne-au-coeur.com\/index.php\/wp-json\/wp\/v2\/categories?post=7528"},{"taxonomy":"post_tag","embeddable":true,"href":"https:\/\/www.brenne-au-coeur.com\/index.php\/wp-json\/wp\/v2\/tags?post=7528"}],"curies":[{"name":"wp","href":"https:\/\/api.w.org\/{rel}","templated":true}]}}