{"id":7514,"date":"2026-03-10T10:20:14","date_gmt":"2026-03-10T09:20:14","guid":{"rendered":"https:\/\/www.brenne-au-coeur.com\/?p=7514"},"modified":"2026-03-10T17:21:22","modified_gmt":"2026-03-10T16:21:22","slug":"subtray-le-livre","status":"publish","type":"post","link":"https:\/\/www.brenne-au-coeur.com\/index.php\/2026\/03\/10\/subtray-le-livre\/subtray\/7514\/","title":{"rendered":"Subtray, le livre"},"content":{"rendered":"<figure id=\"attachment_7519\" aria-describedby=\"caption-attachment-7519\" style=\"width: 142px\" class=\"wp-caption alignleft\"><a href=\"https:\/\/www.brenne-au-coeur.com\/wp-content\/uploads\/2026\/03\/nettete-et-main-retiree-via-IA.png\" rel=\"lightbox[7514]\"><img loading=\"lazy\" decoding=\"async\" class=\"wp-image-7519\" src=\"https:\/\/www.brenne-au-coeur.com\/wp-content\/uploads\/2026\/03\/nettete-et-main-retiree-via-IA-200x300.png\" alt=\"\" width=\"142\" height=\"213\" srcset=\"https:\/\/www.brenne-au-coeur.com\/wp-content\/uploads\/2026\/03\/nettete-et-main-retiree-via-IA-200x300.png 200w, https:\/\/www.brenne-au-coeur.com\/wp-content\/uploads\/2026\/03\/nettete-et-main-retiree-via-IA-683x1024.png 683w, https:\/\/www.brenne-au-coeur.com\/wp-content\/uploads\/2026\/03\/nettete-et-main-retiree-via-IA-100x150.png 100w, https:\/\/www.brenne-au-coeur.com\/wp-content\/uploads\/2026\/03\/nettete-et-main-retiree-via-IA-768x1152.png 768w, https:\/\/www.brenne-au-coeur.com\/wp-content\/uploads\/2026\/03\/nettete-et-main-retiree-via-IA.png 1024w\" sizes=\"auto, (max-width: 142px) 100vw, 142px\" \/><\/a><figcaption id=\"caption-attachment-7519\" class=\"wp-caption-text\">Elisabeth Plateaux, r\u00e9sistante durant la seconde guerre mondiale. <em>archives familiales &#8211; Gilles Canovaro. nettet\u00e9 et main retir\u00e9e via IA.png<\/em><\/figcaption><\/figure>\n<p><span style=\"font-size: large;\">Avec ce livre, l\u2019Association culturelle mac\u00e9rienne (ACM) propose de parcourir l\u2019histoire de ce hameau. L\u2019intention peut surprendre. D\u2019ailleurs, les premi\u00e8res lignes de l&rsquo;introduction <\/span><span style=\"font-size: large;\">rel\u00e8ve l\u2019originalit\u00e9 du projet. \u00ab\u00a0<i>Quelle dr\u00f4le d\u2019id\u00e9e de s\u2019int\u00e9resser \u00e0 ce hameau d\u00e9pendant de la commune de M\u00e9zi\u00e8res-en-Brenne, qui compte aujourd\u2019hui moins d\u2019une centaines d\u2019habitants et cinq rues<\/i>\u00a0\u00bb. Et pourtant\u00a0! Sous la plume de Chantal Kroliczak, l\u2019invitation au voyage ne manque pas de saveur. L\u2019ouvrage donne \u00e0 revivre, du N\u00e9olithique au XXe si\u00e8cle, des faits marquants de la localit\u00e9 qui s\u2019inscrivent parfois dans la grande histoire.<\/span><\/p>\n<figure id=\"attachment_7516\" aria-describedby=\"caption-attachment-7516\" style=\"width: 153px\" class=\"wp-caption alignright\"><a href=\"https:\/\/www.brenne-au-coeur.com\/wp-content\/uploads\/2026\/03\/A-Plateaux-SHD-Vincennes-GR-16P-2956301.jpg\" rel=\"lightbox[7514]\"><img loading=\"lazy\" decoding=\"async\" class=\"wp-image-7516\" src=\"https:\/\/www.brenne-au-coeur.com\/wp-content\/uploads\/2026\/03\/A-Plateaux-SHD-Vincennes-GR-16P-2956301-226x300.jpg\" alt=\"\" width=\"153\" height=\"203\" srcset=\"https:\/\/www.brenne-au-coeur.com\/wp-content\/uploads\/2026\/03\/A-Plateaux-SHD-Vincennes-GR-16P-2956301-226x300.jpg 226w, https:\/\/www.brenne-au-coeur.com\/wp-content\/uploads\/2026\/03\/A-Plateaux-SHD-Vincennes-GR-16P-2956301-113x150.jpg 113w, https:\/\/www.brenne-au-coeur.com\/wp-content\/uploads\/2026\/03\/A-Plateaux-SHD-Vincennes-GR-16P-2956301.jpg 752w\" sizes=\"auto, (max-width: 153px) 100vw, 153px\" \/><\/a><figcaption id=\"caption-attachment-7516\" class=\"wp-caption-text\">Andre Plateaux. R\u00e9sistant avec son \u00e9pouse Elisabeth. <em>Source. SHD Vincennes GR 16 P 295630<span style=\"font-size: large;\">de\u00a0<\/span><\/em><\/figcaption><\/figure>\n<p><span style=\"font-size: large;\">Des traces de vie humaine 6000 ans avant notre \u00e8re, jusqu\u2019\u00e0 la r\u00e9sistance \u00e0 l\u2019occupation allemande de la deuxi\u00e8me guerre mondiale, le r\u00e9cit transporte le lecteur \u00e0 travers les si\u00e8cles. Il permet notamment, de mieux comprendre les liens tiss\u00e9s au fil du temps entre Subtray et M\u00e9zi\u00e8res, le r\u00f4le essentiel de la religion, avec la construction successive des \u00e9glises au moyen \u00e2ge. <\/span><\/p>\n<p><span style=\"font-size: large;\">Au c\u0153ur du livre, un chapitre attire particuli\u00e8rement l\u2019attention. Celui d\u00e9di\u00e9 \u00e0 l\u2019histoire du ch\u00e2teau de Beauregard. Un bel \u00e9difice visible de la route de la Roche-Marteau, qui n\u2019est pas sans intriguer le passant. Sa destin\u00e9e conna\u00eet un coup d\u2019acc\u00e9l\u00e9rateur \u00e0 la fin du XIXe si\u00e8cle. Chantal en rappelle les caract\u00e9ristiques. avec l\u2019arriv\u00e9e du marquis de Vassal-Montviel. \u00ab\u00a0<i>qui fera b\u00e2tir l\u2019actuel ch\u00e2teau, dynamisera toute l\u2019activit\u00e9 agricole voisine que la halte du B.A viendra renforcer (ligne de chemin de fer Le Blanc- Argent-sur-Sauldre. NDLR). D\u00e9laisser depuis 30 ans par ses actuels acqu\u00e9reurs, le site est devenu qu<\/i><i>e<\/i><i>lque peu \u00e9nigmatique, apr\u00e8s s\u2019\u00eatre converti en maison de retraite puis de repos avant d\u2019accueillir les enfants d\u2019une guillerette colonie de vacances\u00a0<\/i>\u00bb. Le captivant t\u00e9moignage d\u2019un jeune moniteur replongera sans doute, dans des souvenirs \u00e9mouvants, celles et ceux qui ont connu ces centres de vacances.<\/span><\/p>\n<figure id=\"attachment_7517\" aria-describedby=\"caption-attachment-7517\" style=\"width: 255px\" class=\"wp-caption alignleft\"><a href=\"https:\/\/www.brenne-au-coeur.com\/wp-content\/uploads\/2026\/03\/image_0957248_20210526_ob_72be91_beauregard-colo.jpg\" rel=\"lightbox[7514]\"><img loading=\"lazy\" decoding=\"async\" class=\"wp-image-7517\" src=\"https:\/\/www.brenne-au-coeur.com\/wp-content\/uploads\/2026\/03\/image_0957248_20210526_ob_72be91_beauregard-colo-300x199.jpg\" alt=\"\" width=\"255\" height=\"169\" srcset=\"https:\/\/www.brenne-au-coeur.com\/wp-content\/uploads\/2026\/03\/image_0957248_20210526_ob_72be91_beauregard-colo-300x199.jpg 300w, https:\/\/www.brenne-au-coeur.com\/wp-content\/uploads\/2026\/03\/image_0957248_20210526_ob_72be91_beauregard-colo-150x99.jpg 150w, https:\/\/www.brenne-au-coeur.com\/wp-content\/uploads\/2026\/03\/image_0957248_20210526_ob_72be91_beauregard-colo.jpg 716w\" sizes=\"auto, (max-width: 255px) 100vw, 255px\" \/><\/a><figcaption id=\"caption-attachment-7517\" class=\"wp-caption-text\">La colonie RATP au ch\u00e2teau. <em>Carte postale ancienne<\/em><span style=\"font-size: large;\">. <\/span><\/figcaption><\/figure>\n<figure id=\"attachment_7518\" aria-describedby=\"caption-attachment-7518\" style=\"width: 124px\" class=\"wp-caption alignright\"><a href=\"https:\/\/www.brenne-au-coeur.com\/wp-content\/uploads\/2026\/03\/M-Allorant.jpg\" rel=\"lightbox[7514]\"><img loading=\"lazy\" decoding=\"async\" class=\"wp-image-7518\" src=\"https:\/\/www.brenne-au-coeur.com\/wp-content\/uploads\/2026\/03\/M-Allorant-163x300.jpg\" alt=\"\" width=\"124\" height=\"228\" srcset=\"https:\/\/www.brenne-au-coeur.com\/wp-content\/uploads\/2026\/03\/M-Allorant-163x300.jpg 163w, https:\/\/www.brenne-au-coeur.com\/wp-content\/uploads\/2026\/03\/M-Allorant-81x150.jpg 81w, https:\/\/www.brenne-au-coeur.com\/wp-content\/uploads\/2026\/03\/M-Allorant.jpg 305w\" sizes=\"auto, (max-width: 124px) 100vw, 124px\" \/><\/a><figcaption id=\"caption-attachment-7518\" class=\"wp-caption-text\">L&rsquo;institutrice Micheline Alloran, parmi ses \u00e9l\u00e8ves<\/figcaption><\/figure>\n<p><span style=\"font-size: large;\">Mais pour tous les enfants, apr\u00e8s les vacances, il faut bien penser \u00e0 l\u2019\u00e9cole. Et c\u2019est pr\u00e9cis\u00e9ment sur la place de l\u2019\u00e9cole publique \u00e0 Subtray que l\u2019\u00e9pisode suivant est consacr\u00e9. L\u2019autrice pose un regard quasi sociologique sur l\u2019\u00e9volution de l\u2019enseignement la\u00efque, au c\u0153ur du hameau. Les rapports entretenus par les parents avec une scolarit\u00e9 obligatoire en plein bouleversement, d\u00e8s la fin du XIXe si\u00e8cle, l\u2019organisation des cours, les moyens mis \u00e0 la disposition des enseignants, leur formation. Un tour d\u2019horizon complet, \u00e0 l\u2019image de l\u2019ensemble du livre.<\/span><\/p>\n<p>&nbsp;<\/p>\n<p><span style=\"font-size: large;\">Comme toutes les productions historiques de l\u2019ACM, le livre consacr\u00e9 \u00e0 Subtray brille par la qualit\u00e9 du texte. Sur tous les sujets trait\u00e9s, le d\u00e9roul\u00e9 est clair, jalonn\u00e9 de multiples anecdotes, de nombreuses photos et documents qui rendent sa lecture passionnante. <\/span><\/p>\n<p><span style=\"font-size: large;\"><b><img loading=\"lazy\" decoding=\"async\" class=\" wp-image-7522 alignleft\" src=\"https:\/\/www.brenne-au-coeur.com\/wp-content\/uploads\/2026\/03\/20260309_100647-225x300.jpg\" alt=\"\" width=\"170\" height=\"227\" \/><\/b><\/span><\/p>\n<p>&nbsp;<\/p>\n<p>&nbsp;<\/p>\n<p><span style=\"font-size: large;\"><b>Subtray, hameau de M\u00e9zi\u00e8res-en-Brenne. Son histoire, du N\u00e9olithique au XXe si\u00e8cle.<\/b><\/span><\/p>\n<p><span style=\"font-size: large;\"><i>En vente \u00e0 la librairie C\u0153ur de Brenne \u00e0 M\u00e9zi\u00e8res. 15 \u20ac<\/i><\/span><\/p>\n","protected":false},"excerpt":{"rendered":"<p>Avec ce livre, l\u2019Association culturelle mac\u00e9rienne (ACM) propose de parcourir l\u2019histoire de ce hameau. L\u2019intention peut surprendre. D\u2019ailleurs, les premi\u00e8res lignes de l&rsquo;introduction rel\u00e8ve l\u2019originalit\u00e9 du projet. \u00ab\u00a0Quelle dr\u00f4le d\u2019id\u00e9e de s\u2019int\u00e9resser \u00e0 ce hameau d\u00e9pendant de la commune de M\u00e9zi\u00e8res-en-Brenne, qui compte aujourd\u2019hui moins d\u2019une centaines d\u2019habitants et cinq rues\u00a0\u00bb. Et pourtant\u00a0! Sous la&hellip;&nbsp;<a href=\"https:\/\/www.brenne-au-coeur.com\/index.php\/2026\/03\/10\/subtray-le-livre\/subtray\/7514\/\" rel=\"bookmark\">Lire la suite&nbsp;&raquo;<span class=\"screen-reader-text\">Subtray, le livre<\/span><\/a><\/p>\n","protected":false},"author":1,"featured_media":7522,"comment_status":"open","ping_status":"open","sticky":false,"template":"","format":"standard","meta":{"rop_custom_images_group":[],"rop_custom_messages_group":[],"rop_publish_now":"initial","rop_publish_now_accounts":[],"rop_publish_now_history":[],"rop_publish_now_status":"pending","_monsterinsights_skip_tracking":false,"_monsterinsights_sitenote_active":false,"_monsterinsights_sitenote_note":"","_monsterinsights_sitenote_category":0,"neve_meta_sidebar":"","neve_meta_container":"","neve_meta_enable_content_width":"off","neve_meta_content_width":70,"neve_meta_title_alignment":"","neve_meta_author_avatar":"","neve_post_elements_order":"","neve_meta_disable_header":"","neve_meta_disable_footer":"","neve_meta_disable_title":"","_jetpack_memberships_contains_paid_content":false,"footnotes":"","jetpack_publicize_message":"","jetpack_publicize_feature_enabled":true,"jetpack_social_post_already_shared":true,"jetpack_social_options":{"image_generator_settings":{"template":"highway","default_image_id":0,"font":"","enabled":false},"version":2}},"categories":[106],"tags":[49],"class_list":["post-7514","post","type-post","status-publish","format-standard","has-post-thumbnail","hentry","category-subtray","tag-histoire"],"aioseo_notices":[],"jetpack_publicize_connections":[],"jetpack_featured_media_url":"https:\/\/www.brenne-au-coeur.com\/wp-content\/uploads\/2026\/03\/20260309_100647-scaled-e1773158784638.jpg","jetpack-related-posts":[],"jetpack_sharing_enabled":true,"_links":{"self":[{"href":"https:\/\/www.brenne-au-coeur.com\/index.php\/wp-json\/wp\/v2\/posts\/7514","targetHints":{"allow":["GET"]}}],"collection":[{"href":"https:\/\/www.brenne-au-coeur.com\/index.php\/wp-json\/wp\/v2\/posts"}],"about":[{"href":"https:\/\/www.brenne-au-coeur.com\/index.php\/wp-json\/wp\/v2\/types\/post"}],"author":[{"embeddable":true,"href":"https:\/\/www.brenne-au-coeur.com\/index.php\/wp-json\/wp\/v2\/users\/1"}],"replies":[{"embeddable":true,"href":"https:\/\/www.brenne-au-coeur.com\/index.php\/wp-json\/wp\/v2\/comments?post=7514"}],"version-history":[{"count":5,"href":"https:\/\/www.brenne-au-coeur.com\/index.php\/wp-json\/wp\/v2\/posts\/7514\/revisions"}],"predecessor-version":[{"id":7525,"href":"https:\/\/www.brenne-au-coeur.com\/index.php\/wp-json\/wp\/v2\/posts\/7514\/revisions\/7525"}],"wp:featuredmedia":[{"embeddable":true,"href":"https:\/\/www.brenne-au-coeur.com\/index.php\/wp-json\/wp\/v2\/media\/7522"}],"wp:attachment":[{"href":"https:\/\/www.brenne-au-coeur.com\/index.php\/wp-json\/wp\/v2\/media?parent=7514"}],"wp:term":[{"taxonomy":"category","embeddable":true,"href":"https:\/\/www.brenne-au-coeur.com\/index.php\/wp-json\/wp\/v2\/categories?post=7514"},{"taxonomy":"post_tag","embeddable":true,"href":"https:\/\/www.brenne-au-coeur.com\/index.php\/wp-json\/wp\/v2\/tags?post=7514"}],"curies":[{"name":"wp","href":"https:\/\/api.w.org\/{rel}","templated":true}]}}