{"id":7509,"date":"2026-03-07T13:11:05","date_gmt":"2026-03-07T12:11:05","guid":{"rendered":"https:\/\/www.brenne-au-coeur.com\/?p=7509"},"modified":"2026-03-07T13:11:05","modified_gmt":"2026-03-07T12:11:05","slug":"champigny-chante-coute","status":"publish","type":"post","link":"https:\/\/www.brenne-au-coeur.com\/index.php\/2026\/03\/07\/champigny-chante-coute\/le-blanc\/7509\/","title":{"rendered":"Champigny chante Cout\u00e9"},"content":{"rendered":"<figure id=\"attachment_7510\" aria-describedby=\"caption-attachment-7510\" style=\"width: 190px\" class=\"wp-caption alignleft\"><a href=\"https:\/\/www.brenne-au-coeur.com\/wp-content\/uploads\/2026\/03\/coute.jpeg\" rel=\"lightbox[7509]\"><img loading=\"lazy\" decoding=\"async\" class=\"wp-image-7510 size-full\" src=\"https:\/\/www.brenne-au-coeur.com\/wp-content\/uploads\/2026\/03\/coute.jpeg\" alt=\"\" width=\"190\" height=\"266\" srcset=\"https:\/\/www.brenne-au-coeur.com\/wp-content\/uploads\/2026\/03\/coute.jpeg 190w, https:\/\/www.brenne-au-coeur.com\/wp-content\/uploads\/2026\/03\/coute-107x150.jpeg 107w\" sizes=\"auto, (max-width: 190px) 100vw, 190px\" \/><\/a><figcaption id=\"caption-attachment-7510\" class=\"wp-caption-text\">Gaston Cout\u00e9. Photo issue du site \u00ab\u00a0Du temps des cerises aux feuilles mortes\u00a0\u00bb<\/figcaption><\/figure>\n<p><span style=\"font-size: large;\">Dimanche 29 mars 2026 \u00e0 17h00, au Moulin de la Filature, au Blanc. Yves Champigny interpr\u00e8te Gaston Cout\u00e9. Gaston Cout\u00e9 (1880\u20111911) fait une br\u00e8ve carri\u00e8re dans les cabarets parisiens au d\u00e9but du XX\u00e8me si\u00e8cle, o\u00f9 il c\u00f4toie les chansonniers du quartier Montmartre. \u00c0 travers ses textes, il chante et \u00e9gratigne la vie rurale, les id\u00e9es r\u00e9trogrades, se r\u00e9volte et s&rsquo;engage. Apr\u00e8s une courte parenth\u00e8se qui l&rsquo;a men\u00e9 \u00e0 Gargilesse, le po\u00e8te rejoint Paris o\u00f9 il meurt en 1911. Il laisse derri\u00e8re lui des textes m\u00e9morables. Ce sont ces textes riches qu&rsquo;Yves Champigny chante et interpr\u00e8te avec brio. En alternant les textes et les chansons po\u00e9tiques et dramatiques, il se r\u00e9v\u00e8le en \u00ab&nbsp;diseur&nbsp;\u00bb remarquable. Gr\u00e2ce \u00e0 une interpr\u00e9tation talentueuse, il redonne vie au \u00ab&nbsp;g\u00e2s qu&rsquo;a mal tourn\u00e9&nbsp;\u00bb.<\/span><\/p>\n<p><span style=\"font-size: large;\">R\u00e9servation conseill\u00e9e. Public \u00e0 partir de 12 ans. Pas de placement. Arr\u00eat des r\u00e9servations samedi \u00e0 11h30. Dur\u00e9e: 1h10.<\/span><\/p>\n<p><span style=\"font-size: large;\">Acc\u00e8s gratuit. Renseignements \/ R\u00e9servation 02 54 37 05 13 <\/span><\/p>\n","protected":false},"excerpt":{"rendered":"<p>Dimanche 29 mars 2026 \u00e0 17h00, au Moulin de la Filature, au Blanc. Yves Champigny interpr\u00e8te Gaston Cout\u00e9. Gaston Cout\u00e9 (1880\u20111911) fait une br\u00e8ve carri\u00e8re dans les cabarets parisiens au d\u00e9but du XX\u00e8me si\u00e8cle, o\u00f9 il c\u00f4toie les chansonniers du quartier Montmartre. \u00c0 travers ses textes, il chante et \u00e9gratigne la vie rurale, les id\u00e9es&hellip;&nbsp;<a href=\"https:\/\/www.brenne-au-coeur.com\/index.php\/2026\/03\/07\/champigny-chante-coute\/le-blanc\/7509\/\" rel=\"bookmark\">Lire la suite&nbsp;&raquo;<span class=\"screen-reader-text\">Champigny chante Cout\u00e9<\/span><\/a><\/p>\n","protected":false},"author":1,"featured_media":7511,"comment_status":"open","ping_status":"open","sticky":false,"template":"","format":"standard","meta":{"rop_custom_images_group":[],"rop_custom_messages_group":[],"rop_publish_now":"initial","rop_publish_now_accounts":[],"rop_publish_now_history":[],"rop_publish_now_status":"pending","_monsterinsights_skip_tracking":false,"_monsterinsights_sitenote_active":false,"_monsterinsights_sitenote_note":"","_monsterinsights_sitenote_category":0,"neve_meta_sidebar":"","neve_meta_container":"","neve_meta_enable_content_width":"off","neve_meta_content_width":70,"neve_meta_title_alignment":"","neve_meta_author_avatar":"","neve_post_elements_order":"","neve_meta_disable_header":"","neve_meta_disable_footer":"","neve_meta_disable_title":"","_jetpack_memberships_contains_paid_content":false,"footnotes":"","jetpack_publicize_message":"","jetpack_publicize_feature_enabled":true,"jetpack_social_post_already_shared":true,"jetpack_social_options":{"image_generator_settings":{"template":"highway","default_image_id":0,"font":"","enabled":false},"version":2}},"categories":[101],"tags":[104],"class_list":["post-7509","post","type-post","status-publish","format-standard","has-post-thumbnail","hentry","category-le-blanc","tag-chansons"],"aioseo_notices":[],"jetpack_publicize_connections":[],"jetpack_featured_media_url":"https:\/\/www.brenne-au-coeur.com\/wp-content\/uploads\/2026\/03\/Gaston-coute1.jpg","jetpack-related-posts":[],"jetpack_sharing_enabled":true,"_links":{"self":[{"href":"https:\/\/www.brenne-au-coeur.com\/index.php\/wp-json\/wp\/v2\/posts\/7509","targetHints":{"allow":["GET"]}}],"collection":[{"href":"https:\/\/www.brenne-au-coeur.com\/index.php\/wp-json\/wp\/v2\/posts"}],"about":[{"href":"https:\/\/www.brenne-au-coeur.com\/index.php\/wp-json\/wp\/v2\/types\/post"}],"author":[{"embeddable":true,"href":"https:\/\/www.brenne-au-coeur.com\/index.php\/wp-json\/wp\/v2\/users\/1"}],"replies":[{"embeddable":true,"href":"https:\/\/www.brenne-au-coeur.com\/index.php\/wp-json\/wp\/v2\/comments?post=7509"}],"version-history":[{"count":1,"href":"https:\/\/www.brenne-au-coeur.com\/index.php\/wp-json\/wp\/v2\/posts\/7509\/revisions"}],"predecessor-version":[{"id":7512,"href":"https:\/\/www.brenne-au-coeur.com\/index.php\/wp-json\/wp\/v2\/posts\/7509\/revisions\/7512"}],"wp:featuredmedia":[{"embeddable":true,"href":"https:\/\/www.brenne-au-coeur.com\/index.php\/wp-json\/wp\/v2\/media\/7511"}],"wp:attachment":[{"href":"https:\/\/www.brenne-au-coeur.com\/index.php\/wp-json\/wp\/v2\/media?parent=7509"}],"wp:term":[{"taxonomy":"category","embeddable":true,"href":"https:\/\/www.brenne-au-coeur.com\/index.php\/wp-json\/wp\/v2\/categories?post=7509"},{"taxonomy":"post_tag","embeddable":true,"href":"https:\/\/www.brenne-au-coeur.com\/index.php\/wp-json\/wp\/v2\/tags?post=7509"}],"curies":[{"name":"wp","href":"https:\/\/api.w.org\/{rel}","templated":true}]}}