{"id":7499,"date":"2026-03-07T12:12:09","date_gmt":"2026-03-07T11:12:09","guid":{"rendered":"https:\/\/www.brenne-au-coeur.com\/?p=7499"},"modified":"2026-03-07T12:12:09","modified_gmt":"2026-03-07T11:12:09","slug":"carnaval-2","status":"publish","type":"post","link":"https:\/\/www.brenne-au-coeur.com\/index.php\/2026\/03\/07\/carnaval-2\/breves\/7499\/","title":{"rendered":"Carnaval"},"content":{"rendered":"<p><span style=\"font-size: large;\">Samedi 21 mars 2026, de 8h30 \u00e0 12h00 au Blanc. Rendez-vous&nbsp;: Aire couverte, 4 Boulevard Mangin de Beauvais. 8h30 \u00e0 la bulle&nbsp;: accueil maquillage enfants + collation caf\u00e9 et pain au chocolat 10h&nbsp;: d\u00e9part du cort\u00e8ge avec les Bandastics et les majorettes de Tournon St Martin&nbsp;: d\u00e9ambulation dans le centre-ville 11h30&nbsp;: retour \u00e0 la bulle pour br\u00fbler le bonhomme carnaval.<\/span><\/p>\n<p><span style=\"font-size: large;\">Acc\u00e8s gratuit. Renseignements\u00a0: 02 54 37 05 13 (Office de Tourisme)<\/span><\/p>\n","protected":false},"excerpt":{"rendered":"<p>Samedi 21 mars 2026, de 8h30 \u00e0 12h00 au Blanc. Rendez-vous&nbsp;: Aire couverte, 4 Boulevard Mangin de Beauvais. 8h30 \u00e0 la bulle&nbsp;: accueil maquillage enfants + collation caf\u00e9 et pain au chocolat 10h&nbsp;: d\u00e9part du cort\u00e8ge avec les Bandastics et les majorettes de Tournon St Martin&nbsp;: d\u00e9ambulation dans le centre-ville 11h30&nbsp;: retour \u00e0 la bulle&hellip;&nbsp;<a href=\"https:\/\/www.brenne-au-coeur.com\/index.php\/2026\/03\/07\/carnaval-2\/breves\/7499\/\" rel=\"bookmark\">Lire la suite&nbsp;&raquo;<span class=\"screen-reader-text\">Carnaval<\/span><\/a><\/p>\n","protected":false},"author":1,"featured_media":0,"comment_status":"open","ping_status":"open","sticky":false,"template":"","format":"standard","meta":{"rop_custom_images_group":[],"rop_custom_messages_group":[],"rop_publish_now":"initial","rop_publish_now_accounts":[],"rop_publish_now_history":[],"rop_publish_now_status":"pending","_monsterinsights_skip_tracking":false,"_monsterinsights_sitenote_active":false,"_monsterinsights_sitenote_note":"","_monsterinsights_sitenote_category":0,"neve_meta_sidebar":"","neve_meta_container":"","neve_meta_enable_content_width":"off","neve_meta_content_width":70,"neve_meta_title_alignment":"","neve_meta_author_avatar":"","neve_post_elements_order":"","neve_meta_disable_header":"","neve_meta_disable_footer":"","neve_meta_disable_title":"","_jetpack_memberships_contains_paid_content":false,"footnotes":"","jetpack_publicize_message":"","jetpack_publicize_feature_enabled":true,"jetpack_social_post_already_shared":true,"jetpack_social_options":{"image_generator_settings":{"template":"highway","default_image_id":0,"font":"","enabled":false},"version":2}},"categories":[124],"tags":[],"class_list":["post-7499","post","type-post","status-publish","format-standard","hentry","category-breves"],"aioseo_notices":[],"jetpack_publicize_connections":[],"jetpack_featured_media_url":"","jetpack-related-posts":[],"jetpack_sharing_enabled":true,"_links":{"self":[{"href":"https:\/\/www.brenne-au-coeur.com\/index.php\/wp-json\/wp\/v2\/posts\/7499","targetHints":{"allow":["GET"]}}],"collection":[{"href":"https:\/\/www.brenne-au-coeur.com\/index.php\/wp-json\/wp\/v2\/posts"}],"about":[{"href":"https:\/\/www.brenne-au-coeur.com\/index.php\/wp-json\/wp\/v2\/types\/post"}],"author":[{"embeddable":true,"href":"https:\/\/www.brenne-au-coeur.com\/index.php\/wp-json\/wp\/v2\/users\/1"}],"replies":[{"embeddable":true,"href":"https:\/\/www.brenne-au-coeur.com\/index.php\/wp-json\/wp\/v2\/comments?post=7499"}],"version-history":[{"count":1,"href":"https:\/\/www.brenne-au-coeur.com\/index.php\/wp-json\/wp\/v2\/posts\/7499\/revisions"}],"predecessor-version":[{"id":7500,"href":"https:\/\/www.brenne-au-coeur.com\/index.php\/wp-json\/wp\/v2\/posts\/7499\/revisions\/7500"}],"wp:attachment":[{"href":"https:\/\/www.brenne-au-coeur.com\/index.php\/wp-json\/wp\/v2\/media?parent=7499"}],"wp:term":[{"taxonomy":"category","embeddable":true,"href":"https:\/\/www.brenne-au-coeur.com\/index.php\/wp-json\/wp\/v2\/categories?post=7499"},{"taxonomy":"post_tag","embeddable":true,"href":"https:\/\/www.brenne-au-coeur.com\/index.php\/wp-json\/wp\/v2\/tags?post=7499"}],"curies":[{"name":"wp","href":"https:\/\/api.w.org\/{rel}","templated":true}]}}