{"id":7377,"date":"2026-02-01T12:00:05","date_gmt":"2026-02-01T11:00:05","guid":{"rendered":"https:\/\/www.brenne-au-coeur.com\/?p=7377"},"modified":"2026-02-01T12:00:05","modified_gmt":"2026-02-01T11:00:05","slug":"reparlab-faire-ensemble-cest-mieux","status":"publish","type":"post","link":"https:\/\/www.brenne-au-coeur.com\/index.php\/2026\/02\/01\/reparlab-faire-ensemble-cest-mieux\/le-blanc\/7377\/","title":{"rendered":"Reparlab\u00a0: Faire ensemble c\u2019est mieux"},"content":{"rendered":"<p><span style=\"font-size: medium;\"><a href=\"https:\/\/www.brenne-au-coeur.com\/wp-content\/uploads\/2026\/02\/20250222_155911.webp\"><img loading=\"lazy\" decoding=\"async\" class=\"alignleft wp-image-7378\" src=\"https:\/\/www.brenne-au-coeur.com\/wp-content\/uploads\/2026\/02\/20250222_155911-300x169.webp\" alt=\"\" width=\"339\" height=\"191\" srcset=\"https:\/\/www.brenne-au-coeur.com\/wp-content\/uploads\/2026\/02\/20250222_155911-300x169.webp 300w, https:\/\/www.brenne-au-coeur.com\/wp-content\/uploads\/2026\/02\/20250222_155911-150x84.webp 150w, https:\/\/www.brenne-au-coeur.com\/wp-content\/uploads\/2026\/02\/20250222_155911-768x432.webp 768w, https:\/\/www.brenne-au-coeur.com\/wp-content\/uploads\/2026\/02\/20250222_155911.webp 1000w\" sizes=\"auto, (max-width: 339px) 100vw, 339px\" \/><\/a>Tous les premiers samedi du mois, les locaux de l\u2019association Reparlab, 14 quai Aubepin au Blanc, sont ouverts au public. Des b\u00e9n\u00e9voles accueillent ainsi, les personnes qui d\u00e9sirent remettre en \u00e9tat de marche un appareil. Cela concerne les objets du quotidien\u00a0: \u00e9lectrom\u00e9nager, outils de bricolage de motoculture, v\u00e9los, appareil HI-FI, ordinateurs et bien d\u2019autres encore.<\/span><\/p>\n<p><span style=\"font-size: medium;\">Mais attention <\/span><span style=\"font-size: medium;\"><i>\u00ab\u00a0Ce n\u2019est pas un atelier o\u00f9 l\u2019on d\u00e9pose les objets et que l\u2019on revient r\u00e9cup\u00e9rer plus tard, une fois r\u00e9par\u00e9s<\/i><\/span><span style=\"font-size: medium;\">\u00a0\u00bb, pr\u00e9vient une b\u00e9n\u00e9vole. La d\u00e9marche de Reparlab est d\u2019assister, de conseiller, d\u2019aider concr\u00e8tement \u00e0 trouver la panne, puis \u00e0 tenter d\u2019y rem\u00e9dier.<\/span><\/p>\n<p><span style=\"font-size: medium;\">Le troisi\u00e8me mercredi de chaque mois, l\u2019activit\u00e9 de l\u2019association est r\u00e9serv\u00e9e aux adh\u00e9rents. Mat\u00e9riels et locaux sont \u00e0 leur disposition. Par ailleurs d\u2019autres animations leurs sont destin\u00e9es. R\u00e9pondant au souci d\u2019autonomie pour gagner en efficacit\u00e9, des formations sont propos\u00e9es. En avril prochain, par exemple, une journ\u00e9e sera consacr\u00e9e \u00e0 la motoculture. Elle se d\u00e9compose en deux parties. Le matin explications et mise en pratique l\u2019apr\u00e8s-midi. En juin ce sera le tour des v\u00e9los, toujours sur le m\u00eame principe. D\u2019autres th\u00e8mes font l\u2019objet de ce type de formation comme l\u2019outillage ou l\u2019\u00e9lectronique. Dans un proche avenir, devrait se tenir un atelier pour se familiariser et ma\u00eetriser la fabrication d\u2019objets avec une imprimante 3D.<\/span><\/p>\n<p><span style=\"font-size: medium;\"><a href=\"https:\/\/www.brenne-au-coeur.com\/wp-content\/uploads\/2026\/02\/cafetiere.webp\"><img loading=\"lazy\" decoding=\"async\" class=\"alignright wp-image-7381\" src=\"https:\/\/www.brenne-au-coeur.com\/wp-content\/uploads\/2026\/02\/cafetiere-300x300.webp\" alt=\"\" width=\"235\" height=\"235\" srcset=\"https:\/\/www.brenne-au-coeur.com\/wp-content\/uploads\/2026\/02\/cafetiere-300x300.webp 300w, https:\/\/www.brenne-au-coeur.com\/wp-content\/uploads\/2026\/02\/cafetiere-150x150.webp 150w, https:\/\/www.brenne-au-coeur.com\/wp-content\/uploads\/2026\/02\/cafetiere-45x45.webp 45w, https:\/\/www.brenne-au-coeur.com\/wp-content\/uploads\/2026\/02\/cafetiere.webp 400w\" sizes=\"auto, (max-width: 235px) 100vw, 235px\" \/><\/a>Afin de se rapprocher du public, Reparlab se d\u00e9place dans les villages certains samedis apr\u00e8s-midi. Les b\u00e9n\u00e9voles occupent des salles communales, en r\u00e8gle g\u00e9n\u00e9rale durant les mois d\u2019hiver. Ils \u00e9taient le 24 janvier \u00e0 Ciron.<\/span><\/p>\n<p><span style=\"font-size: medium;\">Si l\u2019existence de Reparlab repose sur l\u2019id\u00e9e de venir r\u00e9parer un appareil et de repartir avec, l\u2019association r\u00e9ceptionne aussi des objets qui n\u2019int\u00e9ressent pas les gens. Ils sont test\u00e9s, r\u00e9par\u00e9s et revendus aux adh\u00e9rents.<\/span><\/p>\n<p><span style=\"font-size: medium;\">Cr\u00e9\u00e9e en 2020 par Marc Marie, l\u2019association est guid\u00e9e par l\u2019unique but d\u2019\u00e9viter des gaspillages. Dans une soci\u00e9t\u00e9 o\u00f9 tout pousse le citoyen \u00e0 consommer et jeter, les b\u00e9n\u00e9voles de Reparlab agissent pour prolonger la vie des objets. Un seul moyen\u00a0: mettre temps, intelligence et comp\u00e9tences au service des autres. La r\u00e9paration devient un lieu de convivialit\u00e9, de partage. Une fa\u00e7on de d\u00e9velopper les rapports humains autrement que sur la base de la concurrence et de l\u2019individualisme. Au regard de sa fr\u00e9quentation, Reparlab nourri de belles ambitions pour diversifier et accro\u00eetre ses activit\u00e9s. Ce qui demande plus de bras et de t\u00eates. L\u2019association recherche donc toujours de nouveaux b\u00e9n\u00e9voles. Pour acc\u00e9der \u00e0 des informations plus compl\u00e8tes et pr\u00e9cises, il suffit de se connecter sur le site\u00a0: reperlab.webnode.fr<\/span><\/p>\n<p><span style=\"font-size: medium;\">Fort de ses 228 adh\u00e9rents et d\u2019une trentaine de b\u00e9n\u00e9voles, Reparlab tiendra son Assembl\u00e9e g\u00e9n\u00e9rale le 20 mars prochain au centre social Part\u2019\u00e2ge.<\/span><\/p>\n<p><span style=\"font-size: medium;\">Le montant de l\u2019adh\u00e9sion est de 12 euros par personne et de 20 euros par famille<\/span><\/p>\n","protected":false},"excerpt":{"rendered":"<p>Tous les premiers samedi du mois, les locaux de l\u2019association Reparlab, 14 quai Aubepin au Blanc, sont ouverts au public. Des b\u00e9n\u00e9voles accueillent ainsi, les personnes qui d\u00e9sirent remettre en \u00e9tat de marche un appareil. Cela concerne les objets du quotidien\u00a0: \u00e9lectrom\u00e9nager, outils de bricolage de motoculture, v\u00e9los, appareil HI-FI, ordinateurs et bien d\u2019autres encore.&hellip;&nbsp;<a href=\"https:\/\/www.brenne-au-coeur.com\/index.php\/2026\/02\/01\/reparlab-faire-ensemble-cest-mieux\/le-blanc\/7377\/\" rel=\"bookmark\">Lire la suite&nbsp;&raquo;<span class=\"screen-reader-text\">Reparlab\u00a0: Faire ensemble c\u2019est mieux<\/span><\/a><\/p>\n","protected":false},"author":1,"featured_media":7379,"comment_status":"open","ping_status":"open","sticky":false,"template":"","format":"standard","meta":{"rop_custom_images_group":[],"rop_custom_messages_group":[],"rop_publish_now":"initial","rop_publish_now_accounts":[],"rop_publish_now_history":[],"rop_publish_now_status":"pending","_monsterinsights_skip_tracking":false,"_monsterinsights_sitenote_active":false,"_monsterinsights_sitenote_note":"","_monsterinsights_sitenote_category":0,"neve_meta_sidebar":"","neve_meta_container":"","neve_meta_enable_content_width":"off","neve_meta_content_width":70,"neve_meta_title_alignment":"","neve_meta_author_avatar":"","neve_post_elements_order":"","neve_meta_disable_header":"","neve_meta_disable_footer":"","neve_meta_disable_title":"","_jetpack_memberships_contains_paid_content":false,"footnotes":"","jetpack_publicize_message":"","jetpack_publicize_feature_enabled":true,"jetpack_social_post_already_shared":true,"jetpack_social_options":{"image_generator_settings":{"template":"highway","default_image_id":0,"font":"","enabled":false},"version":2}},"categories":[101],"tags":[31],"class_list":["post-7377","post","type-post","status-publish","format-standard","has-post-thumbnail","hentry","category-le-blanc","tag-associations"],"aioseo_notices":[],"jetpack_publicize_connections":[],"jetpack_featured_media_url":"https:\/\/www.brenne-au-coeur.com\/wp-content\/uploads\/2026\/02\/494052939_696391149928673_5566888129327004957_n-Copie.webp","jetpack-related-posts":[],"jetpack_sharing_enabled":true,"_links":{"self":[{"href":"https:\/\/www.brenne-au-coeur.com\/index.php\/wp-json\/wp\/v2\/posts\/7377","targetHints":{"allow":["GET"]}}],"collection":[{"href":"https:\/\/www.brenne-au-coeur.com\/index.php\/wp-json\/wp\/v2\/posts"}],"about":[{"href":"https:\/\/www.brenne-au-coeur.com\/index.php\/wp-json\/wp\/v2\/types\/post"}],"author":[{"embeddable":true,"href":"https:\/\/www.brenne-au-coeur.com\/index.php\/wp-json\/wp\/v2\/users\/1"}],"replies":[{"embeddable":true,"href":"https:\/\/www.brenne-au-coeur.com\/index.php\/wp-json\/wp\/v2\/comments?post=7377"}],"version-history":[{"count":1,"href":"https:\/\/www.brenne-au-coeur.com\/index.php\/wp-json\/wp\/v2\/posts\/7377\/revisions"}],"predecessor-version":[{"id":7383,"href":"https:\/\/www.brenne-au-coeur.com\/index.php\/wp-json\/wp\/v2\/posts\/7377\/revisions\/7383"}],"wp:featuredmedia":[{"embeddable":true,"href":"https:\/\/www.brenne-au-coeur.com\/index.php\/wp-json\/wp\/v2\/media\/7379"}],"wp:attachment":[{"href":"https:\/\/www.brenne-au-coeur.com\/index.php\/wp-json\/wp\/v2\/media?parent=7377"}],"wp:term":[{"taxonomy":"category","embeddable":true,"href":"https:\/\/www.brenne-au-coeur.com\/index.php\/wp-json\/wp\/v2\/categories?post=7377"},{"taxonomy":"post_tag","embeddable":true,"href":"https:\/\/www.brenne-au-coeur.com\/index.php\/wp-json\/wp\/v2\/tags?post=7377"}],"curies":[{"name":"wp","href":"https:\/\/api.w.org\/{rel}","templated":true}]}}