{"id":7373,"date":"2026-02-01T11:44:19","date_gmt":"2026-02-01T10:44:19","guid":{"rendered":"https:\/\/www.brenne-au-coeur.com\/?p=7373"},"modified":"2026-02-01T11:44:19","modified_gmt":"2026-02-01T10:44:19","slug":"le-berry-au-temps-des-gladiateurs","status":"publish","type":"post","link":"https:\/\/www.brenne-au-coeur.com\/index.php\/2026\/02\/01\/le-berry-au-temps-des-gladiateurs\/breves\/7373\/","title":{"rendered":"Le Berry au temps des gladiateurs"},"content":{"rendered":"<p><span style=\"font-size: large;\">Jeudi 19 f\u00e9vrier 2026 \u00e0 18h00, Conf\u00e9rence de G\u00e9rard Coulon. Salle des associations (derri\u00e8re la mairie) \u00e0 Saint-Gaultier. Organisateur&nbsp;: Soci\u00e9t\u00e9 d&rsquo;\u00e9tudes historiques du canton de Saint-Gaultier. G\u00e9rard Coulon, conservateur en chef du Patrimoine, nous pr\u00e9sentera Le Berry au temps des gladiateurs. Et si des gladiateurs avaient combattu en Berry&nbsp;? Le conf\u00e9rencier montrera d\u2019abord comment le Berry est devenu romain apr\u00e8s la prise d\u2019Avaricum (Bourges) par Jules C\u00e9sar et ses l\u00e9gions. Il \u00e9voquera ensuite, la grande sp\u00e9cialit\u00e9 des Bituriges&nbsp;: le travail du fer avec notamment l\u2019atelier d\u2019Oulches. Enfin, preuves arch\u00e9ologiques \u00e0 l\u2019appui, il d\u00e9voilera les amphith\u00e9\u00e2tres construits en Berry, \u00e0 Argentomagus, Drevant et Bourges, o\u00f9 la tombe de l\u2019un de ces combattants a m\u00eame \u00e9t\u00e9 retrouv\u00e9e. <\/span><\/p>\n<p><span style=\"font-size: large;\">Adulte plein tarif&nbsp;: 5 \u20ac Gratuit Pour les adh\u00e9rents<\/span><\/p>\n","protected":false},"excerpt":{"rendered":"<p>Jeudi 19 f\u00e9vrier 2026 \u00e0 18h00, Conf\u00e9rence de G\u00e9rard Coulon. Salle des associations (derri\u00e8re la mairie) \u00e0 Saint-Gaultier. Organisateur&nbsp;: Soci\u00e9t\u00e9 d&rsquo;\u00e9tudes historiques du canton de Saint-Gaultier. G\u00e9rard Coulon, conservateur en chef du Patrimoine, nous pr\u00e9sentera Le Berry au temps des gladiateurs. Et si des gladiateurs avaient combattu en Berry&nbsp;? Le conf\u00e9rencier montrera d\u2019abord comment le&hellip;&nbsp;<a href=\"https:\/\/www.brenne-au-coeur.com\/index.php\/2026\/02\/01\/le-berry-au-temps-des-gladiateurs\/breves\/7373\/\" rel=\"bookmark\">Lire la suite&nbsp;&raquo;<span class=\"screen-reader-text\">Le Berry au temps des gladiateurs<\/span><\/a><\/p>\n","protected":false},"author":1,"featured_media":0,"comment_status":"open","ping_status":"open","sticky":false,"template":"","format":"standard","meta":{"rop_custom_images_group":[],"rop_custom_messages_group":[],"rop_publish_now":"initial","rop_publish_now_accounts":[],"rop_publish_now_history":[],"rop_publish_now_status":"pending","_monsterinsights_skip_tracking":false,"_monsterinsights_sitenote_active":false,"_monsterinsights_sitenote_note":"","_monsterinsights_sitenote_category":0,"neve_meta_sidebar":"","neve_meta_container":"","neve_meta_enable_content_width":"off","neve_meta_content_width":70,"neve_meta_title_alignment":"","neve_meta_author_avatar":"","neve_post_elements_order":"","neve_meta_disable_header":"","neve_meta_disable_footer":"","neve_meta_disable_title":"","_jetpack_memberships_contains_paid_content":false,"footnotes":"","jetpack_publicize_message":"","jetpack_publicize_feature_enabled":true,"jetpack_social_post_already_shared":true,"jetpack_social_options":{"image_generator_settings":{"template":"highway","default_image_id":0,"font":"","enabled":false},"version":2}},"categories":[124],"tags":[],"class_list":["post-7373","post","type-post","status-publish","format-standard","hentry","category-breves"],"aioseo_notices":[],"jetpack_publicize_connections":[],"jetpack_featured_media_url":"","jetpack-related-posts":[],"jetpack_sharing_enabled":true,"_links":{"self":[{"href":"https:\/\/www.brenne-au-coeur.com\/index.php\/wp-json\/wp\/v2\/posts\/7373","targetHints":{"allow":["GET"]}}],"collection":[{"href":"https:\/\/www.brenne-au-coeur.com\/index.php\/wp-json\/wp\/v2\/posts"}],"about":[{"href":"https:\/\/www.brenne-au-coeur.com\/index.php\/wp-json\/wp\/v2\/types\/post"}],"author":[{"embeddable":true,"href":"https:\/\/www.brenne-au-coeur.com\/index.php\/wp-json\/wp\/v2\/users\/1"}],"replies":[{"embeddable":true,"href":"https:\/\/www.brenne-au-coeur.com\/index.php\/wp-json\/wp\/v2\/comments?post=7373"}],"version-history":[{"count":1,"href":"https:\/\/www.brenne-au-coeur.com\/index.php\/wp-json\/wp\/v2\/posts\/7373\/revisions"}],"predecessor-version":[{"id":7374,"href":"https:\/\/www.brenne-au-coeur.com\/index.php\/wp-json\/wp\/v2\/posts\/7373\/revisions\/7374"}],"wp:attachment":[{"href":"https:\/\/www.brenne-au-coeur.com\/index.php\/wp-json\/wp\/v2\/media?parent=7373"}],"wp:term":[{"taxonomy":"category","embeddable":true,"href":"https:\/\/www.brenne-au-coeur.com\/index.php\/wp-json\/wp\/v2\/categories?post=7373"},{"taxonomy":"post_tag","embeddable":true,"href":"https:\/\/www.brenne-au-coeur.com\/index.php\/wp-json\/wp\/v2\/tags?post=7373"}],"curies":[{"name":"wp","href":"https:\/\/api.w.org\/{rel}","templated":true}]}}