{"id":7338,"date":"2026-01-03T11:22:54","date_gmt":"2026-01-03T10:22:54","guid":{"rendered":"https:\/\/www.brenne-au-coeur.com\/?p=7338"},"modified":"2026-01-03T11:25:11","modified_gmt":"2026-01-03T10:25:11","slug":"ce-que-votre-rue-raconte-2","status":"publish","type":"post","link":"https:\/\/www.brenne-au-coeur.com\/index.php\/2026\/01\/03\/ce-que-votre-rue-raconte-2\/communes\/mezieres-en-brenne\/7338\/","title":{"rendered":"Ce que votre rue raconte"},"content":{"rendered":"<p align=\"justify\"><span style=\"color: #003399;\"><span style=\"font-family: Rockwell, serif;\"><a href=\"https:\/\/www.brenne-au-coeur.com\/wp-content\/uploads\/2026\/01\/carte-de-Cassini.png\" rel=\"lightbox[7338]\"><img loading=\"lazy\" decoding=\"async\" class=\"alignleft wp-image-7339\" src=\"https:\/\/www.brenne-au-coeur.com\/wp-content\/uploads\/2026\/01\/carte-de-Cassini-300x193.png\" alt=\"\" width=\"421\" height=\"271\" srcset=\"https:\/\/www.brenne-au-coeur.com\/wp-content\/uploads\/2026\/01\/carte-de-Cassini-300x193.png 300w, https:\/\/www.brenne-au-coeur.com\/wp-content\/uploads\/2026\/01\/carte-de-Cassini-150x96.png 150w, https:\/\/www.brenne-au-coeur.com\/wp-content\/uploads\/2026\/01\/carte-de-Cassini-768x494.png 768w, https:\/\/www.brenne-au-coeur.com\/wp-content\/uploads\/2026\/01\/carte-de-Cassini.png 877w\" sizes=\"auto, (max-width: 421px) 100vw, 421px\" \/><\/a>Les noms des rues d\u2019un village, ceux des lieux-dits qui l\u2019entourent font tellement partie du quotidien que l\u2019on ignore bien souvent leurs origines et les fondements de leurs d\u00e9nominations. Et pourtant, combien de fois \u00e9crit-on son adresse\u00a0? Des centaines voire des milliers, sur des formulaires administratifs, sur nos comptes num\u00e9riques et (de moins en moins\u00a0!) au dos des enveloppes d\u00e9pos\u00e9es dans une bo\u00eete postale\u2026<\/span><\/span><\/p>\n<p align=\"justify\"><span style=\"color: #003399;\"><span style=\"font-family: Rockwell, serif;\">A M\u00e9zi\u00e8res-en-Brenne &#8211; 956 habitants &#8211; il est officiellement d\u00e9nombr\u00e9 824 adresses r\u00e9parties en 142 odonymes (du grec ancien <\/span><\/span><span style=\"color: #003399;\"><span style=\"font-family: Rockwell, serif;\"><i>hodos<\/i><\/span><\/span><span style=\"color: #003399;\"><span style=\"font-family: Rockwell, serif;\"> \u00ab\u00a0route\u00a0\u00bb et <\/span><\/span><span style=\"color: #003399;\"><span style=\"font-family: Rockwell, serif;\"><i>honuma <\/i><\/span><\/span><span style=\"color: #003399;\"><span style=\"font-family: Rockwell, serif;\">\u00ab\u00a0nom\u00a0\u00bb). <\/span><\/span><\/p>\n<p align=\"justify\"><span style=\"color: #003399;\"><span style=\"font-family: Rockwell, serif;\">Compte tenu de leur nombre cons\u00e9quent, nous nous sommes uniquement attach\u00e9s aux noms des rues du centre-bourg, du quartier des Plaudets et des quatre voies de Subtray. <\/span><\/span><\/p>\n<p align=\"justify\"><span style=\"color: #003399;\"><span style=\"font-family: Rockwell, serif;\">Avant de d\u00e9couvrir les toponymes de ces lieux, class\u00e9s par ordre alphab\u00e9tique, int\u00e9ressons nous \u00e0 la formation de celui de la commune ainsi que ceux des sept hameaux qui regroupent plus de cinq habitations. <\/span><\/span><\/p>\n<ul>\n<li>\n<p align=\"justify\"><span style=\"color: #003399;\"><span style=\"font-family: Rockwell, serif;\"><b>M\u00e9zi\u00e8res-en-Brenne<\/b><\/span><\/span><span style=\"color: #003399;\"><span style=\"font-family: Rockwell, serif;\">\u00a0: l\u2019origine du premier mot vient du latin <\/span><\/span><span style=\"color: #003399;\"><span style=\"font-family: Rockwell, serif;\"><i>maceria <\/i><\/span><\/span><span style=\"color: #003399;\"><span style=\"font-family: Rockwell, serif;\">qui signifie \u00ab\u00a0ruine\u00a0\u00bb et \u00ab\u00a0mur de cl\u00f4ture\u00a0\u00bb. Au fil des si\u00e8cles et des d\u00e9formations li\u00e9es \u00e0 sa prononciation, il s\u2019est transform\u00e9 en <\/span><\/span><span style=\"color: #003399;\"><span style=\"font-family: Rockwell, serif;\"><i>maisiere <\/i><\/span><\/span><span style=\"color: #003399;\"><span style=\"font-family: Rockwell, serif;\">et <\/span><\/span><span style=\"color: #003399;\"><span style=\"font-family: Rockwell, serif;\"><i>mesiere <\/i><\/span><\/span><span style=\"color: #003399;\"><span style=\"font-family: Rockwell, serif;\">pour parvenir \u00e0 <\/span><\/span><span style=\"color: #003399;\"><span style=\"font-family: Rockwell, serif;\"><i>Mezier <\/i><\/span><\/span><span style=\"color: #003399;\"><span style=\"font-family: Rockwell, serif;\">comme le cartographe Cassini l\u2019a orthographi\u00e9 sur sa carte du Royaume de France \u00e9tablie entre 1756 et 1815. Ces ruines pourraient \u00eatre celles d\u2019une villa gallo-romaine d\u00e9couverte au lieu-dit Les Tr\u00e9soreries. La localit\u00e9 aurait \u00e9t\u00e9 reconstruite \u00e0 proximit\u00e9 de ces derni\u00e8res, \u00e0 moins qu\u2019une cl\u00f4ture ne l\u2019ait ceint. Toujours est-il que cette <\/span><\/span><span style=\"color: #003399;\"><span style=\"font-family: Rockwell, serif;\"><i>maceria <\/i><\/span><\/span><span style=\"color: #003399;\"><span style=\"font-family: Rockwell, serif;\">est \u00e0 l\u2019origine du gentil\u00e9 Mac\u00e9rien, Mac\u00e9rienne. <\/span><\/span><\/p>\n<\/li>\n<\/ul>\n<p align=\"justify\"><span style=\"color: #003399;\"><span style=\"font-family: Rockwell, serif;\">En France, onze autres \u00ab\u00a0cousins\u00a0\u00bb portent le nom de M\u00e9zi\u00e8res-en-\u2026 dont quatre dans le Centre-Val de Loire. <\/span><\/span><\/p>\n<p align=\"justify\"><span style=\"color: #003399;\"><span style=\"font-family: Rockwell, serif;\">Si la Brenne semble toujours avoir \u00e9t\u00e9 associ\u00e9e \u00e0 M\u00e9zi\u00e8res, pour bien marquer son identification g\u00e9ographique, ce n\u2019est pas toujours le cas des autres villes. Pour \u00e9viter toute erreur, entre autres de distribution du courrier, des conseils municipaux ont \u00e9t\u00e9 contraints au XIXe si\u00e8cle de modifier le nom de leur commune en y associant un territoire derri\u00e8re le pr\u00e9fixe \u00ab\u00a0en\u00a0\u00bb. <\/span><\/span><\/p>\n<p align=\"justify\"><span style=\"color: #003399;\"><span style=\"font-family: Rockwell, serif;\">Cette fameuse <\/span><\/span><span style=\"color: #003399;\"><span style=\"font-family: Rockwell, serif;\"><i>Brenne<\/i><\/span><\/span><span style=\"color: #003399;\"><span style=\"font-family: Rockwell, serif;\">, d\u2019o\u00f9 vient-elle\u00a0? <\/span><\/span><\/p>\n<p align=\"justify\"><span style=\"color: #003399;\"><span style=\"font-family: Rockwell, serif;\"><a href=\"https:\/\/www.brenne-au-coeur.com\/wp-content\/uploads\/2026\/01\/P1060203-scaled.jpg\" rel=\"lightbox[7338]\"><img loading=\"lazy\" decoding=\"async\" class=\"alignright wp-image-7342\" src=\"https:\/\/www.brenne-au-coeur.com\/wp-content\/uploads\/2026\/01\/P1060203-300x139.jpg\" alt=\"\" width=\"380\" height=\"176\" srcset=\"https:\/\/www.brenne-au-coeur.com\/wp-content\/uploads\/2026\/01\/P1060203-300x139.jpg 300w, https:\/\/www.brenne-au-coeur.com\/wp-content\/uploads\/2026\/01\/P1060203-1024x474.jpg 1024w, https:\/\/www.brenne-au-coeur.com\/wp-content\/uploads\/2026\/01\/P1060203-150x70.jpg 150w, https:\/\/www.brenne-au-coeur.com\/wp-content\/uploads\/2026\/01\/P1060203-768x356.jpg 768w, https:\/\/www.brenne-au-coeur.com\/wp-content\/uploads\/2026\/01\/P1060203-1536x712.jpg 1536w, https:\/\/www.brenne-au-coeur.com\/wp-content\/uploads\/2026\/01\/P1060203-2048x949.jpg 2048w\" sizes=\"auto, (max-width: 380px) 100vw, 380px\" \/><\/a>Diff\u00e9rentes approches sont avanc\u00e9es, toutes en lien avec le sol\u00a0: le terme gaulois <\/span><\/span><span style=\"color: #003399;\"><span style=\"font-family: Rockwell, serif;\"><i>brenno <\/i><\/span><\/span><span style=\"color: #003399;\"><span style=\"font-family: Rockwell, serif;\">signifie \u00ab\u00a0mar\u00e9cageux, boueux, merdeux\u00a0\u00bb \u00e0 moins que la contr\u00e9e <\/span><\/span><span style=\"color: #003399;\"><span style=\"font-family: Rockwell, serif;\"><i>saltus <\/i><\/span><\/span><span style=\"color: #003399;\"><span style=\"font-family: Rockwell, serif;\">(\u00ab\u00a0for\u00eat\u00a0\u00bb)<\/span><\/span><span style=\"color: #003399;\"><span style=\"font-family: Rockwell, serif;\"><i> Brioniae<\/i><\/span><\/span><span style=\"color: #003399;\"><span style=\"font-family: Rockwell, serif;\"> ne soit \u00e0 la gen\u00e8se du mot. Le myst\u00e8re demeure tout comme sur certains chemins un soir de clair de lune au bord d\u2019un \u00e9tang\u2026<\/span><\/span><\/p>\n<p align=\"justify\">\n<p align=\"center\">\n<ul>\n<li>\n<p align=\"justify\"><span style=\"color: #003399;\"><span style=\"font-family: Rockwell, serif;\"><b>Bellebouche<\/b><\/span><\/span><span style=\"color: #003399;\"><span style=\"font-family: Rockwell, serif;\">\u00a0: ce nom n\u2019a rien \u00e0 voir avec l\u2019organe qui permet de d\u00e9guster les carpes et autres brochets r\u00e9guli\u00e8rement p\u00each\u00e9s dans cet \u00e9tang patrimonial identifi\u00e9 depuis 1400. Le <\/span><\/span><span style=\"color: #003399;\"><span style=\"font-family: Rockwell, serif;\"><i>Belbouche <\/i><\/span><\/span><span style=\"color: #003399;\"><span style=\"font-family: Rockwell, serif;\">ainsi not\u00e9<\/span><\/span><i> <\/i><span style=\"color: #003399;\"><span style=\"font-family: Rockwell, serif;\">sur la carte de C\u00e9sar-Fran\u00e7ois Cassini signifie \u00ab\u00a0joli ou beau bois\u00a0\u00bb<\/span><\/span><span style=\"color: #003399;\"><span style=\"font-family: Rockwell, serif;\"><i>. <\/i><\/span><\/span><span style=\"color: #003399;\"><span style=\"font-family: Rockwell, serif;\">Il est \u00e0 rapprocher de Bouchet, du nom du ch\u00e2teau situ\u00e9 \u00e0 Rosnay.<\/span><\/span><\/p>\n<\/li>\n<\/ul>\n<p align=\"justify\">\n<ul>\n<li>\n<p align=\"justify\"><span style=\"color: #003399;\"><span style=\"font-family: Rockwell, serif;\"><b>Corban\u00e7on<\/b><\/span><\/span><span style=\"color: #003399;\"><span style=\"font-family: Rockwell, serif;\">\u00a0: la rivi\u00e8re l\u2019Yoson qui traverse ce hameau de quelques maisons serait peut-\u00eatre \u00e0 la naissance du nom\u00a0avec le pr\u00e9celtique <\/span><\/span><span style=\"color: #003399;\"><span style=\"font-family: Rockwell, serif;\"><i>corb<\/i><\/span><\/span><span style=\"color: #003399;\"><span style=\"font-family: Rockwell, serif;\">, suivi du terme pr\u00e9latin ou roman <\/span><\/span><span style=\"color: #003399;\"><span style=\"font-family: Rockwell, serif;\"><i>-ant-ione. <\/i><\/span><\/span><span style=\"color: #003399;\"><span style=\"font-family: Rockwell, serif;\">Dans les temps anciens,<\/span><\/span><i> <\/i><span style=\"color: #003399;\"><span style=\"font-family: Rockwell, serif;\">il \u00e9tait tr\u00e8s fr\u00e9quent de d\u00e9signer un emplacement par rapport \u00e0 sa g\u00e9ographie. <\/span><\/span><\/p>\n<\/li>\n<\/ul>\n<p align=\"justify\">\n<ul>\n<li>\n<p align=\"justify\"><span style=\"color: #003399;\"><span style=\"font-family: Rockwell, serif;\"><b><a href=\"https:\/\/www.brenne-au-coeur.com\/wp-content\/uploads\/2026\/01\/P1060201-scaled.jpg\" rel=\"lightbox[7338]\"><img loading=\"lazy\" decoding=\"async\" class=\"alignleft wp-image-7341\" src=\"https:\/\/www.brenne-au-coeur.com\/wp-content\/uploads\/2026\/01\/P1060201-300x163.jpg\" alt=\"\" width=\"366\" height=\"199\" srcset=\"https:\/\/www.brenne-au-coeur.com\/wp-content\/uploads\/2026\/01\/P1060201-300x163.jpg 300w, https:\/\/www.brenne-au-coeur.com\/wp-content\/uploads\/2026\/01\/P1060201-1024x555.jpg 1024w, https:\/\/www.brenne-au-coeur.com\/wp-content\/uploads\/2026\/01\/P1060201-150x81.jpg 150w, https:\/\/www.brenne-au-coeur.com\/wp-content\/uploads\/2026\/01\/P1060201-768x416.jpg 768w, https:\/\/www.brenne-au-coeur.com\/wp-content\/uploads\/2026\/01\/P1060201-1536x833.jpg 1536w, https:\/\/www.brenne-au-coeur.com\/wp-content\/uploads\/2026\/01\/P1060201-2048x1110.jpg 2048w\" sizes=\"auto, (max-width: 366px) 100vw, 366px\" \/><\/a>Les Loges de Cousin<\/b><\/span><\/span><span style=\"color: #003399;\"><span style=\"font-family: Rockwell, serif;\">\u00a0: issue de <\/span><\/span><span style=\"color: #003399;\"><span style=\"font-family: Rockwell, serif;\"><i>laubja, <\/i><\/span><\/span><span style=\"color: #003399;\"><span style=\"font-family: Rockwell, serif;\">la langue parl\u00e9e par les Francs, il s\u2019agit d\u2019un abri rudimentaire pour h\u00e9berger un animal ou un \u00eatre humain et par extension une cabane construite en milieu forestier. Celle-ci aurait appartenu \u00e0 un certain Cousin. Si aujourd\u2019hui, l\u2019endroit n\u2019est plus bois\u00e9, n\u2019oublions pas que jusqu\u2019au Moyen \u00c2ge, la Brenne \u00e9tait une vaste for\u00eat. <\/span><\/span><\/p>\n<\/li>\n<\/ul>\n<p align=\"justify\">\n<ul>\n<li>\n<p align=\"justify\"><span style=\"color: #003399;\"><span style=\"font-family: Rockwell, serif;\"><b>La Roche-Marteau<\/b><\/span><\/span><span style=\"color: #003399;\"><span style=\"font-family: Rockwell, serif;\">\u00a0: l\u00e0 encore, la nature du sol a d\u00e9termin\u00e9 le nom, avec des pierres, des roches. Et une famille Marteau a demeur\u00e9 \u00e0 cet endroit qui comporte \u00e0 ce jour dix maisons. <\/span><\/span><\/p>\n<\/li>\n<\/ul>\n<p align=\"justify\">\n<ul>\n<li>\n<p align=\"justify\"><span style=\"color: #003399;\"><span style=\"font-family: Rockwell, serif;\"><b>Les Noraies<\/b><\/span><\/span><span style=\"color: #003399;\"><span style=\"font-family: Rockwell, serif;\">\u00a0: un d\u00e9riv\u00e9 de noyer. Un arbre bien pr\u00e9sent sur le territoire. La noisette, un autre fruit \u00e0 coque, est la composante principale de l\u2019excellente p\u00e2te \u00e0 tartiner produite artisanalement par Noiseraie Productions situ\u00e9e \u00e0 proximit\u00e9. Est-ce un hasard\u00a0? <\/span><\/span><\/p>\n<\/li>\n<\/ul>\n<p align=\"justify\">\n<ul>\n<li>\n<p align=\"justify\"><span style=\"color: #003399;\"><span style=\"font-family: Rockwell, serif;\"><b>Marlanges\u00a0<\/b><\/span><\/span><span style=\"color: #003399;\"><span style=\"font-family: Rockwell, serif;\">: du nom \u00e9ponyme qui pourrait \u00eatre apparent\u00e9 \u00e0 un autre Marlanges situ\u00e9 \u00e0 l\u2019est d\u2019Aubusson en Creuse. <\/span><\/span><\/p>\n<\/li>\n<\/ul>\n<p align=\"justify\">\n<ul>\n<li>\n<p align=\"justify\"><span style=\"color: #003399;\"><span style=\"font-family: Rockwell, serif;\"><b><a href=\"https:\/\/www.brenne-au-coeur.com\/wp-content\/uploads\/2026\/01\/AD36-26Fi3098.png\" rel=\"lightbox[7338]\"><img loading=\"lazy\" decoding=\"async\" class=\"alignright wp-image-7340\" src=\"https:\/\/www.brenne-au-coeur.com\/wp-content\/uploads\/2026\/01\/AD36-26Fi3098-300x204.png\" alt=\"\" width=\"421\" height=\"286\" srcset=\"https:\/\/www.brenne-au-coeur.com\/wp-content\/uploads\/2026\/01\/AD36-26Fi3098-300x204.png 300w, https:\/\/www.brenne-au-coeur.com\/wp-content\/uploads\/2026\/01\/AD36-26Fi3098-1024x695.png 1024w, https:\/\/www.brenne-au-coeur.com\/wp-content\/uploads\/2026\/01\/AD36-26Fi3098-150x102.png 150w, https:\/\/www.brenne-au-coeur.com\/wp-content\/uploads\/2026\/01\/AD36-26Fi3098-768x521.png 768w, https:\/\/www.brenne-au-coeur.com\/wp-content\/uploads\/2026\/01\/AD36-26Fi3098.png 1134w\" sizes=\"auto, (max-width: 421px) 100vw, 421px\" \/><\/a>Subtray<\/b><\/span><\/span><span style=\"color: #003399;\"><span style=\"font-family: Rockwell, serif;\">\u00a0: selon Daniel Audoux, <\/span><\/span><span style=\"color: #003399;\"><span style=\"font-family: Rockwell, serif;\"><i>strata &#8211; <\/i><\/span><\/span><span style=\"color: #003399;\"><span style=\"font-family: Rockwell, serif;\">\u00ab\u00a0route pav\u00e9e\u00a0\u00bb<\/span><\/span><span style=\"color: #003399;\"><span style=\"font-family: Rockwell, serif;\"><i> &#8211;<\/i><\/span><\/span><span style=\"color: #003399;\"><span style=\"font-family: Rockwell, serif;\"> serait \u00e0 la formation du nom de cet endroit habit\u00e9 depuis l\u2019\u00e9poque gallo-romaine. Une autre hypoth\u00e8se indique une combinaison form\u00e9e du latin <\/span><\/span><span style=\"color: #003399;\"><span style=\"font-family: Rockwell, serif;\"><i>sub, <\/i><\/span><\/span><span style=\"color: #003399;\"><span style=\"font-family: Rockwell, serif;\">\u00ab\u00a0sous\u00a0\u00bb<\/span><\/span><i> <\/i><span style=\"color: #003399;\"><span style=\"font-family: Rockwell, serif;\">suivie du terme gaulois <\/span><\/span><span style=\"color: #003399;\"><span style=\"font-family: Rockwell, serif;\"><i>trebo, <\/i><\/span><\/span><span style=\"color: #003399;\"><span style=\"font-family: Rockwell, serif;\">\u00ab\u00a0habitation\u00a0\u00bb. Le suffixe <\/span><\/span><span style=\"color: #003399;\"><span style=\"font-family: Rockwell, serif;\"><i>ay <\/i><\/span><\/span><span style=\"color: #003399;\"><span style=\"font-family: Rockwell, serif;\">provient de la langue romane d\u2019o\u00efl parl\u00e9e au Moyen \u00c2ge dans le nord de la France. Au centre, nous sommes \u00e0 la limite avec le parler en langue d\u2019Oc. <\/span><\/span><\/p>\n<\/li>\n<\/ul>\n<p>&nbsp;<\/p>\n<p align=\"justify\"><span style=\"color: #003399;\"><span style=\"font-family: Rockwell, serif;\">L\u2019\u00e9tymologie des principaux lieux qui composent le territoire de la capitale de la Brenne, qui s\u2019\u00e9tend sur 57 km2, \u00e9tant d\u00e9finie, rapprochons nous des odonymes des \u00ab\u00a0voies de communication\u00a0\u00bb, comme les ing\u00e9nieurs d\u00e9partementaux les appelaient au XIXe si\u00e8cle. <\/span><\/span><\/p>\n<p align=\"justify\"><span style=\"color: #003399;\"><span style=\"font-family: Rockwell, serif;\">Hormis des noms li\u00e9s \u00e0 un \u00e9difice tel que l\u2019\u00e9glise, le ch\u00e2teau, \u00e0 une particularit\u00e9 g\u00e9ographique comme un cours d\u2019eau ou une qualit\u00e9 de sol, jusqu\u2019\u00e0 la Renaissance les habitants vivaient sans avoir d\u2019adresse d\u00e9finie. L\u2019\u00e9tranger qui se pr\u00e9sentait demandait tout simplement o\u00f9 demeurait la personne qu\u2019il souhaitait rencontrer. Chacun connaissait tout le monde. Il suffisait d\u2019interroger un passant pour \u00eatre aiguill\u00e9 sur le bon chemin \u00e9ventuellement nomm\u00e9 selon les inspirations populaires. <\/span><\/span><\/p>\n<p align=\"justify\"><span style=\"color: #003399;\"><span style=\"font-family: Rockwell, serif;\">A partir de 1600, le duc de Sully \u00e9met l\u2019id\u00e9e que les rues peuvent recevoir un nom sans rapport avec le lieu ou les enseignes des commer\u00e7ants. Progressivement, leur d\u00e9signation rel\u00e8ve du pouvoir royal et, apr\u00e8s la R\u00e9volution, du monopole public avec la cr\u00e9ation des conseils municipaux. Une relative libert\u00e9 leur est octroy\u00e9e\u00a0: mettre en valeur une personnalit\u00e9 locale, r\u00e9gionale ou nationale, valoriser un lieu particulier ou informatif, promouvoir des animaux, des fleurs,\u2026<\/span><\/span><\/p>\n<p align=\"justify\"><span style=\"color: #003399;\"><span style=\"font-family: Rockwell, serif;\">C\u2019est ainsi que pour saluer des faits et\/ou des individualit\u00e9s, les rues et les places ont parfois fr\u00e9quemment chang\u00e9 de d\u00e9nomination au fil des \u00e9poques. <\/span><\/span><\/p>\n<p align=\"justify\"><span style=\"color: #003399;\"><span style=\"font-family: Rockwell, serif;\">Pour s\u2019y retrouver, ce n\u2019est qu\u2019au milieu du XIXe si\u00e8cle que les plaques \u00e9maill\u00e9es apparaissent. Elles doivent \u00eatre appos\u00e9es sur les murs des maisons situ\u00e9es aux coins des voies. <\/span><\/span><\/p>\n<p align=\"justify\"><span style=\"color: #003399;\"><span style=\"font-family: Rockwell, serif;\">A M\u00e9zi\u00e8res, toute cette identification s\u2019est mise en place graduellement bien des ann\u00e9es apr\u00e8s les d\u00e9cisions parisiennes. Les cinq rues du hameau de Subtray n\u2019ont \u00e9t\u00e9 baptis\u00e9es qu\u2019en 2003\u2026<\/span><\/span><\/p>\n<p align=\"justify\">\n<p>&nbsp;<\/p>\n<div data-olk-copy-source=\"MessageBody\">carte de Cassini, libre de droits<\/div>\n<div>Subtray&nbsp;: AD36 26FI3098<\/div>\n<div>photos des plaques de rues&nbsp;: C. Kroliczak<\/div>\n<p>&nbsp;<\/p>\n<p>&nbsp;<\/p>\n<p>&nbsp;<\/p>\n","protected":false},"excerpt":{"rendered":"<p>Les noms des rues d\u2019un village, ceux des lieux-dits qui l\u2019entourent font tellement partie du quotidien que l\u2019on ignore bien souvent leurs origines et les fondements de leurs d\u00e9nominations. Et pourtant, combien de fois \u00e9crit-on son adresse\u00a0? Des centaines voire des milliers, sur des formulaires administratifs, sur nos comptes num\u00e9riques et (de moins en moins\u00a0!)&hellip;&nbsp;<a href=\"https:\/\/www.brenne-au-coeur.com\/index.php\/2026\/01\/03\/ce-que-votre-rue-raconte-2\/communes\/mezieres-en-brenne\/7338\/\" rel=\"bookmark\">Lire la suite&nbsp;&raquo;<span class=\"screen-reader-text\">Ce que votre rue raconte<\/span><\/a><\/p>\n","protected":false},"author":2,"featured_media":7340,"comment_status":"open","ping_status":"open","sticky":false,"template":"","format":"standard","meta":{"rop_custom_images_group":[],"rop_custom_messages_group":[],"rop_publish_now":"initial","rop_publish_now_accounts":[],"rop_publish_now_history":[],"rop_publish_now_status":"pending","_monsterinsights_skip_tracking":false,"_monsterinsights_sitenote_active":false,"_monsterinsights_sitenote_note":"","_monsterinsights_sitenote_category":0,"neve_meta_sidebar":"","neve_meta_container":"","neve_meta_enable_content_width":"off","neve_meta_content_width":70,"neve_meta_title_alignment":"","neve_meta_author_avatar":"","neve_post_elements_order":"","neve_meta_disable_header":"","neve_meta_disable_footer":"","neve_meta_disable_title":"","_jetpack_memberships_contains_paid_content":false,"footnotes":"","jetpack_publicize_message":"","jetpack_publicize_feature_enabled":true,"jetpack_social_post_already_shared":true,"jetpack_social_options":{"image_generator_settings":{"template":"highway","default_image_id":0,"font":"","enabled":false},"version":2}},"categories":[193,12],"tags":[49],"class_list":["post-7338","post","type-post","status-publish","format-standard","has-post-thumbnail","hentry","category-2-dernier-article-paru","category-mezieres-en-brenne","tag-histoire"],"aioseo_notices":[],"jetpack_publicize_connections":[],"jetpack_featured_media_url":"https:\/\/www.brenne-au-coeur.com\/wp-content\/uploads\/2026\/01\/AD36-26Fi3098.png","jetpack-related-posts":[],"jetpack_sharing_enabled":true,"_links":{"self":[{"href":"https:\/\/www.brenne-au-coeur.com\/index.php\/wp-json\/wp\/v2\/posts\/7338","targetHints":{"allow":["GET"]}}],"collection":[{"href":"https:\/\/www.brenne-au-coeur.com\/index.php\/wp-json\/wp\/v2\/posts"}],"about":[{"href":"https:\/\/www.brenne-au-coeur.com\/index.php\/wp-json\/wp\/v2\/types\/post"}],"author":[{"embeddable":true,"href":"https:\/\/www.brenne-au-coeur.com\/index.php\/wp-json\/wp\/v2\/users\/2"}],"replies":[{"embeddable":true,"href":"https:\/\/www.brenne-au-coeur.com\/index.php\/wp-json\/wp\/v2\/comments?post=7338"}],"version-history":[{"count":1,"href":"https:\/\/www.brenne-au-coeur.com\/index.php\/wp-json\/wp\/v2\/posts\/7338\/revisions"}],"predecessor-version":[{"id":7343,"href":"https:\/\/www.brenne-au-coeur.com\/index.php\/wp-json\/wp\/v2\/posts\/7338\/revisions\/7343"}],"wp:featuredmedia":[{"embeddable":true,"href":"https:\/\/www.brenne-au-coeur.com\/index.php\/wp-json\/wp\/v2\/media\/7340"}],"wp:attachment":[{"href":"https:\/\/www.brenne-au-coeur.com\/index.php\/wp-json\/wp\/v2\/media?parent=7338"}],"wp:term":[{"taxonomy":"category","embeddable":true,"href":"https:\/\/www.brenne-au-coeur.com\/index.php\/wp-json\/wp\/v2\/categories?post=7338"},{"taxonomy":"post_tag","embeddable":true,"href":"https:\/\/www.brenne-au-coeur.com\/index.php\/wp-json\/wp\/v2\/tags?post=7338"}],"curies":[{"name":"wp","href":"https:\/\/api.w.org\/{rel}","templated":true}]}}