{"id":7325,"date":"2025-12-21T13:14:30","date_gmt":"2025-12-21T12:14:30","guid":{"rendered":"https:\/\/www.brenne-au-coeur.com\/?p=7325"},"modified":"2025-12-21T13:14:30","modified_gmt":"2025-12-21T12:14:30","slug":"jeunes-et-anciens-reunis-pour-noel","status":"publish","type":"post","link":"https:\/\/www.brenne-au-coeur.com\/index.php\/2025\/12\/21\/jeunes-et-anciens-reunis-pour-noel\/communes\/mezieres-en-brenne\/7325\/","title":{"rendered":"Jeunes et anciens r\u00e9unis pour No\u00ebl"},"content":{"rendered":"<p><span style=\"font-size: large;\"><a href=\"https:\/\/www.brenne-au-coeur.com\/wp-content\/uploads\/2025\/12\/20251219_144935.resized.jpg\" rel=\"lightbox[7325]\"><img loading=\"lazy\" decoding=\"async\" class=\"alignleft wp-image-7327\" src=\"https:\/\/www.brenne-au-coeur.com\/wp-content\/uploads\/2025\/12\/20251219_144935.resized-300x225.jpg\" alt=\"\" width=\"218\" height=\"163\" srcset=\"https:\/\/www.brenne-au-coeur.com\/wp-content\/uploads\/2025\/12\/20251219_144935.resized-300x225.jpg 300w, https:\/\/www.brenne-au-coeur.com\/wp-content\/uploads\/2025\/12\/20251219_144935.resized-150x112.jpg 150w, https:\/\/www.brenne-au-coeur.com\/wp-content\/uploads\/2025\/12\/20251219_144935.resized.jpg 403w\" sizes=\"auto, (max-width: 218px) 100vw, 218px\" \/><\/a>Vendredi 19 d\u00e9cembre apr\u00e8s-midi, dix r\u00e9sidents de l\u2019Ehpad de M\u00e9zi\u00e8res et leurs accompagnateurs ont quitt\u00e9 la maison de retraite. La petite troupe a travers\u00e9 les rues du village pour se rendre \u00e0 la salle des f\u00eates. Ils y ont retrouv\u00e9 les \u00e9l\u00e8ves de l\u2019\u00e9cole primaire pour partager un go\u00fbter de No\u00ebl, offert par la municipalit\u00e9. <\/span><\/p>\n<p><span style=\"font-size: large;\">Depuis trois ans, cette rencontre est organis\u00e9e dans la salle des f\u00eates pour permettre aux jeunes et aux anciens de vivre ce moment de convivialit\u00e9. <\/span><\/p>\n<p><span style=\"font-size: large;\">Arriv\u00e9s les premiers, les r\u00e9sidents de la maison de retraite ont pris le temps de s\u2019installer afin d\u2019accueillir les enfants. C\u2019est en entonnant l\u2019incontournable \u00ab\u00a0Petit papa No\u00ebl\u00a0\u00bb qu\u2019ils ont souhait\u00e9 la bienvenue aux \u00e9l\u00e8ves, \u00e0 leurs institutrices et instituteurs. En r\u00e9ponse les \u00e9l\u00e8ves ont offert le c\u00e9l\u00e8bre \u00ab\u00a0Vive le vent\u00a0\u00bb et remis cartes et dessins cr\u00e9\u00e9s \u00e0 l\u2019intention des r\u00e9sidents de l\u2019Ehpad.<\/span><\/p>\n<p><span style=\"font-size: large;\"><img loading=\"lazy\" decoding=\"async\" class=\" wp-image-7328 alignright\" src=\"https:\/\/www.brenne-au-coeur.com\/wp-content\/uploads\/2025\/12\/20251219_152628.resized-300x239.jpg\" alt=\"\" width=\"215\" height=\"171\" srcset=\"https:\/\/www.brenne-au-coeur.com\/wp-content\/uploads\/2025\/12\/20251219_152628.resized-300x239.jpg 300w, https:\/\/www.brenne-au-coeur.com\/wp-content\/uploads\/2025\/12\/20251219_152628.resized-150x120.jpg 150w, https:\/\/www.brenne-au-coeur.com\/wp-content\/uploads\/2025\/12\/20251219_152628.resized.jpg 759w\" sizes=\"auto, (max-width: 215px) 100vw, 215px\" \/>Dans un joyeux brouhaha, tout le monde s\u2019est ensuite install\u00e9 autour des tables pour profiter du go\u00fbter.<\/span><\/p>\n<p><span style=\"font-size: large;\">Une occasion pour favoriser les relations interg\u00e9n\u00e9rationnelles. \u00c0 n\u2019en pas douter, l\u2019animatrice de l\u2019Ehpad et les enseignants de l\u2019\u00e9cole auront \u00e0 c\u0153ur de maintenir dans les ann\u00e9es \u00e0 venir, ce rendez-vous sympathique et chaleureux. <\/span><\/p>\n","protected":false},"excerpt":{"rendered":"<p>Vendredi 19 d\u00e9cembre apr\u00e8s-midi, dix r\u00e9sidents de l\u2019Ehpad de M\u00e9zi\u00e8res et leurs accompagnateurs ont quitt\u00e9 la maison de retraite. La petite troupe a travers\u00e9 les rues du village pour se rendre \u00e0 la salle des f\u00eates. Ils y ont retrouv\u00e9 les \u00e9l\u00e8ves de l\u2019\u00e9cole primaire pour partager un go\u00fbter de No\u00ebl, offert par la municipalit\u00e9.&hellip;&nbsp;<a href=\"https:\/\/www.brenne-au-coeur.com\/index.php\/2025\/12\/21\/jeunes-et-anciens-reunis-pour-noel\/communes\/mezieres-en-brenne\/7325\/\" rel=\"bookmark\">Lire la suite&nbsp;&raquo;<span class=\"screen-reader-text\">Jeunes et anciens r\u00e9unis pour No\u00ebl<\/span><\/a><\/p>\n","protected":false},"author":1,"featured_media":7329,"comment_status":"open","ping_status":"open","sticky":false,"template":"","format":"standard","meta":{"rop_custom_images_group":[],"rop_custom_messages_group":[],"rop_publish_now":"initial","rop_publish_now_accounts":[],"rop_publish_now_history":[],"rop_publish_now_status":"pending","_monsterinsights_skip_tracking":false,"_monsterinsights_sitenote_active":false,"_monsterinsights_sitenote_note":"","_monsterinsights_sitenote_category":0,"neve_meta_sidebar":"","neve_meta_container":"","neve_meta_enable_content_width":"off","neve_meta_content_width":70,"neve_meta_title_alignment":"","neve_meta_author_avatar":"","neve_post_elements_order":"","neve_meta_disable_header":"","neve_meta_disable_footer":"","neve_meta_disable_title":"","_jetpack_memberships_contains_paid_content":false,"footnotes":"","jetpack_publicize_message":"","jetpack_publicize_feature_enabled":true,"jetpack_social_post_already_shared":true,"jetpack_social_options":{"image_generator_settings":{"template":"highway","default_image_id":0,"font":"","enabled":false},"version":2}},"categories":[12],"tags":[111],"class_list":["post-7325","post","type-post","status-publish","format-standard","has-post-thumbnail","hentry","category-mezieres-en-brenne","tag-fetes"],"aioseo_notices":[],"jetpack_publicize_connections":[],"jetpack_featured_media_url":"https:\/\/www.brenne-au-coeur.com\/wp-content\/uploads\/2025\/12\/20251219_143724.resized.jpg","jetpack-related-posts":[],"jetpack_sharing_enabled":true,"_links":{"self":[{"href":"https:\/\/www.brenne-au-coeur.com\/index.php\/wp-json\/wp\/v2\/posts\/7325","targetHints":{"allow":["GET"]}}],"collection":[{"href":"https:\/\/www.brenne-au-coeur.com\/index.php\/wp-json\/wp\/v2\/posts"}],"about":[{"href":"https:\/\/www.brenne-au-coeur.com\/index.php\/wp-json\/wp\/v2\/types\/post"}],"author":[{"embeddable":true,"href":"https:\/\/www.brenne-au-coeur.com\/index.php\/wp-json\/wp\/v2\/users\/1"}],"replies":[{"embeddable":true,"href":"https:\/\/www.brenne-au-coeur.com\/index.php\/wp-json\/wp\/v2\/comments?post=7325"}],"version-history":[{"count":1,"href":"https:\/\/www.brenne-au-coeur.com\/index.php\/wp-json\/wp\/v2\/posts\/7325\/revisions"}],"predecessor-version":[{"id":7330,"href":"https:\/\/www.brenne-au-coeur.com\/index.php\/wp-json\/wp\/v2\/posts\/7325\/revisions\/7330"}],"wp:featuredmedia":[{"embeddable":true,"href":"https:\/\/www.brenne-au-coeur.com\/index.php\/wp-json\/wp\/v2\/media\/7329"}],"wp:attachment":[{"href":"https:\/\/www.brenne-au-coeur.com\/index.php\/wp-json\/wp\/v2\/media?parent=7325"}],"wp:term":[{"taxonomy":"category","embeddable":true,"href":"https:\/\/www.brenne-au-coeur.com\/index.php\/wp-json\/wp\/v2\/categories?post=7325"},{"taxonomy":"post_tag","embeddable":true,"href":"https:\/\/www.brenne-au-coeur.com\/index.php\/wp-json\/wp\/v2\/tags?post=7325"}],"curies":[{"name":"wp","href":"https:\/\/api.w.org\/{rel}","templated":true}]}}