{"id":7311,"date":"2025-12-18T13:25:31","date_gmt":"2025-12-18T12:25:31","guid":{"rendered":"https:\/\/www.brenne-au-coeur.com\/?p=7311"},"modified":"2025-12-18T13:25:31","modified_gmt":"2025-12-18T12:25:31","slug":"rag-n-boogie-a-la-filature","status":"publish","type":"post","link":"https:\/\/www.brenne-au-coeur.com\/index.php\/2025\/12\/18\/rag-n-boogie-a-la-filature\/le-blanc\/7311\/","title":{"rendered":"Rag&rsquo; n&rsquo; Boogie \u00e0 la Filature"},"content":{"rendered":"<p><span style=\"font-size: large;\">Vendredi 23 janvier 2026, \u00e0 20h30, au Moulin de la Filature, <a href=\"https:\/\/www.sebastientroendle.com\/\">S\u00e9bastien Troendl\u00e9<\/a> pr\u00e9sente un spectacle en musiques, en mots et en images.<\/span><\/p>\n<p><span style=\"font-size: large;\"><a href=\"https:\/\/www.brenne-au-coeur.com\/wp-content\/uploads\/2025\/12\/sebastien.jpeg\" rel=\"lightbox[7311]\"><img loading=\"lazy\" decoding=\"async\" class=\"alignleft wp-image-7313 size-full\" src=\"https:\/\/www.brenne-au-coeur.com\/wp-content\/uploads\/2025\/12\/sebastien.jpeg\" alt=\"\" width=\"183\" height=\"275\" srcset=\"https:\/\/www.brenne-au-coeur.com\/wp-content\/uploads\/2025\/12\/sebastien.jpeg 183w, https:\/\/www.brenne-au-coeur.com\/wp-content\/uploads\/2025\/12\/sebastien-100x150.jpeg 100w\" sizes=\"auto, (max-width: 183px) 100vw, 183px\" \/><\/a>Comment des musiques aussi joyeuses ont-elles pu na\u00eetre dans le contexte dramatique de l\u2019\u00e9poque\u2009? S\u00e9bastien Troendl\u00e9 s\u2019est plong\u00e9 dans l\u2019histoire de ces musiques et de leurs cr\u00e9ateurs et nous invite au voyage. Pour toucher au plus pr\u00e8s de ce que furent les destins de ces artistes, pour mieux plonger dans leur \u00e9poque et les conditions d\u2019\u00e9closion de leurs musiques, de nombreux images et films d\u2019archives accompagnent et amplifient ce voyage au c\u0153ur d\u2019une Am\u00e9rique d\u00e9chir\u00e9e, mais anim\u00e9e d\u2019un bouillonnement cr\u00e9atif sans \u00e9gal. De sorte que dans Rag\u2019n Boogie, les forces de la musique, de l\u2019image et de la narration d\u2019une histoire aux accents universels se conjuguent dans un souffle quasi \u00e9pique.<\/span><\/p>\n<p><span style=\"font-size: large;\"><i>Pianiste fran\u00e7ais dipl\u00f4m\u00e9 du Conservatoire de l\u2019Acad\u00e9mie de B\u00e2le, S\u00e9bastien Troendl\u00e9 alimente son \u00e9clectisme en collaborant depuis toujours \u00e0 de nombreux projets allant du jazz au reggae en passant par la chanson fran\u00e7aise et le blues.<\/i><\/span><\/p>\n<p><span style=\"font-size: large;\"><i>Sollicit\u00e9 pour ses qualit\u00e9s d\u2019improvisateur, de compositeur, d\u2019arrangeur et de directeur musical, S\u00e9bastien multiplie les exp\u00e9riences. Citons sa collaboration dans le quintet de Marc Ullrich, avec qui il s\u2019est produit au Bird\u2019s eye \u00e0 B\u00e2le et au festival Jazz \u00e0 Mulhouse (2003), sa premi\u00e8re exp\u00e9rience de com\u00e9dien dans la pi\u00e8ce La Ch\u00e8re Main de Germain en hommage \u00e0 Germain Muller, figure embl\u00e9matique alsacienne, mise en sc\u00e8ne par S\u00e9bastien Bizzotto (2013) et sa participation \u00e0 la Revue satirique du Th\u00e9\u00e2tre de la Choucrouterie (2011\/2015). Sans oublier ses arrangements sur l\u2019album La Libido du Living-Room du groupe Les Dessous de la Vie (2013). <\/i>Pr\u00e9sentation extraite du site internet.<\/span><\/p>\n<div class=\"nv-iframe-embed\"><div class=\"lyte-wrapper fourthree\" title=\"Clip du spectacle Rag&amp;#039;n Boogie - S&eacute;bastien Troendl&eacute;\" style=\"width:420px;max-width:100%;margin:5px auto;\"><div class=\"lyMe hidef\" id=\"WYL_trqkvYDPTX0\" itemprop=\"video\" itemscope itemtype=\"https:\/\/schema.org\/VideoObject\"><div><meta itemprop=\"thumbnailUrl\" content=\"https:\/\/www.brenne-au-coeur.com\/wp-content\/plugins\/wp-youtube-lyte\/lyteCache.php?origThumbUrl=https%3A%2F%2Fi.ytimg.com%2Fvi%2FtrqkvYDPTX0%2Fmaxresdefault.jpg\" \/><meta itemprop=\"embedURL\" content=\"https:\/\/www.youtube.com\/embed\/trqkvYDPTX0\" \/><meta itemprop=\"duration\" content=\"PT3M47S\" \/><meta itemprop=\"uploadDate\" content=\"2010-12-10T11:15:08Z\" \/><\/div><div id=\"lyte_trqkvYDPTX0\" data-src=\"https:\/\/www.brenne-au-coeur.com\/wp-content\/plugins\/wp-youtube-lyte\/lyteCache.php?origThumbUrl=https%3A%2F%2Fi.ytimg.com%2Fvi%2FtrqkvYDPTX0%2Fmaxresdefault.jpg\" class=\"pL\"><div class=\"tC\"><div class=\"tT\" itemprop=\"name\">Clip du spectacle Rag&#039;n Boogie - S\u00e9bastien Troendl\u00e9<\/div><\/div><div class=\"play\"><\/div><div class=\"ctrl\"><div class=\"Lctrl\"><\/div><div class=\"Rctrl\"><\/div><\/div><\/div><noscript><a href=\"https:\/\/youtu.be\/trqkvYDPTX0\" rel=\"nofollow\"><img loading=\"lazy\" decoding=\"async\" src=\"https:\/\/www.brenne-au-coeur.com\/wp-content\/plugins\/wp-youtube-lyte\/lyteCache.php?origThumbUrl=https%3A%2F%2Fi.ytimg.com%2Fvi%2FtrqkvYDPTX0%2F0.jpg\" alt=\"Clip du spectacle Rag&amp;#039;n Boogie - S&eacute;bastien Troendl&eacute;\" width=\"420\" height=\"295\" \/><br \/>Lire cette vid\u00e9o sur YouTube<\/a><\/noscript><meta itemprop=\"description\" content=\"Rag&#039;n Boogie, l&#039;av\u00e8nement du piano dans la musique noire am\u00e9ricaine. Un spectacle en mots, en musique, en images S\u00e9bastien Troendl\u00e9 : jeux Jean-Raymong G\u00e9lis : metteur en sc\u00e8ne contact@labelpst.com\"><\/div><\/div><div class=\"lL\" style=\"max-width:100%;width:420px;margin:5px auto;\"><\/div><\/div>\n<p><span style=\"font-size: large;\">R\u00e9servation conseill\u00e9e. Public \u00e0 partir de 12 ans. Pianiste&nbsp;: S\u00e9bastien Troendl\u00e9. Mise en sc\u00e8ne&nbsp;: Isma\u00efl Safwan. Cr\u00e9ation \u2029lumi\u00e8re\u2029\ua789\u2029 Pascal\u2029 Grussner. Vid\u00e9o\u2029\ua789\u2029 Philippe \u2029Lux.<\/span><\/p>\n<p><span style=\"font-size: large;\">Adulte plein tarif&nbsp;: 16 \u20ac Tarif r\u00e9duit \u00e9tudiant et abonn\u00e9&nbsp;: 9,50 \u20ac<\/span><\/p>\n<p>&nbsp;<\/p>\n<p><span style=\"font-size: large;\">Renseignements \/ R\u00e9servation 02 54 37 05 13 R\u00e9servation en ligne<\/span><\/p>\n","protected":false},"excerpt":{"rendered":"<p>Vendredi 23 janvier 2026, \u00e0 20h30, au Moulin de la Filature, S\u00e9bastien Troendl\u00e9 pr\u00e9sente un spectacle en musiques, en mots et en images. Comment des musiques aussi joyeuses ont-elles pu na\u00eetre dans le contexte dramatique de l\u2019\u00e9poque\u2009? S\u00e9bastien Troendl\u00e9 s\u2019est plong\u00e9 dans l\u2019histoire de ces musiques et de leurs cr\u00e9ateurs et nous invite au voyage.&hellip;&nbsp;<a href=\"https:\/\/www.brenne-au-coeur.com\/index.php\/2025\/12\/18\/rag-n-boogie-a-la-filature\/le-blanc\/7311\/\" rel=\"bookmark\">Lire la suite&nbsp;&raquo;<span class=\"screen-reader-text\">Rag&rsquo; n&rsquo; Boogie \u00e0 la Filature<\/span><\/a><\/p>\n","protected":false},"author":1,"featured_media":7312,"comment_status":"open","ping_status":"open","sticky":false,"template":"","format":"standard","meta":{"rop_custom_images_group":[],"rop_custom_messages_group":[],"rop_publish_now":"initial","rop_publish_now_accounts":[],"rop_publish_now_history":[],"rop_publish_now_status":"pending","_monsterinsights_skip_tracking":false,"_monsterinsights_sitenote_active":false,"_monsterinsights_sitenote_note":"","_monsterinsights_sitenote_category":0,"neve_meta_sidebar":"","neve_meta_container":"","neve_meta_enable_content_width":"off","neve_meta_content_width":70,"neve_meta_title_alignment":"","neve_meta_author_avatar":"","neve_post_elements_order":"","neve_meta_disable_header":"","neve_meta_disable_footer":"","neve_meta_disable_title":"","_jetpack_memberships_contains_paid_content":false,"footnotes":"","jetpack_publicize_message":"","jetpack_publicize_feature_enabled":true,"jetpack_social_post_already_shared":true,"jetpack_social_options":{"image_generator_settings":{"template":"highway","default_image_id":0,"font":"","enabled":false},"version":2}},"categories":[101],"tags":[64],"class_list":["post-7311","post","type-post","status-publish","format-standard","has-post-thumbnail","hentry","category-le-blanc","tag-concert"],"aioseo_notices":[],"jetpack_publicize_connections":[],"jetpack_featured_media_url":"https:\/\/www.brenne-au-coeur.com\/wp-content\/uploads\/2025\/12\/RAGNBOOGIE-26092020-110-scaled-1-2.jpg","jetpack-related-posts":[],"jetpack_sharing_enabled":true,"_links":{"self":[{"href":"https:\/\/www.brenne-au-coeur.com\/index.php\/wp-json\/wp\/v2\/posts\/7311","targetHints":{"allow":["GET"]}}],"collection":[{"href":"https:\/\/www.brenne-au-coeur.com\/index.php\/wp-json\/wp\/v2\/posts"}],"about":[{"href":"https:\/\/www.brenne-au-coeur.com\/index.php\/wp-json\/wp\/v2\/types\/post"}],"author":[{"embeddable":true,"href":"https:\/\/www.brenne-au-coeur.com\/index.php\/wp-json\/wp\/v2\/users\/1"}],"replies":[{"embeddable":true,"href":"https:\/\/www.brenne-au-coeur.com\/index.php\/wp-json\/wp\/v2\/comments?post=7311"}],"version-history":[{"count":1,"href":"https:\/\/www.brenne-au-coeur.com\/index.php\/wp-json\/wp\/v2\/posts\/7311\/revisions"}],"predecessor-version":[{"id":7314,"href":"https:\/\/www.brenne-au-coeur.com\/index.php\/wp-json\/wp\/v2\/posts\/7311\/revisions\/7314"}],"wp:featuredmedia":[{"embeddable":true,"href":"https:\/\/www.brenne-au-coeur.com\/index.php\/wp-json\/wp\/v2\/media\/7312"}],"wp:attachment":[{"href":"https:\/\/www.brenne-au-coeur.com\/index.php\/wp-json\/wp\/v2\/media?parent=7311"}],"wp:term":[{"taxonomy":"category","embeddable":true,"href":"https:\/\/www.brenne-au-coeur.com\/index.php\/wp-json\/wp\/v2\/categories?post=7311"},{"taxonomy":"post_tag","embeddable":true,"href":"https:\/\/www.brenne-au-coeur.com\/index.php\/wp-json\/wp\/v2\/tags?post=7311"}],"curies":[{"name":"wp","href":"https:\/\/api.w.org\/{rel}","templated":true}]}}