{"id":7309,"date":"2025-12-18T12:39:31","date_gmt":"2025-12-18T11:39:31","guid":{"rendered":"https:\/\/www.brenne-au-coeur.com\/?p=7309"},"modified":"2025-12-18T12:39:31","modified_gmt":"2025-12-18T11:39:31","slug":"cafe-des-parents","status":"publish","type":"post","link":"https:\/\/www.brenne-au-coeur.com\/index.php\/2025\/12\/18\/cafe-des-parents\/breves\/7309\/","title":{"rendered":"Caf\u00e9 des parents"},"content":{"rendered":"<p><span style=\"color: #6b594d;\"><span style=\"font-family: Liberation Serif, serif;\"><span style=\"font-size: large;\">Mardi 13 janvier 2026, de 17h15 \u00e0 18h45, 1 rue Jean Giraudoux. Le Blanc.<\/span><\/span><\/span><\/p>\n<p><span style=\"color: #6b594d;\"><span style=\"font-family: Liberation Serif, serif;\"><span style=\"font-size: large;\">Organisateur&nbsp;: Centre social le part&rsquo;\u00e2ge. La famille dans tous ses \u00e9tats&nbsp;! Venez rencontrer d&rsquo;autres parents lors de ce caf\u00e9-\u00e9change, o\u00f9 l&rsquo;on parle sans complexe et en toute simplicit\u00e9 de la famille, les enfants, la parentalit\u00e9. Un moment convivial, d&rsquo;\u00e9change et d&rsquo;\u00e9coute entre parents pour prendre un temps pour soi, parfois un peu de recul et partager ses exp\u00e9riences avec d&rsquo;autres en toute s\u00e9curit\u00e9, dans la bienveillance et le respect de ce que chacun traverse. Co-anim\u00e9 avec Virginie Millin, psychologue sp\u00e9cialis\u00e9e dans l&rsquo;accompagnement des familles et de la gestion des \u00e9motions et Morgan Grall, r\u00e9f\u00e9rente famille au Centre Social.<\/span><\/span><\/span><\/p>\n<p><span style=\"color: #6b594d;\"><span style=\"font-family: Liberation Serif, serif;\"><span style=\"font-size: large;\">Une garderie gratuite peut \u00eatre mise en place, sur r\u00e9servation.<\/span><\/span><\/span><\/p>\n<p><span style=\"color: #6b594d;\"> <span style=\"font-family: Liberation Serif, serif;\"><span style=\"font-size: large;\">Adulte plein tarif adh\u00e9sion familiale&nbsp;: 5 \u20ac<\/span><\/span><\/span><\/p>\n<p><span style=\"color: #6b594d;\"> <span style=\"font-family: Liberation Serif, serif;\"><span style=\"font-size: large;\">Gratuit pour les adh\u00e9rents<\/span><\/span><\/span><\/p>\n<p><span style=\"color: #6b594d;\"><span style=\"font-family: Liberation Serif, serif;\"><span style=\"font-size: large;\">Renseignements\u00a0: 02 54 28 33 40 famille@cslb.fr Facebook<\/span><\/span><\/span><\/p>\n","protected":false},"excerpt":{"rendered":"<p>Mardi 13 janvier 2026, de 17h15 \u00e0 18h45, 1 rue Jean Giraudoux. Le Blanc. Organisateur&nbsp;: Centre social le part&rsquo;\u00e2ge. La famille dans tous ses \u00e9tats&nbsp;! Venez rencontrer d&rsquo;autres parents lors de ce caf\u00e9-\u00e9change, o\u00f9 l&rsquo;on parle sans complexe et en toute simplicit\u00e9 de la famille, les enfants, la parentalit\u00e9. Un moment convivial, d&rsquo;\u00e9change et d&rsquo;\u00e9coute&hellip;&nbsp;<a href=\"https:\/\/www.brenne-au-coeur.com\/index.php\/2025\/12\/18\/cafe-des-parents\/breves\/7309\/\" rel=\"bookmark\">Lire la suite&nbsp;&raquo;<span class=\"screen-reader-text\">Caf\u00e9 des parents<\/span><\/a><\/p>\n","protected":false},"author":1,"featured_media":0,"comment_status":"open","ping_status":"open","sticky":false,"template":"","format":"standard","meta":{"rop_custom_images_group":[],"rop_custom_messages_group":[],"rop_publish_now":"initial","rop_publish_now_accounts":[],"rop_publish_now_history":[],"rop_publish_now_status":"pending","_monsterinsights_skip_tracking":false,"_monsterinsights_sitenote_active":false,"_monsterinsights_sitenote_note":"","_monsterinsights_sitenote_category":0,"neve_meta_sidebar":"","neve_meta_container":"","neve_meta_enable_content_width":"off","neve_meta_content_width":70,"neve_meta_title_alignment":"","neve_meta_author_avatar":"","neve_post_elements_order":"","neve_meta_disable_header":"","neve_meta_disable_footer":"","neve_meta_disable_title":"","_jetpack_memberships_contains_paid_content":false,"footnotes":"","jetpack_publicize_message":"","jetpack_publicize_feature_enabled":true,"jetpack_social_post_already_shared":true,"jetpack_social_options":{"image_generator_settings":{"template":"highway","default_image_id":0,"font":"","enabled":false},"version":2}},"categories":[124],"tags":[],"class_list":["post-7309","post","type-post","status-publish","format-standard","hentry","category-breves"],"aioseo_notices":[],"jetpack_publicize_connections":[],"jetpack_featured_media_url":"","jetpack-related-posts":[],"jetpack_sharing_enabled":true,"_links":{"self":[{"href":"https:\/\/www.brenne-au-coeur.com\/index.php\/wp-json\/wp\/v2\/posts\/7309","targetHints":{"allow":["GET"]}}],"collection":[{"href":"https:\/\/www.brenne-au-coeur.com\/index.php\/wp-json\/wp\/v2\/posts"}],"about":[{"href":"https:\/\/www.brenne-au-coeur.com\/index.php\/wp-json\/wp\/v2\/types\/post"}],"author":[{"embeddable":true,"href":"https:\/\/www.brenne-au-coeur.com\/index.php\/wp-json\/wp\/v2\/users\/1"}],"replies":[{"embeddable":true,"href":"https:\/\/www.brenne-au-coeur.com\/index.php\/wp-json\/wp\/v2\/comments?post=7309"}],"version-history":[{"count":1,"href":"https:\/\/www.brenne-au-coeur.com\/index.php\/wp-json\/wp\/v2\/posts\/7309\/revisions"}],"predecessor-version":[{"id":7310,"href":"https:\/\/www.brenne-au-coeur.com\/index.php\/wp-json\/wp\/v2\/posts\/7309\/revisions\/7310"}],"wp:attachment":[{"href":"https:\/\/www.brenne-au-coeur.com\/index.php\/wp-json\/wp\/v2\/media?parent=7309"}],"wp:term":[{"taxonomy":"category","embeddable":true,"href":"https:\/\/www.brenne-au-coeur.com\/index.php\/wp-json\/wp\/v2\/categories?post=7309"},{"taxonomy":"post_tag","embeddable":true,"href":"https:\/\/www.brenne-au-coeur.com\/index.php\/wp-json\/wp\/v2\/tags?post=7309"}],"curies":[{"name":"wp","href":"https:\/\/api.w.org\/{rel}","templated":true}]}}