{"id":7305,"date":"2025-12-18T12:19:52","date_gmt":"2025-12-18T11:19:52","guid":{"rendered":"https:\/\/www.brenne-au-coeur.com\/?p=7305"},"modified":"2025-12-18T12:19:52","modified_gmt":"2025-12-18T11:19:52","slug":"maurice-rollinat-en-brenne","status":"publish","type":"post","link":"https:\/\/www.brenne-au-coeur.com\/index.php\/2025\/12\/18\/maurice-rollinat-en-brenne\/breves\/7305\/","title":{"rendered":"Maurice Rollinat en Brenne"},"content":{"rendered":"<p><span style=\"color: #6b594d;\"><span style=\"font-family: Liberation Serif, serif;\"><span style=\"font-size: large;\">Jeudi 08 janvier 2026 \u00e0 18h00, salle Carnot, rue Pasteur. Le Blanc. Organisateur&nbsp;: UIPB. Au milieu des ann\u00e9es 1890, Jules de Vorys invite son ami Maurice Rollinat, \u00e0 venir chez lui \u00e0 La Chaume. Il lui fait d\u00e9couvrir la Brenne et visiter le ch\u00e2teau du Bouchet. Maurice Rollinat \u00e9crira en souvenir de ces lieux \u00ab\u00a0L&rsquo;\u00e9tang Rouge\u00a0\u00bb, un de ses rares textes en prose. Nous \u00e9voquerons ce s\u00e9jour et l&rsquo;amiti\u00e9 ente Jules de Vorys et Maurice Rollinat. L&rsquo;intervention comprendra la lecture de l&rsquo;\u00c9tang Rouge\u00a0\u00bb, et des po\u00e8mes de Jules de Vorys et de Maurice Rollinat, dont certains mis en musique par Michel Ca\u00e7ao; elle sera illustr\u00e9e de peintures \u00e0 la cire de Catherine R\u00e9ault-Crosnier.<\/span><\/span><\/span><\/p>\n<p><span style=\"color: #6b594d;\"><span style=\"font-family: Liberation Serif, serif;\"><span style=\"font-size: large;\">Adulte plein tarif Conf\u00e9rence&nbsp;: 3 \u20ac Autre tarif Cotisation annuelle&nbsp;: 12 \u20ac. Gratuit pour les scolaires, les \u00e9tudiants, les demandeurs d&#8217;emploi.<\/span><\/span><\/span><\/p>\n<p><span style=\"color: #6b594d;\"><span style=\"font-family: Liberation Serif, serif;\"><span style=\"font-size: large;\">Renseignements \/ R\u00e9servation 02 54 37 24 32 uipb@orange.fr<\/span><\/span><\/span><\/p>\n","protected":false},"excerpt":{"rendered":"<p>Jeudi 08 janvier 2026 \u00e0 18h00, salle Carnot, rue Pasteur. Le Blanc. Organisateur&nbsp;: UIPB. Au milieu des ann\u00e9es 1890, Jules de Vorys invite son ami Maurice Rollinat, \u00e0 venir chez lui \u00e0 La Chaume. Il lui fait d\u00e9couvrir la Brenne et visiter le ch\u00e2teau du Bouchet. Maurice Rollinat \u00e9crira en souvenir de ces lieux \u00ab\u00a0L&rsquo;\u00e9tang&hellip;&nbsp;<a href=\"https:\/\/www.brenne-au-coeur.com\/index.php\/2025\/12\/18\/maurice-rollinat-en-brenne\/breves\/7305\/\" rel=\"bookmark\">Lire la suite&nbsp;&raquo;<span class=\"screen-reader-text\">Maurice Rollinat en Brenne<\/span><\/a><\/p>\n","protected":false},"author":1,"featured_media":0,"comment_status":"open","ping_status":"open","sticky":false,"template":"","format":"standard","meta":{"rop_custom_images_group":[],"rop_custom_messages_group":[],"rop_publish_now":"initial","rop_publish_now_accounts":[],"rop_publish_now_history":[],"rop_publish_now_status":"pending","_monsterinsights_skip_tracking":false,"_monsterinsights_sitenote_active":false,"_monsterinsights_sitenote_note":"","_monsterinsights_sitenote_category":0,"neve_meta_sidebar":"","neve_meta_container":"","neve_meta_enable_content_width":"off","neve_meta_content_width":70,"neve_meta_title_alignment":"","neve_meta_author_avatar":"","neve_post_elements_order":"","neve_meta_disable_header":"","neve_meta_disable_footer":"","neve_meta_disable_title":"","_jetpack_memberships_contains_paid_content":false,"footnotes":"","jetpack_publicize_message":"","jetpack_publicize_feature_enabled":true,"jetpack_social_post_already_shared":true,"jetpack_social_options":{"image_generator_settings":{"template":"highway","default_image_id":0,"font":"","enabled":false},"version":2}},"categories":[124],"tags":[],"class_list":["post-7305","post","type-post","status-publish","format-standard","hentry","category-breves"],"aioseo_notices":[],"jetpack_publicize_connections":[],"jetpack_featured_media_url":"","jetpack-related-posts":[],"jetpack_sharing_enabled":true,"_links":{"self":[{"href":"https:\/\/www.brenne-au-coeur.com\/index.php\/wp-json\/wp\/v2\/posts\/7305","targetHints":{"allow":["GET"]}}],"collection":[{"href":"https:\/\/www.brenne-au-coeur.com\/index.php\/wp-json\/wp\/v2\/posts"}],"about":[{"href":"https:\/\/www.brenne-au-coeur.com\/index.php\/wp-json\/wp\/v2\/types\/post"}],"author":[{"embeddable":true,"href":"https:\/\/www.brenne-au-coeur.com\/index.php\/wp-json\/wp\/v2\/users\/1"}],"replies":[{"embeddable":true,"href":"https:\/\/www.brenne-au-coeur.com\/index.php\/wp-json\/wp\/v2\/comments?post=7305"}],"version-history":[{"count":1,"href":"https:\/\/www.brenne-au-coeur.com\/index.php\/wp-json\/wp\/v2\/posts\/7305\/revisions"}],"predecessor-version":[{"id":7306,"href":"https:\/\/www.brenne-au-coeur.com\/index.php\/wp-json\/wp\/v2\/posts\/7305\/revisions\/7306"}],"wp:attachment":[{"href":"https:\/\/www.brenne-au-coeur.com\/index.php\/wp-json\/wp\/v2\/media?parent=7305"}],"wp:term":[{"taxonomy":"category","embeddable":true,"href":"https:\/\/www.brenne-au-coeur.com\/index.php\/wp-json\/wp\/v2\/categories?post=7305"},{"taxonomy":"post_tag","embeddable":true,"href":"https:\/\/www.brenne-au-coeur.com\/index.php\/wp-json\/wp\/v2\/tags?post=7305"}],"curies":[{"name":"wp","href":"https:\/\/api.w.org\/{rel}","templated":true}]}}