{"id":7303,"date":"2025-12-18T12:12:54","date_gmt":"2025-12-18T11:12:54","guid":{"rendered":"https:\/\/www.brenne-au-coeur.com\/?p=7303"},"modified":"2025-12-18T12:12:54","modified_gmt":"2025-12-18T11:12:54","slug":"les-oiseaux-hivernants","status":"publish","type":"post","link":"https:\/\/www.brenne-au-coeur.com\/index.php\/2025\/12\/18\/les-oiseaux-hivernants\/breves\/7303\/","title":{"rendered":"Les oiseaux hivernants"},"content":{"rendered":"<p><span style=\"color: #6b594d;\"><span style=\"font-family: Liberation Serif, serif;\"><span style=\"font-size: large;\">Dimanche 04 janvier 2026, de 9h00 \u00e0 11h00<\/span><\/span><\/span><\/p>\n<p><span style=\"color: #6b594d;\"><span style=\"font-family: Liberation Serif, serif;\"><span style=\"font-size: large;\">Venez rencontrer les nombreuses esp\u00e8ces d&rsquo;oiseaux d&rsquo;eau qui fr\u00e9quentent la Brenne en hiver. Votre guide tiendra une longue vue \u00e0 votre disposition et vous fournira toutes les explications, et anecdotes en rapport avec les esp\u00e8ces observ\u00e9es. Lieu de rendez-vous communiqu\u00e9 \u00e0 la r\u00e9servation. Organisateur&nbsp;: Objectif Brenne.\u00a0<\/span><\/span><\/span><\/p>\n<p><span style=\"color: #6b594d;\"><span style=\"font-family: Liberation Serif, serif;\"><span style=\"font-size: large;\">R\u00e9servation obligatoire. Mini 2 &#8211; max 6 pers. Pr\u00e9voir des v\u00eatements adapt\u00e9s \u00e0 la m\u00e9t\u00e9o. des bottes l&rsquo;hiver. Les enfants doivent \u00eatre accompagn\u00e9s d&rsquo;un adulte.<\/span><\/span><\/span><\/p>\n<p><span style=\"color: #6b594d;\"><span style=\"font-family: Liberation Serif, serif;\"><span style=\"font-size: large;\">Tarifs\u00a0: Adulte plein tarif&nbsp;: 10 \u20ac, Tarif enfant d\u00e8s 8 ans&nbsp;: 5 \u20ac<\/span><\/span><\/span><\/p>\n<p><span style=\"color: #6b594d;\"><span style=\"font-family: Liberation Serif, serif;\"><span style=\"font-size: large;\">Renseignements \/ R\u00e9servation\u00a0: objectifbrenne@gmail.com www.objectifbrenne.fr<\/span><\/span><\/span><\/p>\n","protected":false},"excerpt":{"rendered":"<p>Dimanche 04 janvier 2026, de 9h00 \u00e0 11h00 Venez rencontrer les nombreuses esp\u00e8ces d&rsquo;oiseaux d&rsquo;eau qui fr\u00e9quentent la Brenne en hiver. Votre guide tiendra une longue vue \u00e0 votre disposition et vous fournira toutes les explications, et anecdotes en rapport avec les esp\u00e8ces observ\u00e9es. Lieu de rendez-vous communiqu\u00e9 \u00e0 la r\u00e9servation. Organisateur&nbsp;: Objectif Brenne.\u00a0 R\u00e9servation&hellip;&nbsp;<a href=\"https:\/\/www.brenne-au-coeur.com\/index.php\/2025\/12\/18\/les-oiseaux-hivernants\/breves\/7303\/\" rel=\"bookmark\">Lire la suite&nbsp;&raquo;<span class=\"screen-reader-text\">Les oiseaux hivernants<\/span><\/a><\/p>\n","protected":false},"author":1,"featured_media":0,"comment_status":"open","ping_status":"open","sticky":false,"template":"","format":"standard","meta":{"rop_custom_images_group":[],"rop_custom_messages_group":[],"rop_publish_now":"initial","rop_publish_now_accounts":[],"rop_publish_now_history":[],"rop_publish_now_status":"pending","_monsterinsights_skip_tracking":false,"_monsterinsights_sitenote_active":false,"_monsterinsights_sitenote_note":"","_monsterinsights_sitenote_category":0,"neve_meta_sidebar":"","neve_meta_container":"","neve_meta_enable_content_width":"off","neve_meta_content_width":70,"neve_meta_title_alignment":"","neve_meta_author_avatar":"","neve_post_elements_order":"","neve_meta_disable_header":"","neve_meta_disable_footer":"","neve_meta_disable_title":"","_jetpack_memberships_contains_paid_content":false,"footnotes":"","jetpack_publicize_message":"","jetpack_publicize_feature_enabled":true,"jetpack_social_post_already_shared":true,"jetpack_social_options":{"image_generator_settings":{"template":"highway","default_image_id":0,"font":"","enabled":false},"version":2}},"categories":[124],"tags":[],"class_list":["post-7303","post","type-post","status-publish","format-standard","hentry","category-breves"],"aioseo_notices":[],"jetpack_publicize_connections":[],"jetpack_featured_media_url":"","jetpack-related-posts":[],"jetpack_sharing_enabled":true,"_links":{"self":[{"href":"https:\/\/www.brenne-au-coeur.com\/index.php\/wp-json\/wp\/v2\/posts\/7303","targetHints":{"allow":["GET"]}}],"collection":[{"href":"https:\/\/www.brenne-au-coeur.com\/index.php\/wp-json\/wp\/v2\/posts"}],"about":[{"href":"https:\/\/www.brenne-au-coeur.com\/index.php\/wp-json\/wp\/v2\/types\/post"}],"author":[{"embeddable":true,"href":"https:\/\/www.brenne-au-coeur.com\/index.php\/wp-json\/wp\/v2\/users\/1"}],"replies":[{"embeddable":true,"href":"https:\/\/www.brenne-au-coeur.com\/index.php\/wp-json\/wp\/v2\/comments?post=7303"}],"version-history":[{"count":1,"href":"https:\/\/www.brenne-au-coeur.com\/index.php\/wp-json\/wp\/v2\/posts\/7303\/revisions"}],"predecessor-version":[{"id":7304,"href":"https:\/\/www.brenne-au-coeur.com\/index.php\/wp-json\/wp\/v2\/posts\/7303\/revisions\/7304"}],"wp:attachment":[{"href":"https:\/\/www.brenne-au-coeur.com\/index.php\/wp-json\/wp\/v2\/media?parent=7303"}],"wp:term":[{"taxonomy":"category","embeddable":true,"href":"https:\/\/www.brenne-au-coeur.com\/index.php\/wp-json\/wp\/v2\/categories?post=7303"},{"taxonomy":"post_tag","embeddable":true,"href":"https:\/\/www.brenne-au-coeur.com\/index.php\/wp-json\/wp\/v2\/tags?post=7303"}],"curies":[{"name":"wp","href":"https:\/\/api.w.org\/{rel}","templated":true}]}}