{"id":7285,"date":"2025-12-01T14:42:29","date_gmt":"2025-12-01T13:42:29","guid":{"rendered":"https:\/\/www.brenne-au-coeur.com\/?p=7285"},"modified":"2025-12-01T14:42:29","modified_gmt":"2025-12-01T13:42:29","slug":"mepris-et-contrat-social","status":"publish","type":"post","link":"https:\/\/www.brenne-au-coeur.com\/index.php\/2025\/12\/01\/mepris-et-contrat-social\/a-lire\/7285\/","title":{"rendered":"M\u00e9pris et contrat social"},"content":{"rendered":"<p><span style=\"font-size: large;\"><a href=\"https:\/\/www.brenne-au-coeur.com\/wp-content\/uploads\/2025\/12\/dubet.jpg\" rel=\"lightbox[7285]\"><img loading=\"lazy\" decoding=\"async\" class=\"alignleft wp-image-7287 size-medium\" src=\"https:\/\/www.brenne-au-coeur.com\/wp-content\/uploads\/2025\/12\/dubet-300x281.jpg\" alt=\"\" width=\"300\" height=\"281\" srcset=\"https:\/\/www.brenne-au-coeur.com\/wp-content\/uploads\/2025\/12\/dubet-300x281.jpg 300w, https:\/\/www.brenne-au-coeur.com\/wp-content\/uploads\/2025\/12\/dubet-150x140.jpg 150w, https:\/\/www.brenne-au-coeur.com\/wp-content\/uploads\/2025\/12\/dubet.jpg 409w\" sizes=\"auto, (max-width: 300px) 100vw, 300px\" \/><\/a>Aux \u00e9ditions du Seuil, Fran\u00e7ois Dubet publie Le m\u00e9pris, \u00e9motion collective, passion politique. Le sociologue s\u2019alerte de la diffusion de ce mal multiforme et insidieux qui fait le terreau du populisme et menace les fondements de la d\u00e9mocratie. Le rem\u00e8de&nbsp;? Relancer le contrat social. Paru dans le mensuel <a href=\"https:\/\/www.scienceshumaines.com\/publications\/mensuel\">Sciences humaines<\/a> (N\u00b0383, novembre 2025), l\u2019article de Fr\u00e9d\u00e9ric Manzini a \u00e9t\u00e9 publi\u00e9 par nos amis de <a href=\"https:\/\/chantiersdeculture.com\/\">Chantiers de culture<\/a>.<\/span><\/p>\n<p><span style=\"font-size: large;\">Le m\u00e9pris est-il le nouveau mal du si\u00e8cle&nbsp;? Qu\u2019on soit enseignant, agriculteur ou habitant des quartiers populaires, surdipl\u00f4m\u00e9 ou sous-dipl\u00f4m\u00e9, \u00e9lecteur ou abstentionniste, jeune ou vieux, homme ou femme, chacun s\u2019estime aujourd\u2019hui, \u00e0 un titre ou \u00e0 un autre, m\u00e9pris\u00e9. Dans le droit fil de La Soci\u00e9t\u00e9 du m\u00e9pris (2006) d\u2019Axel Honneth, le sociologue Fran\u00e7ois Dubet s\u2019alerte de la diffusion de ce mal multiforme et insidieux qui ronge les relations sociales, nourrissant la col\u00e8re, faisant le terreau du populisme et mena\u00e7ant les fondements m\u00eames de la d\u00e9mocratie. \u00catre victime de m\u00e9pris n\u2019emp\u00eache d\u2019ailleurs pas d\u2019\u00eatre soi-m\u00eame m\u00e9prisant d\u00e8s lors que \u00ab&nbsp;tout le monde est sujet potentiel de m\u00e9pris, et les majorit\u00e9s elles-m\u00eames se sentent m\u00e9pris\u00e9es ou victimes de racisme social&nbsp;\u00bb.<\/span><\/p>\n<p><span style=\"font-size: large;\">Qui m\u00e9prise qui&nbsp;? Les accus\u00e9s ne manquent pas&nbsp;: qu\u2019il soit imput\u00e9 aux arrogantes \u00e9lites, aux \u00ab&nbsp;intellos&nbsp;\u00bb, aux riches, \u00e0 Emmanuel Macron lui-m\u00eame, \u00e0 l\u2019institution ou au \u00ab&nbsp;syst\u00e8me&nbsp;\u00bb, le m\u00e9pris n\u2019a pas d\u2019autre visage que celui de l\u2019effondrement des rep\u00e8res traditionnels qui laisse les gens avec le sentiment d\u2019\u00eatre perdus, trahis, abandonn\u00e9s \u00e0 leur sort. \u00ab&nbsp;Dans un monde qui se transforme rapidement, explique le sociologue, [les perdants du changement social] se sentent m\u00e9pris\u00e9s parce que l\u2019histoire se fait sans eux et contre eux.&nbsp;\u00bb La question du m\u00e9pris d\u00e9borde largement celle des in\u00e9galit\u00e9s sociales et des injustices, car, si les rapports de domination et de discrimination ont toujours exist\u00e9, ils se conjuguent dor\u00e9navant avec un individualisme toujours croissant.<\/span><\/p>\n<p><span style=\"font-size: large;\"><a href=\"https:\/\/www.brenne-au-coeur.com\/wp-content\/uploads\/2025\/12\/dubet2.jpeg\" rel=\"lightbox[7285]\"><img loading=\"lazy\" decoding=\"async\" class=\"alignright wp-image-7286 size-medium\" src=\"https:\/\/www.brenne-au-coeur.com\/wp-content\/uploads\/2025\/12\/dubet2-300x200.jpeg\" alt=\"\" width=\"300\" height=\"200\" srcset=\"https:\/\/www.brenne-au-coeur.com\/wp-content\/uploads\/2025\/12\/dubet2-300x200.jpeg 300w, https:\/\/www.brenne-au-coeur.com\/wp-content\/uploads\/2025\/12\/dubet2-150x100.jpeg 150w, https:\/\/www.brenne-au-coeur.com\/wp-content\/uploads\/2025\/12\/dubet2-768x511.jpeg 768w, https:\/\/www.brenne-au-coeur.com\/wp-content\/uploads\/2025\/12\/dubet2-930x620.jpeg 930w, https:\/\/www.brenne-au-coeur.com\/wp-content\/uploads\/2025\/12\/dubet2-272x182.jpeg 272w, https:\/\/www.brenne-au-coeur.com\/wp-content\/uploads\/2025\/12\/dubet2.jpeg 1024w\" sizes=\"auto, (max-width: 300px) 100vw, 300px\" \/><\/a>Certes, au cours des si\u00e8cles pass\u00e9s, la lutte des classes \u00e9tait brutale, mais du moins \u00e9tait-elle v\u00e9cue de fa\u00e7on collective, alors que d\u00e9sormais chacun, reconnu dans sa singularit\u00e9, appara\u00eet comme le principal responsable de son identit\u00e9 et de sa vie. Devant cette vague de fond qui met notre espace public en p\u00e9ril, Fran\u00e7ois Dubet en appelle au renouveau du contrat social, pour mieux \u00ab&nbsp;construire un commun&nbsp;\u00bb en r\u00e9introduisant de la raison politique comme rem\u00e8de \u00e0 la passion du ressentiment. Fr\u00e9d\u00e9ric Manzini<\/span><\/p>\n<p><span style=\"font-size: large;\">Le m\u00e9pris, \u00e9motion collective, passion politique, de Fran\u00e7ois Dubet (Le Seuil, 128 p., 12\u20ac90).<\/span><\/p>\n<p><span style=\"font-size: large;\">\u00ab&nbsp;Faire de Sciences Humaines un lien de savoir \u00e0 un moment o\u00f9 l\u2019histoire s\u2019opacifie et o\u00f9 les discours inform\u00e9s se trouvent recouverts par un brouhaha permanent&nbsp;\u00bb, H\u00e9lo\u00efse Lh\u00e9r\u00e9t\u00e9, la directrice de la r\u00e9daction, s\u2019en r\u00e9jouit&nbsp;! Au sommaire du num\u00e9ro 383, un dossier sur Pourquoi tombons-nous (encore) amoureux&nbsp;? et deux passionnants sujets (un entretien avec Astrid von Busekist sur les impostures identitaires, un surprenant reportage sur les catacombes de Palerme). D\u00e8s sa cr\u00e9ation, Chantiers de culture a inscrit le mensuel sur sa page d\u2019ouverture au titre des Sites amis. Un magazine dont nous conseillons vivement la lecture. Yonnel Li\u00e9geois<\/span><\/p>\n","protected":false},"excerpt":{"rendered":"<p>Aux \u00e9ditions du Seuil, Fran\u00e7ois Dubet publie Le m\u00e9pris, \u00e9motion collective, passion politique. Le sociologue s\u2019alerte de la diffusion de ce mal multiforme et insidieux qui fait le terreau du populisme et menace les fondements de la d\u00e9mocratie. Le rem\u00e8de&nbsp;? Relancer le contrat social. Paru dans le mensuel Sciences humaines (N\u00b0383, novembre 2025), l\u2019article de&hellip;&nbsp;<a href=\"https:\/\/www.brenne-au-coeur.com\/index.php\/2025\/12\/01\/mepris-et-contrat-social\/a-lire\/7285\/\" rel=\"bookmark\">Lire la suite&nbsp;&raquo;<span class=\"screen-reader-text\">M\u00e9pris et contrat social<\/span><\/a><\/p>\n","protected":false},"author":1,"featured_media":7288,"comment_status":"open","ping_status":"open","sticky":false,"template":"","format":"standard","meta":{"rop_custom_images_group":[],"rop_custom_messages_group":[],"rop_publish_now":"initial","rop_publish_now_accounts":[],"rop_publish_now_history":[],"rop_publish_now_status":"pending","_monsterinsights_skip_tracking":false,"_monsterinsights_sitenote_active":false,"_monsterinsights_sitenote_note":"","_monsterinsights_sitenote_category":0,"neve_meta_sidebar":"","neve_meta_container":"","neve_meta_enable_content_width":"off","neve_meta_content_width":70,"neve_meta_title_alignment":"","neve_meta_author_avatar":"","neve_post_elements_order":"","neve_meta_disable_header":"","neve_meta_disable_footer":"","neve_meta_disable_title":"","_jetpack_memberships_contains_paid_content":false,"footnotes":"","jetpack_publicize_message":"","jetpack_publicize_feature_enabled":true,"jetpack_social_post_already_shared":true,"jetpack_social_options":{"image_generator_settings":{"template":"highway","default_image_id":0,"font":"","enabled":false},"version":2}},"categories":[70],"tags":[148],"class_list":["post-7285","post","type-post","status-publish","format-standard","has-post-thumbnail","hentry","category-a-lire","tag-livre"],"aioseo_notices":[],"jetpack_publicize_connections":[],"jetpack_featured_media_url":"https:\/\/www.brenne-au-coeur.com\/wp-content\/uploads\/2025\/12\/dubet1.jpg","jetpack-related-posts":[],"jetpack_sharing_enabled":true,"_links":{"self":[{"href":"https:\/\/www.brenne-au-coeur.com\/index.php\/wp-json\/wp\/v2\/posts\/7285","targetHints":{"allow":["GET"]}}],"collection":[{"href":"https:\/\/www.brenne-au-coeur.com\/index.php\/wp-json\/wp\/v2\/posts"}],"about":[{"href":"https:\/\/www.brenne-au-coeur.com\/index.php\/wp-json\/wp\/v2\/types\/post"}],"author":[{"embeddable":true,"href":"https:\/\/www.brenne-au-coeur.com\/index.php\/wp-json\/wp\/v2\/users\/1"}],"replies":[{"embeddable":true,"href":"https:\/\/www.brenne-au-coeur.com\/index.php\/wp-json\/wp\/v2\/comments?post=7285"}],"version-history":[{"count":1,"href":"https:\/\/www.brenne-au-coeur.com\/index.php\/wp-json\/wp\/v2\/posts\/7285\/revisions"}],"predecessor-version":[{"id":7289,"href":"https:\/\/www.brenne-au-coeur.com\/index.php\/wp-json\/wp\/v2\/posts\/7285\/revisions\/7289"}],"wp:featuredmedia":[{"embeddable":true,"href":"https:\/\/www.brenne-au-coeur.com\/index.php\/wp-json\/wp\/v2\/media\/7288"}],"wp:attachment":[{"href":"https:\/\/www.brenne-au-coeur.com\/index.php\/wp-json\/wp\/v2\/media?parent=7285"}],"wp:term":[{"taxonomy":"category","embeddable":true,"href":"https:\/\/www.brenne-au-coeur.com\/index.php\/wp-json\/wp\/v2\/categories?post=7285"},{"taxonomy":"post_tag","embeddable":true,"href":"https:\/\/www.brenne-au-coeur.com\/index.php\/wp-json\/wp\/v2\/tags?post=7285"}],"curies":[{"name":"wp","href":"https:\/\/api.w.org\/{rel}","templated":true}]}}