{"id":7282,"date":"2025-12-01T14:27:03","date_gmt":"2025-12-01T13:27:03","guid":{"rendered":"https:\/\/www.brenne-au-coeur.com\/?p=7282"},"modified":"2025-12-01T14:27:03","modified_gmt":"2025-12-01T13:27:03","slug":"depre-en-concert","status":"publish","type":"post","link":"https:\/\/www.brenne-au-coeur.com\/index.php\/2025\/12\/01\/depre-en-concert\/preuilly-sur-claise\/7282\/","title":{"rendered":"D\u00e9pr\u00e9 en concert"},"content":{"rendered":"<p><span style=\"font-size: large;\">Samedi 6 d\u00e9cembre \u00e0 20h00, Lieutopie (Preuilly-sur-Claise) accueille le chanteur Pierre D\u00e9pr\u00e9. <\/span><\/p>\n<p><span style=\"font-size: large;\">Accompagn\u00e9 de sa guitare, il chante le monde. Un m\u00e9lange unique de chanson fran\u00e7aise et de musique latine. Des textes po\u00e9tiques et sensibles inspir\u00e9s par la nature et l&rsquo;humain.<\/span><\/p>\n<p><span style=\"font-size: large;\">Le prix des places est libre.<\/span><\/p>\n<div class=\"nv-iframe-embed\"><div class=\"lyte-wrapper fourthree\" title=\"Plus forts qu&amp;#039;hier\" style=\"width:420px;max-width:100%;margin:5px auto;\"><div class=\"lyMe hidef\" id=\"WYL_6lvlgqrtqbQ\" itemprop=\"video\" itemscope itemtype=\"https:\/\/schema.org\/VideoObject\"><div><meta itemprop=\"thumbnailUrl\" content=\"https:\/\/www.brenne-au-coeur.com\/wp-content\/plugins\/wp-youtube-lyte\/lyteCache.php?origThumbUrl=https%3A%2F%2Fi.ytimg.com%2Fvi%2F6lvlgqrtqbQ%2Fmaxresdefault.jpg\" \/><meta itemprop=\"embedURL\" content=\"https:\/\/www.youtube.com\/embed\/6lvlgqrtqbQ\" \/><meta itemprop=\"duration\" content=\"PT4M20S\" \/><meta itemprop=\"uploadDate\" content=\"2023-02-21T13:23:17Z\" \/><\/div><div id=\"lyte_6lvlgqrtqbQ\" data-src=\"https:\/\/www.brenne-au-coeur.com\/wp-content\/plugins\/wp-youtube-lyte\/lyteCache.php?origThumbUrl=https%3A%2F%2Fi.ytimg.com%2Fvi%2F6lvlgqrtqbQ%2Fmaxresdefault.jpg\" class=\"pL\"><div class=\"tC\"><div class=\"tT\" itemprop=\"name\">Plus forts qu&#039;hier<\/div><\/div><div class=\"play\"><\/div><div class=\"ctrl\"><div class=\"Lctrl\"><\/div><div class=\"Rctrl\"><\/div><\/div><\/div><noscript><a href=\"https:\/\/youtu.be\/6lvlgqrtqbQ\" rel=\"nofollow\"><img loading=\"lazy\" decoding=\"async\" src=\"https:\/\/www.brenne-au-coeur.com\/wp-content\/plugins\/wp-youtube-lyte\/lyteCache.php?origThumbUrl=https%3A%2F%2Fi.ytimg.com%2Fvi%2F6lvlgqrtqbQ%2F0.jpg\" alt=\"Plus forts qu&amp;#039;hier\" width=\"420\" height=\"295\" \/><br \/>Lire cette vid\u00e9o sur YouTube<\/a><\/noscript><meta itemprop=\"description\" content=\"Provided to YouTube by DistroKid Plus forts qu&#039;hier \u00b7 Pierre Depr\u00e9 Plus forts qu&#039;hier \u2117 3908045 Records DK Released on: 2023-02-21 Auto-generated by YouTube.\"><\/div><\/div><div class=\"lL\" style=\"max-width:100%;width:420px;margin:5px auto;\"><\/div><\/div>\n","protected":false},"excerpt":{"rendered":"<p>Samedi 6 d\u00e9cembre \u00e0 20h00, Lieutopie (Preuilly-sur-Claise) accueille le chanteur Pierre D\u00e9pr\u00e9. Accompagn\u00e9 de sa guitare, il chante le monde. Un m\u00e9lange unique de chanson fran\u00e7aise et de musique latine. Des textes po\u00e9tiques et sensibles inspir\u00e9s par la nature et l&rsquo;humain. Le prix des places est libre.<\/p>\n","protected":false},"author":1,"featured_media":7283,"comment_status":"open","ping_status":"open","sticky":false,"template":"","format":"standard","meta":{"rop_custom_images_group":[],"rop_custom_messages_group":[],"rop_publish_now":"initial","rop_publish_now_accounts":[],"rop_publish_now_history":[],"rop_publish_now_status":"pending","_monsterinsights_skip_tracking":false,"_monsterinsights_sitenote_active":false,"_monsterinsights_sitenote_note":"","_monsterinsights_sitenote_category":0,"neve_meta_sidebar":"","neve_meta_container":"","neve_meta_enable_content_width":"off","neve_meta_content_width":70,"neve_meta_title_alignment":"","neve_meta_author_avatar":"","neve_post_elements_order":"","neve_meta_disable_header":"","neve_meta_disable_footer":"","neve_meta_disable_title":"","_jetpack_memberships_contains_paid_content":false,"footnotes":"","jetpack_publicize_message":"","jetpack_publicize_feature_enabled":true,"jetpack_social_post_already_shared":true,"jetpack_social_options":{"image_generator_settings":{"template":"highway","default_image_id":0,"font":"","enabled":false},"version":2}},"categories":[131],"tags":[31,104],"class_list":["post-7282","post","type-post","status-publish","format-standard","has-post-thumbnail","hentry","category-preuilly-sur-claise","tag-associations","tag-chansons"],"aioseo_notices":[],"jetpack_publicize_connections":[],"jetpack_featured_media_url":"https:\/\/www.brenne-au-coeur.com\/wp-content\/uploads\/2025\/12\/thumbnail_Affiche-Poster-Evenement-Festival-Musique-Rock-Moderne-Photo-Noir-Vert.resized.jpeg","jetpack-related-posts":[],"jetpack_sharing_enabled":true,"_links":{"self":[{"href":"https:\/\/www.brenne-au-coeur.com\/index.php\/wp-json\/wp\/v2\/posts\/7282","targetHints":{"allow":["GET"]}}],"collection":[{"href":"https:\/\/www.brenne-au-coeur.com\/index.php\/wp-json\/wp\/v2\/posts"}],"about":[{"href":"https:\/\/www.brenne-au-coeur.com\/index.php\/wp-json\/wp\/v2\/types\/post"}],"author":[{"embeddable":true,"href":"https:\/\/www.brenne-au-coeur.com\/index.php\/wp-json\/wp\/v2\/users\/1"}],"replies":[{"embeddable":true,"href":"https:\/\/www.brenne-au-coeur.com\/index.php\/wp-json\/wp\/v2\/comments?post=7282"}],"version-history":[{"count":1,"href":"https:\/\/www.brenne-au-coeur.com\/index.php\/wp-json\/wp\/v2\/posts\/7282\/revisions"}],"predecessor-version":[{"id":7284,"href":"https:\/\/www.brenne-au-coeur.com\/index.php\/wp-json\/wp\/v2\/posts\/7282\/revisions\/7284"}],"wp:featuredmedia":[{"embeddable":true,"href":"https:\/\/www.brenne-au-coeur.com\/index.php\/wp-json\/wp\/v2\/media\/7283"}],"wp:attachment":[{"href":"https:\/\/www.brenne-au-coeur.com\/index.php\/wp-json\/wp\/v2\/media?parent=7282"}],"wp:term":[{"taxonomy":"category","embeddable":true,"href":"https:\/\/www.brenne-au-coeur.com\/index.php\/wp-json\/wp\/v2\/categories?post=7282"},{"taxonomy":"post_tag","embeddable":true,"href":"https:\/\/www.brenne-au-coeur.com\/index.php\/wp-json\/wp\/v2\/tags?post=7282"}],"curies":[{"name":"wp","href":"https:\/\/api.w.org\/{rel}","templated":true}]}}