{"id":7192,"date":"2025-11-21T15:24:45","date_gmt":"2025-11-21T14:24:45","guid":{"rendered":"https:\/\/www.brenne-au-coeur.com\/?p=7192"},"modified":"2025-11-21T15:24:45","modified_gmt":"2025-11-21T14:24:45","slug":"veillee-berrichonne","status":"publish","type":"post","link":"https:\/\/www.brenne-au-coeur.com\/index.php\/2025\/11\/21\/veillee-berrichonne\/communes\/azay-le-ferron-communes\/7192\/","title":{"rendered":"Veill\u00e9e berrichonne"},"content":{"rendered":"<p><span style=\"font-size: large;\">Vendredi 28 novembre de 18h \u00e0 20h30, la m\u00e9diath\u00e8que d\u2019Azay-le-Ferron vous convie \u00e0 une soir\u00e9e en prise avec les traditions orales du terroir. <\/span><\/p>\n<p><span style=\"font-size: large;\"><a href=\"https:\/\/www.brenne-au-coeur.com\/wp-content\/uploads\/2025\/11\/soiree-berry-3.jpeg\" rel=\"lightbox[7192]\"><img loading=\"lazy\" decoding=\"async\" class=\"alignleft wp-image-7195 \" src=\"https:\/\/www.brenne-au-coeur.com\/wp-content\/uploads\/2025\/11\/soiree-berry-3.jpeg\" alt=\"\" width=\"179\" height=\"239\" srcset=\"https:\/\/www.brenne-au-coeur.com\/wp-content\/uploads\/2025\/11\/soiree-berry-3.jpeg 194w, https:\/\/www.brenne-au-coeur.com\/wp-content\/uploads\/2025\/11\/soiree-berry-3-112x150.jpeg 112w\" sizes=\"auto, (max-width: 179px) 100vw, 179px\" \/><\/a>Au programme&nbsp;: \u00ab&nbsp;Les parlers berrichons et pis pas plus&nbsp;\u00bb pr\u00e9sent\u00e9s par Michel Pinglaut. Enseignant, \u00e9rudit, conf\u00e9rencier, il est l\u2019auteur d\u2019un dictionnaire th\u00e9matique du parler berrichon aux \u00e9ditions La Bouchure. Quatre tomes au format poche et \u00e0 prix abordable sont actuellement en librairie et d&rsquo;autres sont \u00e0 para\u00eetre. L\u2019infatigable Michel Pinglaut est aussi connu pour son activit\u00e9 th\u00e9\u00e2trale avec des cr\u00e9ations r\u00e9centes comme La Butte de Satory de Pierre Halet en lecture th\u00e9\u00e2tralis\u00e9e ou une lecture de vers de Jean Rameau avec l&rsquo;association Double C\u0153ur, et d&rsquo;autres lectures th\u00e9\u00e2tralis\u00e9es avec l&rsquo;association Paroles publiques, comme r\u00e9cemment un Dialogue imaginaire entre Charles P\u00e9guy etJean Jaur\u00e8s. <\/span><\/p>\n<p><span style=\"font-size: large;\">Il est \u00e9galement co-pr\u00e9sident de l&rsquo;association Les amis berrichons de la Commune de Paris 1871 qui a organis\u00e9\u00a0 un colloque remarqu\u00e9 sur les Nouvelles approches historique de la Commune aux Archives d\u00e9partementales du Cher et \u00e0 Issoudun.<\/span><\/p>\n<p><span style=\"font-size: large;\"><a href=\"https:\/\/www.brenne-au-coeur.com\/wp-content\/uploads\/2025\/11\/soiree-berry.jpeg\" rel=\"lightbox[7192]\"><img loading=\"lazy\" decoding=\"async\" class=\"alignright wp-image-7193 size-full\" src=\"https:\/\/www.brenne-au-coeur.com\/wp-content\/uploads\/2025\/11\/soiree-berry.jpeg\" alt=\"\" width=\"275\" height=\"183\" srcset=\"https:\/\/www.brenne-au-coeur.com\/wp-content\/uploads\/2025\/11\/soiree-berry.jpeg 275w, https:\/\/www.brenne-au-coeur.com\/wp-content\/uploads\/2025\/11\/soiree-berry-150x100.jpeg 150w, https:\/\/www.brenne-au-coeur.com\/wp-content\/uploads\/2025\/11\/soiree-berry-272x182.jpeg 272w\" sizes=\"auto, (max-width: 275px) 100vw, 275px\" \/><\/a>La soir\u00e9e se poursuivra pas la participation de La Sabot\u00e9e bernouse. Danses et pr\u00e9sentation des costumes, et la d\u00e9gustation de sp\u00e9cialit\u00e9s berrichonnes. <\/span><\/p>\n<p><span style=\"font-size: large;\">Le public pourra profiter de cette occasion pour d\u00e9couvrir l\u2019exposition\u00a0: \u00ab&nbsp;Tu cause t\u2019y eu\u2019Berry&nbsp;\u00bb, r\u00e9alis\u00e9e par des biblioth\u00e8ques de l\u2019Indre, visible du 5\/11 au 3\/12.<\/span><\/p>\n<p><span style=\"font-size: large;\">Entr\u00e9e gratuite. Tous publics.<\/span><\/p>\n<p><span style=\"font-size: large;\">Sur R\u00e9servation au 02-54-38-12-67 ou \u00e0 <a href=\"mailto:bibliotheque-azayleferron@orange.fr\">bibliotheque-azayleferron@orange.fr<\/a><\/span><\/p>\n","protected":false},"excerpt":{"rendered":"<p>Vendredi 28 novembre de 18h \u00e0 20h30, la m\u00e9diath\u00e8que d\u2019Azay-le-Ferron vous convie \u00e0 une soir\u00e9e en prise avec les traditions orales du terroir. Au programme&nbsp;: \u00ab&nbsp;Les parlers berrichons et pis pas plus&nbsp;\u00bb pr\u00e9sent\u00e9s par Michel Pinglaut. Enseignant, \u00e9rudit, conf\u00e9rencier, il est l\u2019auteur d\u2019un dictionnaire th\u00e9matique du parler berrichon aux \u00e9ditions La Bouchure. Quatre tomes au&hellip;&nbsp;<a href=\"https:\/\/www.brenne-au-coeur.com\/index.php\/2025\/11\/21\/veillee-berrichonne\/communes\/azay-le-ferron-communes\/7192\/\" rel=\"bookmark\">Lire la suite&nbsp;&raquo;<span class=\"screen-reader-text\">Veill\u00e9e berrichonne<\/span><\/a><\/p>\n","protected":false},"author":1,"featured_media":7194,"comment_status":"open","ping_status":"open","sticky":false,"template":"","format":"standard","meta":{"rop_custom_images_group":[],"rop_custom_messages_group":[],"rop_publish_now":"initial","rop_publish_now_accounts":[],"rop_publish_now_history":[],"rop_publish_now_status":"pending","_monsterinsights_skip_tracking":false,"_monsterinsights_sitenote_active":false,"_monsterinsights_sitenote_note":"","_monsterinsights_sitenote_category":0,"neve_meta_sidebar":"","neve_meta_container":"","neve_meta_enable_content_width":"off","neve_meta_content_width":70,"neve_meta_title_alignment":"","neve_meta_author_avatar":"","neve_post_elements_order":"","neve_meta_disable_header":"","neve_meta_disable_footer":"","neve_meta_disable_title":"","_jetpack_memberships_contains_paid_content":false,"footnotes":"","jetpack_publicize_message":"","jetpack_publicize_feature_enabled":true,"jetpack_social_post_already_shared":true,"jetpack_social_options":{"image_generator_settings":{"template":"highway","default_image_id":0,"font":"","enabled":false},"version":2}},"categories":[10,59],"tags":[96,103,73],"class_list":["post-7192","post","type-post","status-publish","format-standard","has-post-thumbnail","hentry","category-azay-le-ferron-communes","category-mediatheque","tag-danse","tag-gastronomie","tag-tradition"],"aioseo_notices":[],"jetpack_publicize_connections":[],"jetpack_featured_media_url":"https:\/\/www.brenne-au-coeur.com\/wp-content\/uploads\/2025\/11\/soiree-berry-2.jpeg","jetpack-related-posts":[],"jetpack_sharing_enabled":true,"_links":{"self":[{"href":"https:\/\/www.brenne-au-coeur.com\/index.php\/wp-json\/wp\/v2\/posts\/7192","targetHints":{"allow":["GET"]}}],"collection":[{"href":"https:\/\/www.brenne-au-coeur.com\/index.php\/wp-json\/wp\/v2\/posts"}],"about":[{"href":"https:\/\/www.brenne-au-coeur.com\/index.php\/wp-json\/wp\/v2\/types\/post"}],"author":[{"embeddable":true,"href":"https:\/\/www.brenne-au-coeur.com\/index.php\/wp-json\/wp\/v2\/users\/1"}],"replies":[{"embeddable":true,"href":"https:\/\/www.brenne-au-coeur.com\/index.php\/wp-json\/wp\/v2\/comments?post=7192"}],"version-history":[{"count":2,"href":"https:\/\/www.brenne-au-coeur.com\/index.php\/wp-json\/wp\/v2\/posts\/7192\/revisions"}],"predecessor-version":[{"id":7264,"href":"https:\/\/www.brenne-au-coeur.com\/index.php\/wp-json\/wp\/v2\/posts\/7192\/revisions\/7264"}],"wp:featuredmedia":[{"embeddable":true,"href":"https:\/\/www.brenne-au-coeur.com\/index.php\/wp-json\/wp\/v2\/media\/7194"}],"wp:attachment":[{"href":"https:\/\/www.brenne-au-coeur.com\/index.php\/wp-json\/wp\/v2\/media?parent=7192"}],"wp:term":[{"taxonomy":"category","embeddable":true,"href":"https:\/\/www.brenne-au-coeur.com\/index.php\/wp-json\/wp\/v2\/categories?post=7192"},{"taxonomy":"post_tag","embeddable":true,"href":"https:\/\/www.brenne-au-coeur.com\/index.php\/wp-json\/wp\/v2\/tags?post=7192"}],"curies":[{"name":"wp","href":"https:\/\/api.w.org\/{rel}","templated":true}]}}