{"id":7177,"date":"2025-11-14T15:09:07","date_gmt":"2025-11-14T14:09:07","guid":{"rendered":"https:\/\/www.brenne-au-coeur.com\/?p=7177"},"modified":"2025-11-14T15:09:07","modified_gmt":"2025-11-14T14:09:07","slug":"journee-droit-a-lalimentation","status":"publish","type":"post","link":"https:\/\/www.brenne-au-coeur.com\/index.php\/2025\/11\/14\/journee-droit-a-lalimentation\/breves\/7177\/","title":{"rendered":"Journ\u00e9e droit \u00e0 l&rsquo;alimentation"},"content":{"rendered":"<p><span style=\"font-size: large;\">Lundi 24 novembre 2025 de 9h30 \u00e0 17h00 au Village vacances de Bellebouche M\u00e9zi\u00e8res-en-Brenne. Organisateur&nbsp;: Brenne Solidaire, le PNR Brenne, le Centre social Le Part&rsquo;\u00c2ges et la MSA Berry-Touraine. Cette journ\u00e9e est l\u2019occasion de rappeler que l\u2019acc\u00e8s \u00e0 une alimentation de qualit\u00e9 ne doit pas \u00eatre un luxe mais un droit fondamental. En 2025, l\u2019alimentation solidaire est au c\u0153ur de nos pr\u00e9occupations&nbsp;: Comment garantir le droit de manger pour tous, notamment les personnes vuln\u00e9rables et les jeunes&nbsp;? Comment mieux manger, de mani\u00e8re \u00e9quitable, durable et consciente&nbsp;? Comment soutenir nos productrices et producteurs locaux&nbsp;? Cette journ\u00e9e vise \u00e0&nbsp;: cr\u00e9er une prise de conscience collective, mettre en lumi\u00e8re le lien entre bien-manger et acc\u00e8s aux droits, valoriser les initiatives locales et solidaires, lutter contre la pr\u00e9carit\u00e9 alimentaire en Brenne.<\/span><\/p>\n<p><span style=\"font-size: large;\">Acc\u00e8s gratuit. Renseignements \/Inscriptions\u00a0: 06 10 20 09 90 reseausolidaire@cslb.fr <\/span><\/p>\n","protected":false},"excerpt":{"rendered":"<p>Lundi 24 novembre 2025 de 9h30 \u00e0 17h00 au Village vacances de Bellebouche M\u00e9zi\u00e8res-en-Brenne. Organisateur&nbsp;: Brenne Solidaire, le PNR Brenne, le Centre social Le Part&rsquo;\u00c2ges et la MSA Berry-Touraine. Cette journ\u00e9e est l\u2019occasion de rappeler que l\u2019acc\u00e8s \u00e0 une alimentation de qualit\u00e9 ne doit pas \u00eatre un luxe mais un droit fondamental. En 2025, l\u2019alimentation&hellip;&nbsp;<a href=\"https:\/\/www.brenne-au-coeur.com\/index.php\/2025\/11\/14\/journee-droit-a-lalimentation\/breves\/7177\/\" rel=\"bookmark\">Lire la suite&nbsp;&raquo;<span class=\"screen-reader-text\">Journ\u00e9e droit \u00e0 l&rsquo;alimentation<\/span><\/a><\/p>\n","protected":false},"author":1,"featured_media":0,"comment_status":"open","ping_status":"open","sticky":false,"template":"","format":"standard","meta":{"rop_custom_images_group":[],"rop_custom_messages_group":[],"rop_publish_now":"initial","rop_publish_now_accounts":[],"rop_publish_now_history":[],"rop_publish_now_status":"pending","_monsterinsights_skip_tracking":false,"_monsterinsights_sitenote_active":false,"_monsterinsights_sitenote_note":"","_monsterinsights_sitenote_category":0,"neve_meta_sidebar":"","neve_meta_container":"","neve_meta_enable_content_width":"off","neve_meta_content_width":70,"neve_meta_title_alignment":"","neve_meta_author_avatar":"","neve_post_elements_order":"","neve_meta_disable_header":"","neve_meta_disable_footer":"","neve_meta_disable_title":"","_jetpack_memberships_contains_paid_content":false,"footnotes":"","jetpack_publicize_message":"","jetpack_publicize_feature_enabled":true,"jetpack_social_post_already_shared":true,"jetpack_social_options":{"image_generator_settings":{"template":"highway","default_image_id":0,"font":"","enabled":false},"version":2}},"categories":[124],"tags":[],"class_list":["post-7177","post","type-post","status-publish","format-standard","hentry","category-breves"],"aioseo_notices":[],"jetpack_publicize_connections":[],"jetpack_featured_media_url":"","jetpack-related-posts":[],"jetpack_sharing_enabled":true,"_links":{"self":[{"href":"https:\/\/www.brenne-au-coeur.com\/index.php\/wp-json\/wp\/v2\/posts\/7177","targetHints":{"allow":["GET"]}}],"collection":[{"href":"https:\/\/www.brenne-au-coeur.com\/index.php\/wp-json\/wp\/v2\/posts"}],"about":[{"href":"https:\/\/www.brenne-au-coeur.com\/index.php\/wp-json\/wp\/v2\/types\/post"}],"author":[{"embeddable":true,"href":"https:\/\/www.brenne-au-coeur.com\/index.php\/wp-json\/wp\/v2\/users\/1"}],"replies":[{"embeddable":true,"href":"https:\/\/www.brenne-au-coeur.com\/index.php\/wp-json\/wp\/v2\/comments?post=7177"}],"version-history":[{"count":1,"href":"https:\/\/www.brenne-au-coeur.com\/index.php\/wp-json\/wp\/v2\/posts\/7177\/revisions"}],"predecessor-version":[{"id":7178,"href":"https:\/\/www.brenne-au-coeur.com\/index.php\/wp-json\/wp\/v2\/posts\/7177\/revisions\/7178"}],"wp:attachment":[{"href":"https:\/\/www.brenne-au-coeur.com\/index.php\/wp-json\/wp\/v2\/media?parent=7177"}],"wp:term":[{"taxonomy":"category","embeddable":true,"href":"https:\/\/www.brenne-au-coeur.com\/index.php\/wp-json\/wp\/v2\/categories?post=7177"},{"taxonomy":"post_tag","embeddable":true,"href":"https:\/\/www.brenne-au-coeur.com\/index.php\/wp-json\/wp\/v2\/tags?post=7177"}],"curies":[{"name":"wp","href":"https:\/\/api.w.org\/{rel}","templated":true}]}}