{"id":7167,"date":"2025-11-14T14:37:41","date_gmt":"2025-11-14T13:37:41","guid":{"rendered":"https:\/\/www.brenne-au-coeur.com\/?p=7167"},"modified":"2025-11-14T14:37:41","modified_gmt":"2025-11-14T13:37:41","slug":"permabondance-plante-chez-emmaus","status":"publish","type":"post","link":"https:\/\/www.brenne-au-coeur.com\/index.php\/2025\/11\/14\/permabondance-plante-chez-emmaus\/communes\/mezieres-en-brenne\/7167\/","title":{"rendered":"Permabondance plante chez Emma\u00fcs"},"content":{"rendered":"<figure id=\"attachment_7168\" aria-describedby=\"caption-attachment-7168\" style=\"width: 170px\" class=\"wp-caption alignleft\"><a href=\"https:\/\/www.brenne-au-coeur.com\/wp-content\/uploads\/2025\/11\/IMG_3614.resized.jpeg\" rel=\"lightbox[7167]\"><img loading=\"lazy\" decoding=\"async\" class=\"wp-image-7168\" src=\"https:\/\/www.brenne-au-coeur.com\/wp-content\/uploads\/2025\/11\/IMG_3614.resized-225x300.jpeg\" alt=\"\" width=\"170\" height=\"227\" srcset=\"https:\/\/www.brenne-au-coeur.com\/wp-content\/uploads\/2025\/11\/IMG_3614.resized-225x300.jpeg 225w, https:\/\/www.brenne-au-coeur.com\/wp-content\/uploads\/2025\/11\/IMG_3614.resized-112x150.jpeg 112w, https:\/\/www.brenne-au-coeur.com\/wp-content\/uploads\/2025\/11\/IMG_3614.resized.jpeg 302w\" sizes=\"auto, (max-width: 170px) 100vw, 170px\" \/><\/a><figcaption id=\"caption-attachment-7168\" class=\"wp-caption-text\">Un bel espace \u00e0 utiliser<\/figcaption><\/figure>\n<p align=\"left\"><span style=\"font-size: large;\">En octobre dernier, les P\u00e9pini\u00e8res Permabondance, lan\u00e7aient l\u2019am\u00e9nagement d\u2019une parcelle de terrain sur le site d\u2019Emma\u00fcs \u00e0 D\u00e9ols. L\u2019association de M\u00e9zi\u00e8res-en-Brenne, dont le but est de promouvoir les int\u00e9r\u00eats des for\u00eats comestibles et leurs mises en place. L&rsquo;association a propos\u00e9 \u00e0 Emma\u00fcs d\u2019utiliser un nouvel espace non occup\u00e9 jouxtant leur b\u00e2timent de vente. <\/span><\/p>\n<p align=\"left\"><span style=\"font-size: large;\">C\u2019est en se rendant \u00e0 Emma\u00fcs, pour acheter des pots pour ses p\u00e9pini\u00e8res, que Paul a rencontr\u00e9 Youn\u00e8s, responsable du site. L\u2019id\u00e9e a germ\u00e9 dans leur esprit. Il y avait une opportunit\u00e9 \u00e0 \u00e9tablir un \u00e9change de services gagnant-gagnant. Les P\u00e9pini\u00e8res Permabondance fournissaient mat\u00e9riaux et savoir-faire. Emma\u00fcs offrait des pots et du mat\u00e9riel n\u00e9cessaire au d\u00e9veloppement des activit\u00e9s de l&rsquo;association. <\/span><\/p>\n<p align=\"left\"><span style=\"font-size: large;\">Il s\u2019agissait d\u00e9sormais de concr\u00e9tiser le partenariat.<\/span><\/p>\n<p align=\"left\"><span style=\"font-size: large;\">\u00ab\u00a0<\/span><span style=\"font-size: large;\"><i>Le but de l\u2019op\u00e9ration, pour nous, \u00e9tait que les gens d\u2019Emma\u00fcs plantent eux-m\u00eames leur for\u00eat comestible\u00a0<\/i><\/span><span style=\"font-size: large;\">\u00bb, explique Thibault, le co-pr\u00e9sident de la Permabondance. <\/span><\/p>\n<figure id=\"attachment_7173\" aria-describedby=\"caption-attachment-7173\" style=\"width: 168px\" class=\"wp-caption alignright\"><a href=\"https:\/\/www.brenne-au-coeur.com\/wp-content\/uploads\/2025\/11\/IMG_3615.resized.jpeg\" rel=\"lightbox[7167]\"><img loading=\"lazy\" decoding=\"async\" class=\"wp-image-7173\" src=\"https:\/\/www.brenne-au-coeur.com\/wp-content\/uploads\/2025\/11\/IMG_3615.resized-225x300.jpeg\" alt=\"\" width=\"168\" height=\"224\" srcset=\"https:\/\/www.brenne-au-coeur.com\/wp-content\/uploads\/2025\/11\/IMG_3615.resized-225x300.jpeg 225w, https:\/\/www.brenne-au-coeur.com\/wp-content\/uploads\/2025\/11\/IMG_3615.resized-113x150.jpeg 113w, https:\/\/www.brenne-au-coeur.com\/wp-content\/uploads\/2025\/11\/IMG_3615.resized.jpeg 605w\" sizes=\"auto, (max-width: 168px) 100vw, 168px\" \/><\/a><figcaption id=\"caption-attachment-7173\" class=\"wp-caption-text\">De la th\u00e9orie avant la pratique<\/figcaption><\/figure>\n<p align=\"left\"><span style=\"font-size: large;\">Ce jeudi 9 octobre au matin, Paul, Mathilde, Thibault, Margot et Jolien se pr\u00e9sentent sur le site d\u2019Emma\u00fcs. Dans leurs v\u00e9hicules, tous les outils indispensables et tou<\/span><span style=\"font-size: large;\">s<\/span><span style=\"font-size: large;\"> les v\u00e9g\u00e9taux pour assurer la plantation.<\/span><\/p>\n<p align=\"left\"><span style=\"font-size: large;\">Mais avant la r\u00e9alisation concr\u00e8te, un temps est consacr\u00e9 aux explications et \u00e0 la pr\u00e9sentation du design con\u00e7ut en amont. <\/span><\/p>\n<p align=\"left\">\u201c<span style=\"font-size: large;\"><i>Nous souhaitons sensibiliser les compagnons d\u2019Emma\u00fcs \u00e0 la biodiversit\u00e9, les initier \u00e0 la permaculture et leur transmettre le go\u00fbt et le sens que nous donnons \u00e0 notre travail<\/i><\/span><span style=\"font-size: large;\">.\u201d pr\u00e9cise Paul.<\/span><\/p>\n<p align=\"left\"><span style=\"font-size: large;\">Les membres de l\u2019association s\u2019aper\u00e7oivent rapidement que leurs id\u00e9es et pratiques sont famili\u00e8res \u00e0 plusieurs personnes d\u2019Emma\u00fcs. \u00c0 commencer par Youn\u00e8s. \u00ab\u00a0<\/span><span style=\"font-size: large;\"><i>Je suis originaire d\u2019un petit village proche de Rabat au Maroc. Avec mon p\u00e8re, nous avons travaill\u00e9 une parcelle de terrain, plant\u00e9 des arbres fruitiers, des aromates etc.\u00a0Je suis sensible \u00e0 la d\u00e9marche de Paul et de ses amis<\/i><\/span><span style=\"font-size: large;\">\u00bb. <\/span><\/p>\n<figure id=\"attachment_7174\" aria-describedby=\"caption-attachment-7174\" style=\"width: 235px\" class=\"wp-caption alignleft\"><a href=\"https:\/\/www.brenne-au-coeur.com\/wp-content\/uploads\/2025\/11\/photo_28_2025-10-26_09-41-44.jpg\" rel=\"lightbox[7167]\"><img loading=\"lazy\" decoding=\"async\" class=\"wp-image-7174\" src=\"https:\/\/www.brenne-au-coeur.com\/wp-content\/uploads\/2025\/11\/photo_28_2025-10-26_09-41-44-300x225.jpg\" alt=\"\" width=\"235\" height=\"176\" srcset=\"https:\/\/www.brenne-au-coeur.com\/wp-content\/uploads\/2025\/11\/photo_28_2025-10-26_09-41-44-300x225.jpg 300w, https:\/\/www.brenne-au-coeur.com\/wp-content\/uploads\/2025\/11\/photo_28_2025-10-26_09-41-44-1024x768.jpg 1024w, https:\/\/www.brenne-au-coeur.com\/wp-content\/uploads\/2025\/11\/photo_28_2025-10-26_09-41-44-150x113.jpg 150w, https:\/\/www.brenne-au-coeur.com\/wp-content\/uploads\/2025\/11\/photo_28_2025-10-26_09-41-44-768x576.jpg 768w, https:\/\/www.brenne-au-coeur.com\/wp-content\/uploads\/2025\/11\/photo_28_2025-10-26_09-41-44.jpg 1280w\" sizes=\"auto, (max-width: 235px) 100vw, 235px\" \/><\/a><figcaption id=\"caption-attachment-7174\" class=\"wp-caption-text\">Travail collectif<\/figcaption><\/figure>\n<p align=\"left\"><span style=\"font-size: large;\">Sans avoir pratiqu\u00e9 lui-m\u00eame une activit\u00e9 agricole, Moussa, ivoirien, se rappelle que son pays est un gros producteur de denr\u00e9es alimentaires. Parmi les plus importants au monde pour le cacao. De quoi r\u00e9veiller un v\u00e9cu, et se sentir attir\u00e9 par le travail de la terre. <\/span><\/p>\n<p align=\"left\"><span style=\"font-size: large;\">De l\u2019int\u00e9r\u00eat et des pr\u00e9dispositions suffisantes pour passer \u00e0 la pratique.<\/span><\/p>\n<p align=\"left\"><span style=\"font-size: large;\">L\u2019op\u00e9ration s\u2019est d\u00e9roul\u00e9e en plusieurs phases&nbsp;: tout d\u2019abord, il s\u2019agissait de nettoyer le terrain par le ramassage des d\u00e9chets. Puis, de creuser un petit foss\u00e9 le long du trottoir, la terre extraite servant \u00e0 confectionner une butte qui accueillera les aromatiques. <\/span><\/p>\n<p align=\"left\"><span style=\"font-size: large;\">La deuxi\u00e8me \u00e9tape consistait \u00e0 cr\u00e9er des chemins et des zones d\u00e9limitant les diff\u00e9rentes strates et esp\u00e8ces. <\/span><\/p>\n<figure id=\"attachment_7170\" aria-describedby=\"caption-attachment-7170\" style=\"width: 189px\" class=\"wp-caption alignright\"><a href=\"https:\/\/www.brenne-au-coeur.com\/wp-content\/uploads\/2025\/11\/IMG_3701.resized.jpeg\" rel=\"lightbox[7167]\"><img loading=\"lazy\" decoding=\"async\" class=\"wp-image-7170 \" src=\"https:\/\/www.brenne-au-coeur.com\/wp-content\/uploads\/2025\/11\/IMG_3701.resized-225x300.jpeg\" alt=\"\" width=\"189\" height=\"252\" srcset=\"https:\/\/www.brenne-au-coeur.com\/wp-content\/uploads\/2025\/11\/IMG_3701.resized-225x300.jpeg 225w, https:\/\/www.brenne-au-coeur.com\/wp-content\/uploads\/2025\/11\/IMG_3701.resized-112x150.jpeg 112w, https:\/\/www.brenne-au-coeur.com\/wp-content\/uploads\/2025\/11\/IMG_3701.resized.jpeg 302w\" sizes=\"auto, (max-width: 189px) 100vw, 189px\" \/><\/a><figcaption id=\"caption-attachment-7170\" class=\"wp-caption-text\">On commence par les aromatiques<\/figcaption><\/figure>\n<p align=\"left\"><span style=\"font-size: large;\">Une fois la pr\u00e9paration achev\u00e9e, une premi\u00e8re s\u00e9rie de plantation a \u00e9t\u00e9 op\u00e9r\u00e9e. Des fleurs&nbsp;: iris et lilas. Des aromatiques&nbsp;: menthes, m\u00e9lisses, thyms, romarins, sauges, lavandes, origans, helicryse, coriandre du Vietnam, etc. Des arbrisseaux&nbsp;: framboisiers, arbres aux faisans et laurier-sauce. Des arbres fruitiers&nbsp;: figuiers et pommier. Au total, plus de 150 plantes.<\/span><\/p>\n<p align=\"left\"><span style=\"font-size: large;\">Une dizaine de compagnons ont particip\u00e9 \u00e0 cet ouvrage. Ils sont Alg\u00e9rien, Guin\u00e9en, G\u00e9orgien, Albanais, Lybien, Ukrainien \u2026 Parmi eux, Moussa s\u2019en r\u00e9jouit. \u00ab\u00a0J<\/span><span style=\"font-size: large;\"><i>e me suis mis tout de suite au travail. \u00c7a m\u2019a beaucoup plu. J\u2019ai plant\u00e9, arros\u00e9. En plus l\u2019ambiance \u00e9tait sympa. On a mang\u00e9 ensemble. Maintenant je continue d\u2019entretenir la parcelle.<\/i><\/span><span style=\"font-size: large;\">\u00a0\u00bb<\/span><\/p>\n<p align=\"left\"><span style=\"font-size: large;\">D\u00e9but novembre, le terrain est couvert de copeaux de bois.<\/span><\/p>\n<p align=\"left\"><span style=\"font-size: large;\">Colette Laurent, pr\u00e9sidente d\u2019Emma\u00fcs Indre est tr\u00e8s satisfaite de cette activit\u00e9. \u00ab\u00a0<\/span><span style=\"font-size: large;\"><i>Planter, faire pousser des v\u00e9g\u00e9taux est une tr\u00e8s bonne chose pour les compagnons.<\/i><\/span><span style=\"font-size: large;\">\u00a0\u00bb La dirigeante associative y voit le moyen pour eux, de se diversifier. Il constitue un point d\u2019appui suppl\u00e9mentaire dans l\u2019accompagnement qu\u2019Emma\u00fcs leur assure. <\/span><\/p>\n<p align=\"left\"><span style=\"font-size: large;\">Le but\u00a0? R\u00e9ussir leur insertion dans la vie sociale.<\/span><\/p>\n<figure id=\"attachment_7175\" aria-describedby=\"caption-attachment-7175\" style=\"width: 239px\" class=\"wp-caption alignleft\"><a href=\"https:\/\/www.brenne-au-coeur.com\/wp-content\/uploads\/2025\/11\/photo_22_2025-10-26_09-41-44.jpg\" rel=\"lightbox[7167]\"><img loading=\"lazy\" decoding=\"async\" class=\"wp-image-7175\" src=\"https:\/\/www.brenne-au-coeur.com\/wp-content\/uploads\/2025\/11\/photo_22_2025-10-26_09-41-44-300x225.jpg\" alt=\"\" width=\"239\" height=\"179\" srcset=\"https:\/\/www.brenne-au-coeur.com\/wp-content\/uploads\/2025\/11\/photo_22_2025-10-26_09-41-44-300x225.jpg 300w, https:\/\/www.brenne-au-coeur.com\/wp-content\/uploads\/2025\/11\/photo_22_2025-10-26_09-41-44-1024x768.jpg 1024w, https:\/\/www.brenne-au-coeur.com\/wp-content\/uploads\/2025\/11\/photo_22_2025-10-26_09-41-44-150x113.jpg 150w, https:\/\/www.brenne-au-coeur.com\/wp-content\/uploads\/2025\/11\/photo_22_2025-10-26_09-41-44-768x576.jpg 768w, https:\/\/www.brenne-au-coeur.com\/wp-content\/uploads\/2025\/11\/photo_22_2025-10-26_09-41-44.jpg 1280w\" sizes=\"auto, (max-width: 239px) 100vw, 239px\" \/><\/a><figcaption id=\"caption-attachment-7175\" class=\"wp-caption-text\">Un partage, des rencontres<\/figcaption><\/figure>\n<p align=\"left\"><span style=\"font-size: large;\">Et Youn\u00e8s est l\u2019exemple d\u2019une r\u00e9ussite. Compagnon depuis plus de dix ans, il a occup\u00e9 successivement plusieurs responsabilit\u00e9s pour devenir en ao\u00fbt dernier, responsable des sites d\u2019 Emma\u00fcs Indre. <\/span><\/p>\n<p align=\"left\"><span style=\"font-size: large;\">Un poste qui le conduit \u00e0 piloter le projet mont\u00e9 avec Permabondance. \u00ab\u00a0<\/span><span style=\"font-size: large;\"><i>Je suis emball\u00e9 par cette affaire. Parce qu\u2019elle correspond \u00e0 notre vision des choses.<\/i><\/span><span style=\"font-size: large;\">\u00bb Les uns et les autres agissent pour que les rapports entre les gens s\u2019\u00e9tablissent sur la base de l\u2019\u00e9change, du partage et de la solidarit\u00e9. <\/span><\/p>\n<p align=\"left\"><span style=\"font-size: large;\">Toutes les raisons sont par cons\u00e9quent r\u00e9unies pour poursuivre la collaboration. D\u2019abord parce que tout n\u2019est pas plant\u00e9. L\u2019an prochain une deuxi\u00e8me vague d\u2019arbres comestibles viendront compl\u00e9ter la composition. Pruniers, kakis, pommiers, poiriers et cerisiers pousseront sur le site de D\u00e9ols.<\/span><\/p>\n<p align=\"left\"><span style=\"font-size: large;\">D\u2019ici l\u00e0, une visite des compagnons \u00e0 M\u00e9zi\u00e8res est envisag\u00e9e. L\u2019objectif est de favoriser le travail en commun. \u00ab\u00a0<\/span><span style=\"font-size: large;\"><i>Nous ne viendrons pas pour faire du tourisme mais pour r\u00e9aliser des choses concr\u00e8tes\u00a0<\/i><\/span><span style=\"font-size: large;\">\u00bb, rappelle Youn\u00e8s, avec un grand sourire.<\/span><\/p>\n","protected":false},"excerpt":{"rendered":"<p>En octobre dernier, les P\u00e9pini\u00e8res Permabondance, lan\u00e7aient l\u2019am\u00e9nagement d\u2019une parcelle de terrain sur le site d\u2019Emma\u00fcs \u00e0 D\u00e9ols. L\u2019association de M\u00e9zi\u00e8res-en-Brenne, dont le but est de promouvoir les int\u00e9r\u00eats des for\u00eats comestibles et leurs mises en place. L&rsquo;association a propos\u00e9 \u00e0 Emma\u00fcs d\u2019utiliser un nouvel espace non occup\u00e9 jouxtant leur b\u00e2timent de vente. C\u2019est en&hellip;&nbsp;<a href=\"https:\/\/www.brenne-au-coeur.com\/index.php\/2025\/11\/14\/permabondance-plante-chez-emmaus\/communes\/mezieres-en-brenne\/7167\/\" rel=\"bookmark\">Lire la suite&nbsp;&raquo;<span class=\"screen-reader-text\">Permabondance plante chez Emma\u00fcs<\/span><\/a><\/p>\n","protected":false},"author":1,"featured_media":7172,"comment_status":"open","ping_status":"open","sticky":false,"template":"","format":"standard","meta":{"rop_custom_images_group":[],"rop_custom_messages_group":[],"rop_publish_now":"initial","rop_publish_now_accounts":[],"rop_publish_now_history":[],"rop_publish_now_status":"pending","_monsterinsights_skip_tracking":false,"_monsterinsights_sitenote_active":false,"_monsterinsights_sitenote_note":"","_monsterinsights_sitenote_category":0,"neve_meta_sidebar":"","neve_meta_container":"","neve_meta_enable_content_width":"off","neve_meta_content_width":70,"neve_meta_title_alignment":"","neve_meta_author_avatar":"","neve_post_elements_order":"","neve_meta_disable_header":"","neve_meta_disable_footer":"","neve_meta_disable_title":"","_jetpack_memberships_contains_paid_content":false,"footnotes":"","jetpack_publicize_message":"","jetpack_publicize_feature_enabled":true,"jetpack_social_post_already_shared":true,"jetpack_social_options":{"image_generator_settings":{"template":"highway","default_image_id":0,"font":"","enabled":false},"version":2}},"categories":[12],"tags":[31,34],"class_list":["post-7167","post","type-post","status-publish","format-standard","has-post-thumbnail","hentry","category-mezieres-en-brenne","tag-associations","tag-culture"],"aioseo_notices":[],"jetpack_publicize_connections":[],"jetpack_featured_media_url":"https:\/\/www.brenne-au-coeur.com\/wp-content\/uploads\/2025\/11\/photo_25_2025-10-26_09-41-44-1.resized.jpg","jetpack-related-posts":[],"jetpack_sharing_enabled":true,"_links":{"self":[{"href":"https:\/\/www.brenne-au-coeur.com\/index.php\/wp-json\/wp\/v2\/posts\/7167","targetHints":{"allow":["GET"]}}],"collection":[{"href":"https:\/\/www.brenne-au-coeur.com\/index.php\/wp-json\/wp\/v2\/posts"}],"about":[{"href":"https:\/\/www.brenne-au-coeur.com\/index.php\/wp-json\/wp\/v2\/types\/post"}],"author":[{"embeddable":true,"href":"https:\/\/www.brenne-au-coeur.com\/index.php\/wp-json\/wp\/v2\/users\/1"}],"replies":[{"embeddable":true,"href":"https:\/\/www.brenne-au-coeur.com\/index.php\/wp-json\/wp\/v2\/comments?post=7167"}],"version-history":[{"count":1,"href":"https:\/\/www.brenne-au-coeur.com\/index.php\/wp-json\/wp\/v2\/posts\/7167\/revisions"}],"predecessor-version":[{"id":7176,"href":"https:\/\/www.brenne-au-coeur.com\/index.php\/wp-json\/wp\/v2\/posts\/7167\/revisions\/7176"}],"wp:featuredmedia":[{"embeddable":true,"href":"https:\/\/www.brenne-au-coeur.com\/index.php\/wp-json\/wp\/v2\/media\/7172"}],"wp:attachment":[{"href":"https:\/\/www.brenne-au-coeur.com\/index.php\/wp-json\/wp\/v2\/media?parent=7167"}],"wp:term":[{"taxonomy":"category","embeddable":true,"href":"https:\/\/www.brenne-au-coeur.com\/index.php\/wp-json\/wp\/v2\/categories?post=7167"},{"taxonomy":"post_tag","embeddable":true,"href":"https:\/\/www.brenne-au-coeur.com\/index.php\/wp-json\/wp\/v2\/tags?post=7167"}],"curies":[{"name":"wp","href":"https:\/\/api.w.org\/{rel}","templated":true}]}}