{"id":7159,"date":"2025-11-02T16:21:32","date_gmt":"2025-11-02T15:21:32","guid":{"rendered":"https:\/\/www.brenne-au-coeur.com\/?p=7159"},"modified":"2025-11-02T16:21:32","modified_gmt":"2025-11-02T15:21:32","slug":"monfreid-amis-des-artistes","status":"publish","type":"post","link":"https:\/\/www.brenne-au-coeur.com\/index.php\/2025\/11\/02\/monfreid-amis-des-artistes\/mediatheque\/7159\/","title":{"rendered":"Monfreid, amis des artistes"},"content":{"rendered":"<p><span style=\"font-size: large;\"><a href=\"https:\/\/www.brenne-au-coeur.com\/wp-content\/uploads\/2025\/11\/Asso-HenrydeMontfreid.jpg\" rel=\"lightbox[7159]\"><img loading=\"lazy\" decoding=\"async\" class=\"alignleft wp-image-7161 size-full\" src=\"https:\/\/www.brenne-au-coeur.com\/wp-content\/uploads\/2025\/11\/Asso-HenrydeMontfreid.jpg\" alt=\"\" width=\"284\" height=\"213\" srcset=\"https:\/\/www.brenne-au-coeur.com\/wp-content\/uploads\/2025\/11\/Asso-HenrydeMontfreid.jpg 284w, https:\/\/www.brenne-au-coeur.com\/wp-content\/uploads\/2025\/11\/Asso-HenrydeMontfreid-150x113.jpg 150w\" sizes=\"auto, (max-width: 284px) 100vw, 284px\" \/><\/a>Samedi 8 novembre 2025 \u00e0 17h, la M\u00e9diath\u00e8que intercommunale du Blanc accueille l&rsquo;association ingrandaise Henry de Monfreid, pour une lecture intitul\u00e9e \u00ab\u00a0Monfreid, ami des artistes\u00a0\u00bb<\/span><\/p>\n<p><span style=\"font-size: large;\">Une lecture \u00e0 deux voix interpr\u00e9t\u00e9e par Am\u00e9lie Hanot et Martine Tissier, accompagn\u00e9es au piano par Boris Marie.<\/span><\/p>\n<p><span style=\"font-size: large;\">Henry de Monfreid, n\u00e9 le 14 novembre 1879 \u00e0 La Franqui, commune de Leucate (Aude), et mort le 13 d\u00e9cembre 1974 \u00e0 Ingrandes (Indre), est un commer\u00e7ant et \u00e9crivain fran\u00e7ais. Il a mis en sc\u00e8ne sa vie aventureuse, centr\u00e9e sur la mer Rouge et l&rsquo;\u00c9thiopie de 1911 \u00e0 la Seconde Guerre mondiale, dans de nombreux livres, autobiographies et romans, publi\u00e9s \u00e0 partir de 1931.<\/span><\/p>\n<figure id=\"attachment_7160\" aria-describedby=\"caption-attachment-7160\" style=\"width: 207px\" class=\"wp-caption alignright\"><a href=\"https:\/\/www.brenne-au-coeur.com\/wp-content\/uploads\/2025\/11\/hmonfreid.jpeg\" rel=\"lightbox[7159]\"><img loading=\"lazy\" decoding=\"async\" class=\"wp-image-7160 size-full\" src=\"https:\/\/www.brenne-au-coeur.com\/wp-content\/uploads\/2025\/11\/hmonfreid.jpeg\" alt=\"\" width=\"207\" height=\"243\" srcset=\"https:\/\/www.brenne-au-coeur.com\/wp-content\/uploads\/2025\/11\/hmonfreid.jpeg 207w, https:\/\/www.brenne-au-coeur.com\/wp-content\/uploads\/2025\/11\/hmonfreid-128x150.jpeg 128w\" sizes=\"auto, (max-width: 207px) 100vw, 207px\" \/><\/a><figcaption id=\"caption-attachment-7160\" class=\"wp-caption-text\">Henry de Monfreid\u00a0 Source Wikip\u00e9dia<\/figcaption><\/figure>\n<p>&nbsp;<\/p>\n<p><span style=\"font-size: large;\">Le c\u00e9l\u00e8bre \u00e9crivain-aventurier, peintre et photographe, a v\u00e9cu les 27 derni\u00e8res ann\u00e9es de sa vie \u00e0 Ingrandes. Un mus\u00e9e retrace les p\u00e9rip\u00e9ties de ses aventures africaines (montages audiovisuels, reportages), ses nombreuses activit\u00e9s et expose ses aquarelles et ses photographies,\u00e9voquant les lieux et personnages qu\u2019il a connu. Le Mus\u00e9e dispose d&rsquo;un \u00ab\u00a0Espace Librairie\u00a0\u00bb o\u00f9 le visiteur peut acqu\u00e9rir les diff\u00e9rents ouvrages de l&rsquo;auteur.<\/span><\/p>\n<p><span style=\"font-size: large;\">Ouvert de mi-mars \u00e0 d\u00e9but novembre sur rendez-vous. Ouvert en juillet et ao\u00fbt&nbsp;: tous les samedis et dimanches apr\u00e8s-midis et sur rendez-vous du lundi au vendredi ainsi que le samedi et dimanche matin. <\/span><\/p>\n<p><span style=\"font-size: large;\">Renseignements \/ R\u00e9servation 06 80 70 54 65 (Visite sur rendez-vous)<\/span><\/p>\n<p><span style=\"font-size: large;\">monfreidenberry@gmail.com<\/span><\/p>\n","protected":false},"excerpt":{"rendered":"<p>Samedi 8 novembre 2025 \u00e0 17h, la M\u00e9diath\u00e8que intercommunale du Blanc accueille l&rsquo;association ingrandaise Henry de Monfreid, pour une lecture intitul\u00e9e \u00ab\u00a0Monfreid, ami des artistes\u00a0\u00bb Une lecture \u00e0 deux voix interpr\u00e9t\u00e9e par Am\u00e9lie Hanot et Martine Tissier, accompagn\u00e9es au piano par Boris Marie. Henry de Monfreid, n\u00e9 le 14 novembre 1879 \u00e0 La Franqui, commune&hellip;&nbsp;<a href=\"https:\/\/www.brenne-au-coeur.com\/index.php\/2025\/11\/02\/monfreid-amis-des-artistes\/mediatheque\/7159\/\" rel=\"bookmark\">Lire la suite&nbsp;&raquo;<span class=\"screen-reader-text\">Monfreid, amis des artistes<\/span><\/a><\/p>\n","protected":false},"author":1,"featured_media":7162,"comment_status":"open","ping_status":"open","sticky":false,"template":"","format":"standard","meta":{"rop_custom_images_group":[],"rop_custom_messages_group":[],"rop_publish_now":"initial","rop_publish_now_accounts":[],"rop_publish_now_history":[],"rop_publish_now_status":"pending","_monsterinsights_skip_tracking":false,"_monsterinsights_sitenote_active":false,"_monsterinsights_sitenote_note":"","_monsterinsights_sitenote_category":0,"neve_meta_sidebar":"","neve_meta_container":"","neve_meta_enable_content_width":"off","neve_meta_content_width":70,"neve_meta_title_alignment":"","neve_meta_author_avatar":"","neve_post_elements_order":"","neve_meta_disable_header":"","neve_meta_disable_footer":"","neve_meta_disable_title":"","_jetpack_memberships_contains_paid_content":false,"footnotes":"","jetpack_publicize_message":"","jetpack_publicize_feature_enabled":true,"jetpack_social_post_already_shared":true,"jetpack_social_options":{"image_generator_settings":{"template":"highway","default_image_id":0,"font":"","enabled":false},"version":2}},"categories":[101,59],"tags":[84],"class_list":["post-7159","post","type-post","status-publish","format-standard","has-post-thumbnail","hentry","category-le-blanc","category-mediatheque","tag-conference"],"aioseo_notices":[],"jetpack_publicize_connections":[],"jetpack_featured_media_url":"https:\/\/www.brenne-au-coeur.com\/wp-content\/uploads\/2025\/11\/Monfreid-ami-des-artistes-V2.resized.jpeg","jetpack-related-posts":[],"jetpack_sharing_enabled":true,"_links":{"self":[{"href":"https:\/\/www.brenne-au-coeur.com\/index.php\/wp-json\/wp\/v2\/posts\/7159","targetHints":{"allow":["GET"]}}],"collection":[{"href":"https:\/\/www.brenne-au-coeur.com\/index.php\/wp-json\/wp\/v2\/posts"}],"about":[{"href":"https:\/\/www.brenne-au-coeur.com\/index.php\/wp-json\/wp\/v2\/types\/post"}],"author":[{"embeddable":true,"href":"https:\/\/www.brenne-au-coeur.com\/index.php\/wp-json\/wp\/v2\/users\/1"}],"replies":[{"embeddable":true,"href":"https:\/\/www.brenne-au-coeur.com\/index.php\/wp-json\/wp\/v2\/comments?post=7159"}],"version-history":[{"count":1,"href":"https:\/\/www.brenne-au-coeur.com\/index.php\/wp-json\/wp\/v2\/posts\/7159\/revisions"}],"predecessor-version":[{"id":7163,"href":"https:\/\/www.brenne-au-coeur.com\/index.php\/wp-json\/wp\/v2\/posts\/7159\/revisions\/7163"}],"wp:featuredmedia":[{"embeddable":true,"href":"https:\/\/www.brenne-au-coeur.com\/index.php\/wp-json\/wp\/v2\/media\/7162"}],"wp:attachment":[{"href":"https:\/\/www.brenne-au-coeur.com\/index.php\/wp-json\/wp\/v2\/media?parent=7159"}],"wp:term":[{"taxonomy":"category","embeddable":true,"href":"https:\/\/www.brenne-au-coeur.com\/index.php\/wp-json\/wp\/v2\/categories?post=7159"},{"taxonomy":"post_tag","embeddable":true,"href":"https:\/\/www.brenne-au-coeur.com\/index.php\/wp-json\/wp\/v2\/tags?post=7159"}],"curies":[{"name":"wp","href":"https:\/\/api.w.org\/{rel}","templated":true}]}}