{"id":7153,"date":"2025-11-02T15:57:29","date_gmt":"2025-11-02T14:57:29","guid":{"rendered":"https:\/\/www.brenne-au-coeur.com\/?p=7153"},"modified":"2025-11-02T15:57:29","modified_gmt":"2025-11-02T14:57:29","slug":"trois-femmes-au-moulin","status":"publish","type":"post","link":"https:\/\/www.brenne-au-coeur.com\/index.php\/2025\/11\/02\/trois-femmes-au-moulin\/communes\/mezieres-en-brenne\/7153\/","title":{"rendered":"Trois femmes au Moulin"},"content":{"rendered":"<p><span style=\"font-size: large;\">Le Moulin accueille jusqu\u2019au 27 novembre, les \u0153uvres de trois laur\u00e9ates du 38\u00e8me salon des peintres de la Brenne. Trois femmes, trois artistes, trois univers, trois techniques.<\/span><\/p>\n<figure id=\"attachment_7156\" aria-describedby=\"caption-attachment-7156\" style=\"width: 225px\" class=\"wp-caption alignleft\"><a href=\"https:\/\/www.brenne-au-coeur.com\/wp-content\/uploads\/2025\/11\/20251030_155733.resized-rotated.jpg\" rel=\"lightbox[7153]\"><img loading=\"lazy\" decoding=\"async\" class=\"wp-image-7156 size-medium\" src=\"https:\/\/www.brenne-au-coeur.com\/wp-content\/uploads\/2025\/11\/20251030_155733.resized-225x300.jpg\" alt=\"\" width=\"225\" height=\"300\" srcset=\"https:\/\/www.brenne-au-coeur.com\/wp-content\/uploads\/2025\/11\/20251030_155733.resized-225x300.jpg 225w, https:\/\/www.brenne-au-coeur.com\/wp-content\/uploads\/2025\/11\/20251030_155733.resized-112x150.jpg 112w, https:\/\/www.brenne-au-coeur.com\/wp-content\/uploads\/2025\/11\/20251030_155733.resized-rotated.jpg 302w\" sizes=\"auto, (max-width: 225px) 100vw, 225px\" \/><\/a><figcaption id=\"caption-attachment-7156\" class=\"wp-caption-text\">Portrait Afghan de Fran\u00e7oise Lauchet<\/figcaption><\/figure>\n<p><span style=\"font-size: large;\">Les premiers pas dans la salle d\u2019exposition du Moulin conduisent devant les tableaux de Fran\u00e7oise Lauchet. Le r\u00e9alisme des portraits laisse pantois. Difficile de quitter le regard saisissant de cet Afghan, tout comme le visage de \u00ab\u00a0l\u2019homme \u00e2g\u00e9\u00a0\u00bb. Fran\u00e7oise Lauchet manie \u00e9galement le pastel pour peindre des animaux et des natures mortes.<\/span><\/p>\n<p><span style=\"font-size: large;\">Viennent ensuite, les aquarelles de Brigitte Vallin, \u00e0 la tonalit\u00e9 d\u00e9lib\u00e9r\u00e9ment douce. Ses tableaux restituent \u00e0 merveille la s\u00e9r\u00e9nit\u00e9 des paysages de la Brenne.<\/span><\/p>\n<p><span style=\"font-size: large;\">Une fois quitt\u00e9 les \u0153uvres accroch\u00e9es aux murs, la d\u00e9ambulation entra\u00eene le visiteur \u00e0 proximit\u00e9 des sculptures en c\u00e9ramique d\u2019Isabelle Prost. Des animaux criants de v\u00e9rit\u00e9, comme cette Bernarche du Canada que l\u2019on observe en se demandant si elle va bient\u00f4t avancer ou s\u2019envoler et quitter son pr\u00e9sentoir. Et puis le regard est attir\u00e9 par ces statuettes \u00ab&nbsp;kiss,kiss&nbsp;\u00bb. Une fa\u00e7on de montrer qu\u2019il n\u2019est pas d\u2019ennemis irr\u00e9conciliables. \u00ab&nbsp;Loup-brebis&nbsp;\u00bb, \u00ab&nbsp;Chien-li\u00e8vre&nbsp;\u00bb, \u00ab\u00a0Chat-souris&nbsp;\u00bb, se b\u00e9cotent sous des apparences quasi-humaines.<\/span><\/p>\n<p><span style=\"font-size: large;\">Ne vous privez pas de la visite de cette expo au Moulin. Elle vous offrira un peu de tendresse dans ce monde de brutes. <\/span><\/p>\n<figure id=\"attachment_7157\" aria-describedby=\"caption-attachment-7157\" style=\"width: 300px\" class=\"wp-caption alignright\"><a href=\"https:\/\/www.brenne-au-coeur.com\/wp-content\/uploads\/2025\/11\/20251030_155804.resized.jpg\" rel=\"lightbox[7153]\"><img loading=\"lazy\" decoding=\"async\" class=\"wp-image-7157 size-medium\" src=\"https:\/\/www.brenne-au-coeur.com\/wp-content\/uploads\/2025\/11\/20251030_155804.resized-300x225.jpg\" alt=\"\" width=\"300\" height=\"225\" srcset=\"https:\/\/www.brenne-au-coeur.com\/wp-content\/uploads\/2025\/11\/20251030_155804.resized-300x225.jpg 300w, https:\/\/www.brenne-au-coeur.com\/wp-content\/uploads\/2025\/11\/20251030_155804.resized-150x112.jpg 150w, https:\/\/www.brenne-au-coeur.com\/wp-content\/uploads\/2025\/11\/20251030_155804.resized.jpg 403w\" sizes=\"auto, (max-width: 300px) 100vw, 300px\" \/><\/a><figcaption id=\"caption-attachment-7157\" class=\"wp-caption-text\">Brenne verdoyante de Brigitte Vallin<\/figcaption><\/figure>\n<p><span style=\"font-size: large;\">Fran\u00e7oise Lauchet s\u2019est initi\u00e9e au pastel en participant \u00e0 un groupe de pastellistes. Le r\u00e9sultat ne l\u2019a pas compl\u00e8tement satisfaite. Gr\u00e2ce \u00e0 une rencontre avec Lionel Asselineau, ma\u00eetre pastellliste, elle se perfectionne dans la ma\u00eetrise de ce m\u00e9dium. Elle suit r\u00e9guli\u00e8rement des stages pour son plus grand plaisir.<\/span><\/p>\n<p>&nbsp;<\/p>\n<p><span style=\"font-size: large;\">Brigitte Vallin se consacre \u00e0 l\u2019aquarelle depuis plus de 20 ans. Elle peint d\u2019apr\u00e8s photos ou en ext\u00e9rieur. Elle est actuellement responsable d\u2019un atelier de peinture sans professeur o\u00f9 s\u2019entraident des participants amateurs et passionn\u00e9s<\/span><\/p>\n<p><span style=\"font-size: large;\">Isabelle Prost, artiste sculptrice,expose ses \u0153uvres dans son atelier \u00ab\u00a0Cut garden\u00a0\u00bb (jardin mignon en anglais\u00a0), \u00e0 Lusignan dans la Vienne. Elle cr\u00e9e des sujets en c\u00e9ramique qui ornent int\u00e9rieur et jardin. Elle porte un int\u00e9r\u00eat particulier aux animaux qu\u2019elle pr\u00e9sente parfois habill\u00e9s dans des postures humaines.<\/span><\/p>\n<figure id=\"attachment_7155\" aria-describedby=\"caption-attachment-7155\" style=\"width: 225px\" class=\"wp-caption alignleft\"><a href=\"https:\/\/www.brenne-au-coeur.com\/wp-content\/uploads\/2025\/11\/20251030_155714.resized-rotated.jpg\" rel=\"lightbox[7153]\"><img loading=\"lazy\" decoding=\"async\" class=\"wp-image-7155 size-medium\" src=\"https:\/\/www.brenne-au-coeur.com\/wp-content\/uploads\/2025\/11\/20251030_155714.resized-225x300.jpg\" alt=\"\" width=\"225\" height=\"300\" srcset=\"https:\/\/www.brenne-au-coeur.com\/wp-content\/uploads\/2025\/11\/20251030_155714.resized-225x300.jpg 225w, https:\/\/www.brenne-au-coeur.com\/wp-content\/uploads\/2025\/11\/20251030_155714.resized-112x150.jpg 112w, https:\/\/www.brenne-au-coeur.com\/wp-content\/uploads\/2025\/11\/20251030_155714.resized-rotated.jpg 302w\" sizes=\"auto, (max-width: 225px) 100vw, 225px\" \/><\/a><figcaption id=\"caption-attachment-7155\" class=\"wp-caption-text\">Kiss-kiss chat-souris d&rsquo;Isabelle Prost<\/figcaption><\/figure>\n<p>&nbsp;<\/p>\n<p>&nbsp;<\/p>\n<p><span style=\"font-size: large;\">Entr\u00e9e libre: 1 rue du Nord, M\u00e9zi\u00e8res-en-Brenne<\/span><\/p>\n<p><span style=\"font-size: large;\">Mardi, mercredi et vendredi de 14h \u00e018h<\/span><\/p>\n<p><span style=\"font-size: large;\">Jeudi et samedi de 9h30 \u00e0 12h30 et de 14h \u00e0 18h<\/span><\/p>\n<p><span style=\"font-size: large;\">Ferm\u00e9 le11 novembre. <\/span><\/p>\n","protected":false},"excerpt":{"rendered":"<p>Le Moulin accueille jusqu\u2019au 27 novembre, les \u0153uvres de trois laur\u00e9ates du 38\u00e8me salon des peintres de la Brenne. Trois femmes, trois artistes, trois univers, trois techniques. Les premiers pas dans la salle d\u2019exposition du Moulin conduisent devant les tableaux de Fran\u00e7oise Lauchet. Le r\u00e9alisme des portraits laisse pantois. Difficile de quitter le regard saisissant&hellip;&nbsp;<a href=\"https:\/\/www.brenne-au-coeur.com\/index.php\/2025\/11\/02\/trois-femmes-au-moulin\/communes\/mezieres-en-brenne\/7153\/\" rel=\"bookmark\">Lire la suite&nbsp;&raquo;<span class=\"screen-reader-text\">Trois femmes au Moulin<\/span><\/a><\/p>\n","protected":false},"author":1,"featured_media":7154,"comment_status":"open","ping_status":"open","sticky":false,"template":"","format":"standard","meta":{"rop_custom_images_group":[],"rop_custom_messages_group":[],"rop_publish_now":"initial","rop_publish_now_accounts":[],"rop_publish_now_history":[],"rop_publish_now_status":"pending","_monsterinsights_skip_tracking":false,"_monsterinsights_sitenote_active":false,"_monsterinsights_sitenote_note":"","_monsterinsights_sitenote_category":0,"neve_meta_sidebar":"","neve_meta_container":"","neve_meta_enable_content_width":"off","neve_meta_content_width":70,"neve_meta_title_alignment":"","neve_meta_author_avatar":"","neve_post_elements_order":"","neve_meta_disable_header":"","neve_meta_disable_footer":"","neve_meta_disable_title":"","_jetpack_memberships_contains_paid_content":false,"footnotes":"","jetpack_publicize_message":"","jetpack_publicize_feature_enabled":true,"jetpack_social_post_already_shared":true,"jetpack_social_options":{"image_generator_settings":{"template":"highway","default_image_id":0,"font":"","enabled":false},"version":2}},"categories":[12,54],"tags":[52,46,53],"class_list":["post-7153","post","type-post","status-publish","format-standard","has-post-thumbnail","hentry","category-mezieres-en-brenne","category-moulin","tag-exposition","tag-peinture","tag-sculpture"],"aioseo_notices":[],"jetpack_publicize_connections":[],"jetpack_featured_media_url":"https:\/\/www.brenne-au-coeur.com\/wp-content\/uploads\/2025\/11\/Affiche-2.resized.jpeg","jetpack-related-posts":[],"jetpack_sharing_enabled":true,"_links":{"self":[{"href":"https:\/\/www.brenne-au-coeur.com\/index.php\/wp-json\/wp\/v2\/posts\/7153","targetHints":{"allow":["GET"]}}],"collection":[{"href":"https:\/\/www.brenne-au-coeur.com\/index.php\/wp-json\/wp\/v2\/posts"}],"about":[{"href":"https:\/\/www.brenne-au-coeur.com\/index.php\/wp-json\/wp\/v2\/types\/post"}],"author":[{"embeddable":true,"href":"https:\/\/www.brenne-au-coeur.com\/index.php\/wp-json\/wp\/v2\/users\/1"}],"replies":[{"embeddable":true,"href":"https:\/\/www.brenne-au-coeur.com\/index.php\/wp-json\/wp\/v2\/comments?post=7153"}],"version-history":[{"count":1,"href":"https:\/\/www.brenne-au-coeur.com\/index.php\/wp-json\/wp\/v2\/posts\/7153\/revisions"}],"predecessor-version":[{"id":7158,"href":"https:\/\/www.brenne-au-coeur.com\/index.php\/wp-json\/wp\/v2\/posts\/7153\/revisions\/7158"}],"wp:featuredmedia":[{"embeddable":true,"href":"https:\/\/www.brenne-au-coeur.com\/index.php\/wp-json\/wp\/v2\/media\/7154"}],"wp:attachment":[{"href":"https:\/\/www.brenne-au-coeur.com\/index.php\/wp-json\/wp\/v2\/media?parent=7153"}],"wp:term":[{"taxonomy":"category","embeddable":true,"href":"https:\/\/www.brenne-au-coeur.com\/index.php\/wp-json\/wp\/v2\/categories?post=7153"},{"taxonomy":"post_tag","embeddable":true,"href":"https:\/\/www.brenne-au-coeur.com\/index.php\/wp-json\/wp\/v2\/tags?post=7153"}],"curies":[{"name":"wp","href":"https:\/\/api.w.org\/{rel}","templated":true}]}}