{"id":7148,"date":"2025-11-01T16:47:47","date_gmt":"2025-11-01T15:47:47","guid":{"rendered":"https:\/\/www.brenne-au-coeur.com\/?p=7148"},"modified":"2025-11-01T16:47:47","modified_gmt":"2025-11-01T15:47:47","slug":"brassens-une-vie-de-chansons","status":"publish","type":"post","link":"https:\/\/www.brenne-au-coeur.com\/index.php\/2025\/11\/01\/brassens-une-vie-de-chansons\/communes\/mezieres-en-brenne\/7148\/","title":{"rendered":"Brassens, une vie de chansons"},"content":{"rendered":"<p><span style=\"font-size: large;\"><a href=\"https:\/\/www.brenne-au-coeur.com\/wp-content\/uploads\/2025\/11\/brassens.jpeg\" rel=\"lightbox[7148]\"><img loading=\"lazy\" decoding=\"async\" class=\"alignleft wp-image-7149 size-full\" src=\"https:\/\/www.brenne-au-coeur.com\/wp-content\/uploads\/2025\/11\/brassens.jpeg\" alt=\"\" width=\"182\" height=\"277\" srcset=\"https:\/\/www.brenne-au-coeur.com\/wp-content\/uploads\/2025\/11\/brassens.jpeg 182w, https:\/\/www.brenne-au-coeur.com\/wp-content\/uploads\/2025\/11\/brassens-99x150.jpeg 99w\" sizes=\"auto, (max-width: 182px) 100vw, 182px\" \/><\/a>Samedi 15 novembre \u00e0 16h, une conf\u00e9rence musicale est pr\u00e9sent\u00e9e \u00e0 la salle des f\u00eates, par la m\u00e9diath\u00e8que de M\u00e9zi\u00e8res. Une \u00e9vocation de la vie du chanteur par Philippe Gitton et Sylvain Guillaumet. Philippe rappellera quelques faits importants du parcours de l\u2019artiste et pr\u00e9sentera les douze chansons interpr\u00e9t\u00e9es par Sylvain. <\/span><\/p>\n<p><span style=\"font-size: large;\">Quarante-quatre ans apr\u00e8s sa mort, le r\u00e9pertoire du S\u00e9tois suscite toujours autant d\u2019int\u00e9r\u00eat y compris parmi les nouvelles g\u00e9n\u00e9rations. <\/span><\/p>\n<p><span style=\"font-size: large;\">Georges Brassens, \u00e0 l&rsquo;instar de L\u00e9o Ferr\u00e9, Jacques Brel et Jean Ferrat est consid\u00e9r\u00e9 comme l&rsquo;un des artisans d&rsquo;un \u00e2ge d&rsquo;or de la chanson fran\u00e7aise. Il re\u00e7oit le Grand prix de po\u00e9sie de l&rsquo;Acad\u00e9mie fran\u00e7aise en 1967.<\/span><\/p>\n<p><span style=\"font-size: large;\">Auteur de plus de deux cents chansons aux textes soign\u00e9s, exigeants et litt\u00e9raires \u2014 parmi lesquelles les populaires Chanson pour l&rsquo;Auvergnat, La Mauvaise R\u00e9putation, Le Gorille, Les Amoureux des bancs publics, Les Copains d&rsquo;abord, Supplique pour \u00eatre enterr\u00e9 \u00e0 la plage de S\u00e8te, Les Trompettes de la renomm\u00e9e, etc. \u2014 Georges Brassens a \u00e9galement mis en musique des po\u00e8mes de Fran\u00e7ois Villon, Victor Hugo, Paul Verlaine, Francis Jammes, Paul Fort, Antoine Pol, Th\u00e9odore de Banville, Alphonse de Lamartine ou encore Louis Aragon.<\/span><\/p>\n","protected":false},"excerpt":{"rendered":"<p>Samedi 15 novembre \u00e0 16h, une conf\u00e9rence musicale est pr\u00e9sent\u00e9e \u00e0 la salle des f\u00eates, par la m\u00e9diath\u00e8que de M\u00e9zi\u00e8res. Une \u00e9vocation de la vie du chanteur par Philippe Gitton et Sylvain Guillaumet. Philippe rappellera quelques faits importants du parcours de l\u2019artiste et pr\u00e9sentera les douze chansons interpr\u00e9t\u00e9es par Sylvain. Quarante-quatre ans apr\u00e8s sa mort,&hellip;&nbsp;<a href=\"https:\/\/www.brenne-au-coeur.com\/index.php\/2025\/11\/01\/brassens-une-vie-de-chansons\/communes\/mezieres-en-brenne\/7148\/\" rel=\"bookmark\">Lire la suite&nbsp;&raquo;<span class=\"screen-reader-text\">Brassens, une vie de chansons<\/span><\/a><\/p>\n","protected":false},"author":1,"featured_media":7150,"comment_status":"open","ping_status":"open","sticky":false,"template":"","format":"standard","meta":{"rop_custom_images_group":[],"rop_custom_messages_group":[],"rop_publish_now":"initial","rop_publish_now_accounts":[],"rop_publish_now_history":[],"rop_publish_now_status":"pending","_monsterinsights_skip_tracking":false,"_monsterinsights_sitenote_active":false,"_monsterinsights_sitenote_note":"","_monsterinsights_sitenote_category":0,"neve_meta_sidebar":"","neve_meta_container":"","neve_meta_enable_content_width":"off","neve_meta_content_width":70,"neve_meta_title_alignment":"","neve_meta_author_avatar":"","neve_post_elements_order":"","neve_meta_disable_header":"","neve_meta_disable_footer":"","neve_meta_disable_title":"","_jetpack_memberships_contains_paid_content":false,"footnotes":"","jetpack_publicize_message":"","jetpack_publicize_feature_enabled":true,"jetpack_social_post_already_shared":true,"jetpack_social_options":{"image_generator_settings":{"template":"highway","default_image_id":0,"font":"","enabled":false},"version":2}},"categories":[59,12],"tags":[104,84],"class_list":["post-7148","post","type-post","status-publish","format-standard","has-post-thumbnail","hentry","category-mediatheque","category-mezieres-en-brenne","tag-chansons","tag-conference"],"aioseo_notices":[],"jetpack_publicize_connections":[],"jetpack_featured_media_url":"https:\/\/www.brenne-au-coeur.com\/wp-content\/uploads\/2025\/11\/Conference-Brassens-Nov2025.resized.jpg","jetpack-related-posts":[],"jetpack_sharing_enabled":true,"_links":{"self":[{"href":"https:\/\/www.brenne-au-coeur.com\/index.php\/wp-json\/wp\/v2\/posts\/7148","targetHints":{"allow":["GET"]}}],"collection":[{"href":"https:\/\/www.brenne-au-coeur.com\/index.php\/wp-json\/wp\/v2\/posts"}],"about":[{"href":"https:\/\/www.brenne-au-coeur.com\/index.php\/wp-json\/wp\/v2\/types\/post"}],"author":[{"embeddable":true,"href":"https:\/\/www.brenne-au-coeur.com\/index.php\/wp-json\/wp\/v2\/users\/1"}],"replies":[{"embeddable":true,"href":"https:\/\/www.brenne-au-coeur.com\/index.php\/wp-json\/wp\/v2\/comments?post=7148"}],"version-history":[{"count":1,"href":"https:\/\/www.brenne-au-coeur.com\/index.php\/wp-json\/wp\/v2\/posts\/7148\/revisions"}],"predecessor-version":[{"id":7151,"href":"https:\/\/www.brenne-au-coeur.com\/index.php\/wp-json\/wp\/v2\/posts\/7148\/revisions\/7151"}],"wp:featuredmedia":[{"embeddable":true,"href":"https:\/\/www.brenne-au-coeur.com\/index.php\/wp-json\/wp\/v2\/media\/7150"}],"wp:attachment":[{"href":"https:\/\/www.brenne-au-coeur.com\/index.php\/wp-json\/wp\/v2\/media?parent=7148"}],"wp:term":[{"taxonomy":"category","embeddable":true,"href":"https:\/\/www.brenne-au-coeur.com\/index.php\/wp-json\/wp\/v2\/categories?post=7148"},{"taxonomy":"post_tag","embeddable":true,"href":"https:\/\/www.brenne-au-coeur.com\/index.php\/wp-json\/wp\/v2\/tags?post=7148"}],"curies":[{"name":"wp","href":"https:\/\/api.w.org\/{rel}","templated":true}]}}